{"id":30737,"date":"2022-03-18T13:11:43","date_gmt":"2022-03-18T16:11:43","guid":{"rendered":"https:\/\/atecordoba.org\/?p=30737"},"modified":"2022-03-18T13:13:24","modified_gmt":"2022-03-18T16:13:24","slug":"adelia-maria-30-de-aumento-salarial-para-el-primer-semestre","status":"publish","type":"post","link":"https:\/\/atecordoba.org\/?p=30737","title":{"rendered":"Adelia Mar\u00eda: 30% de aumento salarial para el primer semestre"},"content":{"rendered":"\n<figure class=\"wp-block-gallery columns-3 is-cropped wp-block-gallery-1 is-layout-flex wp-block-gallery-is-layout-flex\"><ul class=\"blocks-gallery-grid\"><li class=\"blocks-gallery-item\"><figure><a href=\"https:\/\/atecordoba.org\/wp-content\/uploads\/2022\/03\/18_03_Adelia_Maria-1024x576.jpeg\"><img loading=\"lazy\" decoding=\"async\" width=\"1024\" height=\"576\" src=\"https:\/\/atecordoba.org\/wp-content\/uploads\/2022\/03\/18_03_Adelia_Maria-1024x576.jpeg\" alt=\"\" data-id=\"30741\" data-link=\"https:\/\/atecordoba.org\/?attachment_id=30741\" class=\"wp-image-30741\" srcset=\"https:\/\/atecordoba.org\/wp-content\/uploads\/2022\/03\/18_03_Adelia_Maria-1024x576.jpeg 1024w, https:\/\/atecordoba.org\/wp-content\/uploads\/2022\/03\/18_03_Adelia_Maria-300x169.jpeg 300w, https:\/\/atecordoba.org\/wp-content\/uploads\/2022\/03\/18_03_Adelia_Maria-768x432.jpeg 768w, https:\/\/atecordoba.org\/wp-content\/uploads\/2022\/03\/18_03_Adelia_Maria-750x422.jpeg 750w, https:\/\/atecordoba.org\/wp-content\/uploads\/2022\/03\/18_03_Adelia_Maria-1140x641.jpeg 1140w, https:\/\/atecordoba.org\/wp-content\/uploads\/2022\/03\/18_03_Adelia_Maria.jpeg 1280w\" sizes=\"auto, (max-width: 1024px) 100vw, 1024px\" \/><\/a><\/figure><\/li><li class=\"blocks-gallery-item\"><figure><a href=\"https:\/\/atecordoba.org\/wp-content\/uploads\/2022\/03\/18_03_Adelia_Maria_Acuerdo-1.jpeg\"><img loading=\"lazy\" decoding=\"async\" width=\"768\" height=\"1024\" src=\"https:\/\/atecordoba.org\/wp-content\/uploads\/2022\/03\/18_03_Adelia_Maria_Acuerdo-1-768x1024.jpeg\" alt=\"\" data-id=\"30743\" data-full-url=\"https:\/\/atecordoba.org\/wp-content\/uploads\/2022\/03\/18_03_Adelia_Maria_Acuerdo-1.jpeg\" data-link=\"https:\/\/atecordoba.org\/?attachment_id=30743\" class=\"wp-image-30743\" srcset=\"https:\/\/atecordoba.org\/wp-content\/uploads\/2022\/03\/18_03_Adelia_Maria_Acuerdo-1-768x1024.jpeg 768w, https:\/\/atecordoba.org\/wp-content\/uploads\/2022\/03\/18_03_Adelia_Maria_Acuerdo-1-225x300.jpeg 225w, https:\/\/atecordoba.org\/wp-content\/uploads\/2022\/03\/18_03_Adelia_Maria_Acuerdo-1-1152x1536.jpeg 1152w, https:\/\/atecordoba.org\/wp-content\/uploads\/2022\/03\/18_03_Adelia_Maria_Acuerdo-1-750x1000.jpeg 750w, https:\/\/atecordoba.org\/wp-content\/uploads\/2022\/03\/18_03_Adelia_Maria_Acuerdo-1-1140x1520.jpeg 1140w, https:\/\/atecordoba.org\/wp-content\/uploads\/2022\/03\/18_03_Adelia_Maria_Acuerdo-1.jpeg 1200w\" sizes=\"auto, (max-width: 768px) 100vw, 768px\" \/><\/a><\/figure><\/li><li class=\"blocks-gallery-item\"><figure><a href=\"https:\/\/atecordoba.org\/wp-content\/uploads\/2022\/03\/Adelia-Maria-1.jpeg\"><img loading=\"lazy\" decoding=\"async\" width=\"1024\" height=\"576\" src=\"https:\/\/atecordoba.org\/wp-content\/uploads\/2022\/03\/Adelia-Maria-1-1024x576.jpeg\" alt=\"\" data-id=\"30745\" data-full-url=\"https:\/\/atecordoba.org\/wp-content\/uploads\/2022\/03\/Adelia-Maria-1.jpeg\" data-link=\"https:\/\/atecordoba.org\/?attachment_id=30745\" class=\"wp-image-30745\" srcset=\"https:\/\/atecordoba.org\/wp-content\/uploads\/2022\/03\/Adelia-Maria-1-1024x576.jpeg 1024w, https:\/\/atecordoba.org\/wp-content\/uploads\/2022\/03\/Adelia-Maria-1-300x169.jpeg 300w, https:\/\/atecordoba.org\/wp-content\/uploads\/2022\/03\/Adelia-Maria-1-768x432.jpeg 768w, https:\/\/atecordoba.org\/wp-content\/uploads\/2022\/03\/Adelia-Maria-1-750x422.jpeg 750w, https:\/\/atecordoba.org\/wp-content\/uploads\/2022\/03\/Adelia-Maria-1-1140x641.jpeg 1140w, https:\/\/atecordoba.org\/wp-content\/uploads\/2022\/03\/Adelia-Maria-1.jpeg 1280w\" sizes=\"auto, (max-width: 1024px) 100vw, 1024px\" \/><\/a><\/figure><\/li><\/ul><\/figure>\n\n\n\n<p>En una audiencia realizada el pasado 16 de marzo, ATE acord\u00f3 con la Municipalidad de Adelia Mar\u00eda una recomposici\u00f3n salarial del 30% acumulativo para el primer semestre de 2022.<\/p>\n\n\n\n<p>En funci\u00f3n de lo acordado, el Ejecutivo municipal pagar\u00e1 en aumento salarial en dos tramos de 15% con los haberes de abril y otro 15% en junio.<\/p>\n\n\n\n<p>En la oportunidad, estuvo presentes para la firma del acta el intendente Jorge Fabi\u00e1n Marino, en tanto  ATE estuvo representado por el secretario General de la seccional Adelia Mar\u00eda, Diego Villegas, junto a la delegada Agustina Ira\u00f1eta y el delegado Carlos Montero.<\/p>\n\n\n\n<p>El acuerdo incluye, adem\u00e1s las recategorizaciones pendientes del personal y la provisi\u00f3n de la Municipalidad de la muda de ropa de trabajo para el invierno. <\/p>\n\n\n\n<p>Por ultimo, se fijo fecha para una nueva reuni\u00f3n en le mes de agosto, donde se evaluar\u00e1 la situaci\u00f3n salarial y se tratar\u00e1n los pases a planta permanente de las y los trabajadores que as\u00ed les corresponda.<\/p>\n","protected":false},"excerpt":{"rendered":"<p>En una audiencia realizada el pasado 16 de marzo, ATE acord\u00f3 con la Municipalidad de Adelia Mar\u00eda una recomposici\u00f3n salarial del 30% acumulativo para el primer semestre de 2022. En funci\u00f3n de lo acordado, el Ejecutivo municipal pagar\u00e1 en aumento salarial en dos tramos de 15% con los haberes de abril y otro 15% en [&hellip;]<\/p>\n","protected":false},"author":7,"featured_media":30742,"comment_status":"open","ping_status":"open","sticky":false,"template":"","format":"standard","meta":{"_exactmetrics_skip_tracking":false,"_exactmetrics_sitenote_active":false,"_exactmetrics_sitenote_note":"","_exactmetrics_sitenote_category":0,"jnews-multi-image_gallery":[],"jnews_single_post":{"subtitle":"El acuerdo supone el pago del aumento con los haberes de abril y junio, 15% cada cuota, y tiene car\u00e1cter acumulativo. Tambi\u00e9n se acordaron recategorizaciones y la provisi\u00f3n de muda de ropa par invierno. ","format":"standard","video":"","gallery":"","source_name":"","source_url":"","via_name":"","via_url":"","override":[{"template":"1","single_blog_custom":"","parallax":"1","fullscreen":"1","layout":"right-sidebar","sidebar":"default-sidebar","second_sidebar":"default-sidebar","sticky_sidebar":"1","share_position":"top","share_float_style":"share-monocrhome","show_share_counter":"1","show_view_counter":"1","show_featured":"1","show_post_meta":"1","show_post_author":"1","show_post_author_image":"1","show_post_date":"1","post_date_format":"default","post_date_format_custom":"Y\/m\/d","show_post_category":"1","post_reading_time_wpm":"300","zoom_button_out_step":"2","zoom_button_in_step":"3","show_post_tag":"1","show_prev_next_post":"1","show_popup_post":"1","number_popup_post":"1"}],"image_override":[{"single_post_thumbnail_size":"crop-500","single_post_gallery_size":"crop-500"}],"trending_post_position":"meta","trending_post_label":"Trending","sponsored_post_label":"Sponsored by","sponsored_post_name":"","sponsored_post_url":"","sponsored_post_logo":"","sponsored_post_desc":""},"jnews_primary_category":{"id":""},"jnews_social_meta":[],"jnews_review":[],"enable_review":"","type":"","name":"","summary":"","brand":"","sku":"","good":[],"bad":[],"score_override":"","override_value":"","rating":[],"price":[],"jnews_override_counter":[],"jnews_post_split":[],"footnotes":""},"categories":[149,20],"tags":[666],"class_list":["post-30737","post","type-post","status-publish","format-standard","has-post-thumbnail","hentry","category-adelia-maria","category-municipales","tag-adelia-maria"],"jetpack_featured_media_url":"https:\/\/atecordoba.org\/wp-content\/uploads\/2022\/03\/Adelia-Maria-e1647619893929.jpeg","_links":{"self":[{"href":"https:\/\/atecordoba.org\/index.php?rest_route=\/wp\/v2\/posts\/30737","targetHints":{"allow":["GET"]}}],"collection":[{"href":"https:\/\/atecordoba.org\/index.php?rest_route=\/wp\/v2\/posts"}],"about":[{"href":"https:\/\/atecordoba.org\/index.php?rest_route=\/wp\/v2\/types\/post"}],"author":[{"embeddable":true,"href":"https:\/\/atecordoba.org\/index.php?rest_route=\/wp\/v2\/users\/7"}],"replies":[{"embeddable":true,"href":"https:\/\/atecordoba.org\/index.php?rest_route=%2Fwp%2Fv2%2Fcomments&post=30737"}],"version-history":[{"count":1,"href":"https:\/\/atecordoba.org\/index.php?rest_route=\/wp\/v2\/posts\/30737\/revisions"}],"predecessor-version":[{"id":30746,"href":"https:\/\/atecordoba.org\/index.php?rest_route=\/wp\/v2\/posts\/30737\/revisions\/30746"}],"wp:featuredmedia":[{"embeddable":true,"href":"https:\/\/atecordoba.org\/index.php?rest_route=\/wp\/v2\/media\/30742"}],"wp:attachment":[{"href":"https:\/\/atecordoba.org\/index.php?rest_route=%2Fwp%2Fv2%2Fmedia&parent=30737"}],"wp:term":[{"taxonomy":"category","embeddable":true,"href":"https:\/\/atecordoba.org\/index.php?rest_route=%2Fwp%2Fv2%2Fcategories&post=30737"},{"taxonomy":"post_tag","embeddable":true,"href":"https:\/\/atecordoba.org\/index.php?rest_route=%2Fwp%2Fv2%2Ftags&post=30737"}],"curies":[{"name":"wp","href":"https:\/\/api.w.org\/{rel}","templated":true}]}}