{"id":30726,"date":"2022-03-18T12:55:14","date_gmt":"2022-03-18T15:55:14","guid":{"rendered":"https:\/\/atecordoba.org\/?p=30726"},"modified":"2022-03-18T12:55:28","modified_gmt":"2022-03-18T15:55:28","slug":"ingreso-ate-indec-fijo-la-canasta-familiar-en-124905-para-la-region-centro","status":"publish","type":"post","link":"https:\/\/atecordoba.org\/?p=30726","title":{"rendered":"Ingreso: ATE INDEC fij\u00f3 la canasta familiar en $124905 para la Regi\u00f3n Centro"},"content":{"rendered":"\n<div class=\"wp-block-image\"><figure class=\"alignleft size-large is-resized\"><img loading=\"lazy\" decoding=\"async\" src=\"https:\/\/atecordoba.org\/wp-content\/uploads\/2022\/03\/IMG-20220317-WA0072-1.jpg\" alt=\"\" class=\"wp-image-30738\" width=\"445\" height=\"369\" \/><\/figure><\/div>\n\n\n\n<p>Un informe de la Junta Interna de ATE INDECdifundi\u00f3 ayer cu\u00e1nto debe alcanzar la &#8216;canasta de consumos m\u00ednimo&#8217; por familia tipo para cubrir las necesidades mensuales en funci\u00f3n del dato del IPC, que en febrero pasado fue de 4,7% para la variaci\u00f3n de precios respecto a enero (la segunda m\u00e1s alta en los \u00faltimos doce meses) y de 52,3% para la variaci\u00f3n de precios interanual.<\/p>\n\n\n\n<p>Desde ATE INDEC se realiza este seguimiento de costos para facilitar una herramienta a las y los paritarios de nuestro gremio, como el de otros que lo quieran tomar para exigir la pronta apertura de la mesa paritaria.<\/p>\n\n\n\n<p>En tal sentido, para la denominada zona centro o zona pampeana que incluye C\u00f3rdoba, un hogar constituido por una pareja de 35 a\u00f1os con dos hijes en edad escolar necesit\u00f3, en enero de 2022, de $ 124905 para satisfacer sus necesidades. Este valor se compone de $ 44.095- necesarios para adquirir una Canasta Alimentaria M\u00ednima y de $ 80.811- para acceder a otros bienes y servicios b\u00e1sicos.<\/p>\n\n\n\n<p>&#8220;Es necesario recuperar el poder de compra perdido en los \u00faltimos a\u00f1os de nuestros salarios, atento que el poder adquisitivo de nuestro salario, tomando como base a nuestro caso testigo el Nivel D Grado 0 del SINEP, desde diciembre del 2015 es de un 36,7%&#8221;, resumen las y los trabajadores de la agencia de estad\u00edsticas oficial.<\/p>\n\n\n\n<p><\/p>\n","protected":false},"excerpt":{"rendered":"<p>Un informe de la Junta Interna de ATE INDECdifundi\u00f3 ayer cu\u00e1nto debe alcanzar la &#8216;canasta de consumos m\u00ednimo&#8217; por familia tipo para cubrir las necesidades mensuales en funci\u00f3n del dato del IPC, que en febrero pasado fue de 4,7% para la variaci\u00f3n de precios respecto a enero (la segunda m\u00e1s alta en los \u00faltimos doce [&hellip;]<\/p>\n","protected":false},"author":7,"featured_media":30738,"comment_status":"open","ping_status":"open","sticky":false,"template":"","format":"standard","meta":{"_exactmetrics_skip_tracking":false,"_exactmetrics_sitenote_active":false,"_exactmetrics_sitenote_note":"","_exactmetrics_sitenote_category":0,"jnews-multi-image_gallery":[],"jnews_single_post":{"subtitle":"Este valor se compone de $ 44.095 necesarios para adquirir una Canasta Alimentaria M\u00ednima y de $ 80.811 para otros bienes y servicios b\u00e1sicos.","format":"standard","video":"","gallery":"","source_name":"","source_url":"","via_name":"","via_url":"","override":[{"template":"1","single_blog_custom":"","parallax":"1","fullscreen":"1","layout":"right-sidebar","sidebar":"default-sidebar","second_sidebar":"default-sidebar","sticky_sidebar":"1","share_position":"top","share_float_style":"share-monocrhome","show_share_counter":"1","show_view_counter":"1","show_featured":"1","show_post_meta":"1","show_post_author":"1","show_post_author_image":"1","show_post_date":"1","post_date_format":"default","post_date_format_custom":"Y\/m\/d","show_post_category":"1","post_reading_time_wpm":"300","zoom_button_out_step":"2","zoom_button_in_step":"3","show_post_tag":"1","show_prev_next_post":"1","show_popup_post":"1","number_popup_post":"1"}],"image_override":[{"single_post_thumbnail_size":"crop-500","single_post_gallery_size":"crop-500"}],"trending_post_position":"meta","trending_post_label":"Trending","sponsored_post_label":"Sponsored by","sponsored_post_name":"","sponsored_post_url":"","sponsored_post_logo":"","sponsored_post_desc":""},"jnews_primary_category":{"id":""},"jnews_social_meta":[],"jnews_review":[],"enable_review":"","type":"","name":"","summary":"","brand":"","sku":"","good":[],"bad":[],"score_override":"","override_value":"","rating":[],"price":[],"jnews_override_counter":[],"jnews_post_split":[],"footnotes":""},"categories":[10],"tags":[848],"class_list":["post-30726","post","type-post","status-publish","format-standard","has-post-thumbnail","hentry","category-accion-politica","tag-ate-indec-2"],"jetpack_featured_media_url":"https:\/\/atecordoba.org\/wp-content\/uploads\/2022\/03\/IMG-20220317-WA0072-1-e1647618631574.jpg","_links":{"self":[{"href":"https:\/\/atecordoba.org\/index.php?rest_route=\/wp\/v2\/posts\/30726","targetHints":{"allow":["GET"]}}],"collection":[{"href":"https:\/\/atecordoba.org\/index.php?rest_route=\/wp\/v2\/posts"}],"about":[{"href":"https:\/\/atecordoba.org\/index.php?rest_route=\/wp\/v2\/types\/post"}],"author":[{"embeddable":true,"href":"https:\/\/atecordoba.org\/index.php?rest_route=\/wp\/v2\/users\/7"}],"replies":[{"embeddable":true,"href":"https:\/\/atecordoba.org\/index.php?rest_route=%2Fwp%2Fv2%2Fcomments&post=30726"}],"version-history":[{"count":1,"href":"https:\/\/atecordoba.org\/index.php?rest_route=\/wp\/v2\/posts\/30726\/revisions"}],"predecessor-version":[{"id":30739,"href":"https:\/\/atecordoba.org\/index.php?rest_route=\/wp\/v2\/posts\/30726\/revisions\/30739"}],"wp:featuredmedia":[{"embeddable":true,"href":"https:\/\/atecordoba.org\/index.php?rest_route=\/wp\/v2\/media\/30738"}],"wp:attachment":[{"href":"https:\/\/atecordoba.org\/index.php?rest_route=%2Fwp%2Fv2%2Fmedia&parent=30726"}],"wp:term":[{"taxonomy":"category","embeddable":true,"href":"https:\/\/atecordoba.org\/index.php?rest_route=%2Fwp%2Fv2%2Fcategories&post=30726"},{"taxonomy":"post_tag","embeddable":true,"href":"https:\/\/atecordoba.org\/index.php?rest_route=%2Fwp%2Fv2%2Ftags&post=30726"}],"curies":[{"name":"wp","href":"https:\/\/api.w.org\/{rel}","templated":true}]}}