{"id":30722,"date":"2022-03-18T11:06:24","date_gmt":"2022-03-18T14:06:24","guid":{"rendered":"https:\/\/atecordoba.org\/?p=30722"},"modified":"2022-03-18T12:38:27","modified_gmt":"2022-03-18T15:38:27","slug":"san-francisco-ate-pidio-la-convocatoria-a-paritarias","status":"publish","type":"post","link":"https:\/\/atecordoba.org\/?p=30722","title":{"rendered":"San Francisco: ATE pidi\u00f3 la convocatoria a paritarias"},"content":{"rendered":"\n<div class=\"wp-block-image\"><figure class=\"aligncenter size-large\"><img decoding=\"async\" src=\"https:\/\/atecordoba.org\/wp-content\/uploads\/2022\/03\/municipalidadsanfrancisco.jpg\" alt=\"\" class=\"wp-image-30723\" \/><\/figure><\/div>\n\n\n\n<p>Con una nota dirigida al intendente de San Francisco, Dami\u00e1n Bernarte, ATE San Justo solicit\u00f3 que el ejecutivo municipal convoque a la mesa salarial en la ciudad para abordar la finalizaci\u00f3n de la paritaria 2021 y la apertura de la correspondiente al 2022.<\/p>\n\n\n\n<p>Con la firma del secretario Gremial de la seccional, Cristian Gudi\u00f1o, la nota requiere la convocatoria ante el atraso salarial que muestra la paritaria 2021 respecto a la inflaci\u00f3n interanual.<\/p>\n\n\n\n<p>De la misma forma, nuestro gremio plante\u00f3 que debe comenzar al discutirse la paritaria 2022, al igual que en el resto de los municipios de la provincia.<\/p>\n\n\n\n<p><strong>Colonia Marina<\/strong><\/p>\n\n\n\n<figure class=\"wp-block-gallery aligncenter columns-2 is-cropped wp-block-gallery-1 is-layout-flex wp-block-gallery-is-layout-flex\"><ul class=\"blocks-gallery-grid\"><li class=\"blocks-gallery-item\"><figure><a href=\"https:\/\/atecordoba.org\/wp-content\/uploads\/2022\/03\/colonia-marina.jpg\"><img loading=\"lazy\" decoding=\"async\" width=\"720\" height=\"777\" src=\"https:\/\/atecordoba.org\/wp-content\/uploads\/2022\/03\/colonia-marina.jpg\" alt=\"\" data-id=\"30728\" data-full-url=\"https:\/\/atecordoba.org\/wp-content\/uploads\/2022\/03\/colonia-marina.jpg\" data-link=\"https:\/\/atecordoba.org\/?attachment_id=30728\" class=\"wp-image-30728\" srcset=\"https:\/\/atecordoba.org\/wp-content\/uploads\/2022\/03\/colonia-marina.jpg 720w, https:\/\/atecordoba.org\/wp-content\/uploads\/2022\/03\/colonia-marina-278x300.jpg 278w\" sizes=\"auto, (max-width: 720px) 100vw, 720px\" \/><\/a><\/figure><\/li><li class=\"blocks-gallery-item\"><figure><a href=\"https:\/\/atecordoba.org\/wp-content\/uploads\/2022\/03\/municipales-colonia-marina.jpg\"><img loading=\"lazy\" decoding=\"async\" width=\"720\" height=\"510\" src=\"https:\/\/atecordoba.org\/wp-content\/uploads\/2022\/03\/municipales-colonia-marina.jpg\" alt=\"\" data-id=\"30729\" data-full-url=\"https:\/\/atecordoba.org\/wp-content\/uploads\/2022\/03\/municipales-colonia-marina.jpg\" data-link=\"https:\/\/atecordoba.org\/?attachment_id=30729\" class=\"wp-image-30729\" srcset=\"https:\/\/atecordoba.org\/wp-content\/uploads\/2022\/03\/municipales-colonia-marina.jpg 720w, https:\/\/atecordoba.org\/wp-content\/uploads\/2022\/03\/municipales-colonia-marina-300x213.jpg 300w, https:\/\/atecordoba.org\/wp-content\/uploads\/2022\/03\/municipales-colonia-marina-120x86.jpg 120w\" sizes=\"auto, (max-width: 720px) 100vw, 720px\" \/><\/a><\/figure><\/li><\/ul><\/figure>\n\n\n\n<p>En reuni\u00f3n con las autoridades de gobierno de la comuna de Colonia Marina se dej\u00f3 abierta la mesa salarial para los aumentos del 2022. La agenda a abordar incluye el pase a planta permanente, contrato y recategorizaci\u00f3n del personal municipal, junto a un urgente aumento salarial, dada la escalada inflacionaria que golpe el bolsillo de las y los trabajadores estatales.<\/p>\n\n\n\n<p><strong>Aumento salarial en Devoto<\/strong><\/p>\n\n\n\n<figure class=\"wp-block-gallery columns-3 is-cropped wp-block-gallery-2 is-layout-flex wp-block-gallery-is-layout-flex\"><ul class=\"blocks-gallery-grid\"><li class=\"blocks-gallery-item\"><figure><a href=\"https:\/\/atecordoba.org\/wp-content\/uploads\/2022\/03\/276124971_389044289887706_7608039274673573631_n.jpg\"><img loading=\"lazy\" decoding=\"async\" width=\"960\" height=\"540\" src=\"https:\/\/atecordoba.org\/wp-content\/uploads\/2022\/03\/276124971_389044289887706_7608039274673573631_n.jpg\" alt=\"\" data-id=\"30730\" data-full-url=\"https:\/\/atecordoba.org\/wp-content\/uploads\/2022\/03\/276124971_389044289887706_7608039274673573631_n.jpg\" data-link=\"https:\/\/atecordoba.org\/?attachment_id=30730\" class=\"wp-image-30730\" srcset=\"https:\/\/atecordoba.org\/wp-content\/uploads\/2022\/03\/276124971_389044289887706_7608039274673573631_n.jpg 960w, https:\/\/atecordoba.org\/wp-content\/uploads\/2022\/03\/276124971_389044289887706_7608039274673573631_n-300x169.jpg 300w, https:\/\/atecordoba.org\/wp-content\/uploads\/2022\/03\/276124971_389044289887706_7608039274673573631_n-768x432.jpg 768w, https:\/\/atecordoba.org\/wp-content\/uploads\/2022\/03\/276124971_389044289887706_7608039274673573631_n-750x422.jpg 750w\" sizes=\"auto, (max-width: 960px) 100vw, 960px\" \/><\/a><\/figure><\/li><li class=\"blocks-gallery-item\"><figure><a href=\"https:\/\/atecordoba.org\/wp-content\/uploads\/2022\/03\/devoto.jpg\"><img loading=\"lazy\" decoding=\"async\" width=\"960\" height=\"720\" src=\"https:\/\/atecordoba.org\/wp-content\/uploads\/2022\/03\/devoto.jpg\" alt=\"\" data-id=\"30731\" data-full-url=\"https:\/\/atecordoba.org\/wp-content\/uploads\/2022\/03\/devoto.jpg\" data-link=\"https:\/\/atecordoba.org\/?attachment_id=30731\" class=\"wp-image-30731\" srcset=\"https:\/\/atecordoba.org\/wp-content\/uploads\/2022\/03\/devoto.jpg 960w, https:\/\/atecordoba.org\/wp-content\/uploads\/2022\/03\/devoto-300x225.jpg 300w, https:\/\/atecordoba.org\/wp-content\/uploads\/2022\/03\/devoto-768x576.jpg 768w, https:\/\/atecordoba.org\/wp-content\/uploads\/2022\/03\/devoto-750x563.jpg 750w\" sizes=\"auto, (max-width: 960px) 100vw, 960px\" \/><\/a><\/figure><\/li><li class=\"blocks-gallery-item\"><figure><a href=\"https:\/\/atecordoba.org\/wp-content\/uploads\/2022\/03\/275965856_389044449887690_995918827886768634_n.jpg\"><img loading=\"lazy\" decoding=\"async\" width=\"720\" height=\"960\" src=\"https:\/\/atecordoba.org\/wp-content\/uploads\/2022\/03\/275965856_389044449887690_995918827886768634_n.jpg\" alt=\"\" data-id=\"30732\" data-full-url=\"https:\/\/atecordoba.org\/wp-content\/uploads\/2022\/03\/275965856_389044449887690_995918827886768634_n.jpg\" data-link=\"https:\/\/atecordoba.org\/?attachment_id=30732\" class=\"wp-image-30732\" srcset=\"https:\/\/atecordoba.org\/wp-content\/uploads\/2022\/03\/275965856_389044449887690_995918827886768634_n.jpg 720w, https:\/\/atecordoba.org\/wp-content\/uploads\/2022\/03\/275965856_389044449887690_995918827886768634_n-225x300.jpg 225w\" sizes=\"auto, (max-width: 720px) 100vw, 720px\" \/><\/a><\/figure><\/li><\/ul><\/figure>\n\n\n\n<p>Por otro lado, en asamblea informativa realizada ayer en dependencias municipales de la localidad de Devoto, el secretario General de la seccional ATE, Dar\u00edo Paredes, y la secretaria Adjunta, Florencia Lucero, se inform\u00f3 a las y los compa\u00f1eros el resultado de la negociaci\u00f3n salarial llevada adelante con el Ejecutivo comunal.<\/p>\n\n\n\n<p>Conforme lo pactado, las y los municipales recibir\u00e1n una recomposici\u00f3n del 28% para el primer semestre del a\u00f1o, a pagar 12% con los haberes de marzo, un 8% en mayo y un 8% julio.<\/p>\n\n\n\n<p>Al mismo tiempo, se dej\u00f3 fijado en compromiso de reabrir la mesa de negociaci\u00f3n salarial en julio.<\/p>\n\n\n\n<p><strong>M\u00e1s afiliados en Santiago Temple<\/strong><\/p>\n\n\n\n<figure class=\"wp-block-gallery columns-3 is-cropped wp-block-gallery-3 is-layout-flex wp-block-gallery-is-layout-flex\"><ul class=\"blocks-gallery-grid\"><li class=\"blocks-gallery-item\"><figure><a href=\"https:\/\/atecordoba.org\/wp-content\/uploads\/2022\/03\/asambleasantiagotemple2.jpg\"><img loading=\"lazy\" decoding=\"async\" width=\"960\" height=\"720\" src=\"https:\/\/atecordoba.org\/wp-content\/uploads\/2022\/03\/asambleasantiagotemple2.jpg\" alt=\"\" data-id=\"30733\" data-full-url=\"https:\/\/atecordoba.org\/wp-content\/uploads\/2022\/03\/asambleasantiagotemple2.jpg\" data-link=\"https:\/\/atecordoba.org\/?attachment_id=30733\" class=\"wp-image-30733\" srcset=\"https:\/\/atecordoba.org\/wp-content\/uploads\/2022\/03\/asambleasantiagotemple2.jpg 960w, https:\/\/atecordoba.org\/wp-content\/uploads\/2022\/03\/asambleasantiagotemple2-300x225.jpg 300w, https:\/\/atecordoba.org\/wp-content\/uploads\/2022\/03\/asambleasantiagotemple2-768x576.jpg 768w, https:\/\/atecordoba.org\/wp-content\/uploads\/2022\/03\/asambleasantiagotemple2-750x563.jpg 750w\" sizes=\"auto, (max-width: 960px) 100vw, 960px\" \/><\/a><\/figure><\/li><li class=\"blocks-gallery-item\"><figure><a href=\"https:\/\/atecordoba.org\/wp-content\/uploads\/2022\/03\/paredesylucero.jpg\"><img loading=\"lazy\" decoding=\"async\" width=\"960\" height=\"540\" src=\"https:\/\/atecordoba.org\/wp-content\/uploads\/2022\/03\/paredesylucero.jpg\" alt=\"\" data-id=\"30734\" data-full-url=\"https:\/\/atecordoba.org\/wp-content\/uploads\/2022\/03\/paredesylucero.jpg\" data-link=\"https:\/\/atecordoba.org\/?attachment_id=30734\" class=\"wp-image-30734\" srcset=\"https:\/\/atecordoba.org\/wp-content\/uploads\/2022\/03\/paredesylucero.jpg 960w, https:\/\/atecordoba.org\/wp-content\/uploads\/2022\/03\/paredesylucero-300x169.jpg 300w, https:\/\/atecordoba.org\/wp-content\/uploads\/2022\/03\/paredesylucero-768x432.jpg 768w, https:\/\/atecordoba.org\/wp-content\/uploads\/2022\/03\/paredesylucero-750x422.jpg 750w\" sizes=\"auto, (max-width: 960px) 100vw, 960px\" \/><\/a><\/figure><\/li><li class=\"blocks-gallery-item\"><figure><a href=\"https:\/\/atecordoba.org\/wp-content\/uploads\/2022\/03\/asambleasantiagotemple.jpg\"><img loading=\"lazy\" decoding=\"async\" width=\"720\" height=\"960\" src=\"https:\/\/atecordoba.org\/wp-content\/uploads\/2022\/03\/asambleasantiagotemple.jpg\" alt=\"\" data-id=\"30735\" data-full-url=\"https:\/\/atecordoba.org\/wp-content\/uploads\/2022\/03\/asambleasantiagotemple.jpg\" data-link=\"https:\/\/atecordoba.org\/?attachment_id=30735\" class=\"wp-image-30735\" srcset=\"https:\/\/atecordoba.org\/wp-content\/uploads\/2022\/03\/asambleasantiagotemple.jpg 720w, https:\/\/atecordoba.org\/wp-content\/uploads\/2022\/03\/asambleasantiagotemple-225x300.jpg 225w\" sizes=\"auto, (max-width: 720px) 100vw, 720px\" \/><\/a><\/figure><\/li><\/ul><\/figure>\n\n\n\n<p>Ayer, ATE San Justo anunci\u00f3 se sumaron nuevos afiliados en la localidad de Santiago Temple.<\/p>\n\n\n\n<p>En ese marco, se llev\u00f3 a cabo una reuni\u00f3n con un grupo de las y los municipales de la localidad, donde estuvo el secretario General de la seccional, Dar\u00edo Paredes, y su par Adjunta, Florencia Lucero.<\/p>\n\n\n\n<p>\u201cVamos a comenzar un camino juntos en lo salarial, las recategorizaciones y, sobre todo, que el representante sindical lleve al Ejecutivo municipal la propuesta consensuada entre nuestro gremio y los trabajadores\u201d, dijo Paredes.<\/p>\n\n\n\n<p><\/p>\n","protected":false},"excerpt":{"rendered":"<p>Con una nota dirigida al intendente de San Francisco, Dami\u00e1n Bernarte, ATE San Justo solicit\u00f3 que el ejecutivo municipal convoque a la mesa salarial en la ciudad para abordar la finalizaci\u00f3n de la paritaria 2021 y la apertura de la correspondiente al 2022. Con la firma del secretario Gremial de la seccional, Cristian Gudi\u00f1o, la [&hellip;]<\/p>\n","protected":false},"author":7,"featured_media":30723,"comment_status":"open","ping_status":"open","sticky":false,"template":"","format":"standard","meta":{"_exactmetrics_skip_tracking":false,"_exactmetrics_sitenote_active":false,"_exactmetrics_sitenote_note":"","_exactmetrics_sitenote_category":0,"jnews-multi-image_gallery":[],"jnews_single_post":{"subtitle":"La seccional plantea reforzar la finalizaci\u00f3n de la paritaria 2021 y comenzar a discutir la correspondiente a 2022. Adem\u00e1s, se realizaron gestiones en Colonia Marina, Devoto y Santiago Temple. ","format":"standard","video":"","gallery":"","source_name":"","source_url":"","via_name":"","via_url":"","override":[{"template":"1","single_blog_custom":"","parallax":"1","fullscreen":"1","layout":"right-sidebar","sidebar":"default-sidebar","second_sidebar":"default-sidebar","sticky_sidebar":"1","share_position":"top","share_float_style":"share-monocrhome","show_share_counter":"1","show_view_counter":"1","show_featured":"1","show_post_meta":"1","show_post_author":"1","show_post_author_image":"1","show_post_date":"1","post_date_format":"default","post_date_format_custom":"Y\/m\/d","show_post_category":"1","post_reading_time_wpm":"300","zoom_button_out_step":"2","zoom_button_in_step":"3","show_post_tag":"1","show_prev_next_post":"1","show_popup_post":"1","number_popup_post":"1"}],"image_override":[{"single_post_thumbnail_size":"crop-500","single_post_gallery_size":"crop-500"}],"trending_post_position":"meta","trending_post_label":"Trending","sponsored_post_label":"Sponsored by","sponsored_post_name":"","sponsored_post_url":"","sponsored_post_logo":"","sponsored_post_desc":""},"jnews_primary_category":{"id":""},"jnews_social_meta":[],"jnews_review":[],"enable_review":"","type":"","name":"","summary":"","brand":"","sku":"","good":[],"bad":[],"score_override":"","override_value":"","rating":[],"price":[],"jnews_override_counter":[],"jnews_post_split":[],"footnotes":""},"categories":[20,148],"tags":[482],"class_list":["post-30722","post","type-post","status-publish","format-standard","has-post-thumbnail","hentry","category-municipales","category-san-justo","tag-municipalidad-de-san-francisco"],"jetpack_featured_media_url":"https:\/\/atecordoba.org\/wp-content\/uploads\/2022\/03\/municipalidadsanfrancisco-e1647612352736.jpg","_links":{"self":[{"href":"https:\/\/atecordoba.org\/index.php?rest_route=\/wp\/v2\/posts\/30722","targetHints":{"allow":["GET"]}}],"collection":[{"href":"https:\/\/atecordoba.org\/index.php?rest_route=\/wp\/v2\/posts"}],"about":[{"href":"https:\/\/atecordoba.org\/index.php?rest_route=\/wp\/v2\/types\/post"}],"author":[{"embeddable":true,"href":"https:\/\/atecordoba.org\/index.php?rest_route=\/wp\/v2\/users\/7"}],"replies":[{"embeddable":true,"href":"https:\/\/atecordoba.org\/index.php?rest_route=%2Fwp%2Fv2%2Fcomments&post=30722"}],"version-history":[{"count":2,"href":"https:\/\/atecordoba.org\/index.php?rest_route=\/wp\/v2\/posts\/30722\/revisions"}],"predecessor-version":[{"id":30736,"href":"https:\/\/atecordoba.org\/index.php?rest_route=\/wp\/v2\/posts\/30722\/revisions\/30736"}],"wp:featuredmedia":[{"embeddable":true,"href":"https:\/\/atecordoba.org\/index.php?rest_route=\/wp\/v2\/media\/30723"}],"wp:attachment":[{"href":"https:\/\/atecordoba.org\/index.php?rest_route=%2Fwp%2Fv2%2Fmedia&parent=30722"}],"wp:term":[{"taxonomy":"category","embeddable":true,"href":"https:\/\/atecordoba.org\/index.php?rest_route=%2Fwp%2Fv2%2Fcategories&post=30722"},{"taxonomy":"post_tag","embeddable":true,"href":"https:\/\/atecordoba.org\/index.php?rest_route=%2Fwp%2Fv2%2Ftags&post=30722"}],"curies":[{"name":"wp","href":"https:\/\/api.w.org\/{rel}","templated":true}]}}