{"id":30715,"date":"2022-03-18T10:45:37","date_gmt":"2022-03-18T13:45:37","guid":{"rendered":"https:\/\/atecordoba.org\/?p=30715"},"modified":"2022-03-18T10:55:14","modified_gmt":"2022-03-18T13:55:14","slug":"completar-la-primaria-estan-abiertas-las-inscripciones-en-la-escuela-atahualpa-yupanqui","status":"publish","type":"post","link":"https:\/\/atecordoba.org\/?p=30715","title":{"rendered":"Completar la primaria: est\u00e1n abiertas las inscripciones en la Escuela Atahualpa Yupanqui"},"content":{"rendered":"\n<div class=\"wp-block-image\"><figure class=\"alignright size-large is-resized\"><img loading=\"lazy\" decoding=\"async\" src=\"https:\/\/atecordoba.org\/wp-content\/uploads\/2022\/03\/FB_IMG_1647550989696-1024x1024.jpg\" alt=\"\" class=\"wp-image-30716\" width=\"512\" height=\"512\" \/><\/figure><\/div>\n\n\n\n<p>El pr\u00f3ximo martes 22 de marzo dar\u00e1 inicio de ciclo lectivo 2022 de la Escuela Atahualpa Yupanqui que funciona en el Centro de Jubilados de ATE C\u00f3rdoba, en la sede del Consejo Directivo Provincial  (CDP) Entre R\u00edos 450.<\/p>\n\n\n\n<p>Se trata de <a href=\"https:\/\/atecordoba.org\/?p=30515\">una iniciativa conjunta<\/a> de ATE y el centro educativo para mayores, en la habilitaci\u00f3n del Ministerio de Educaci\u00f3n de la Provincia, que otorgar\u00e1 titulo oficial al finalizar el curos.<\/p>\n\n\n\n<p>La clases se dictan martes, mi\u00e9rcoles y jueves de 14 a 17 horas y est\u00e1n dispuestas para las y los jubilados que sean afiliados del Centro de Jubilados. Para mayor informaci\u00f3n comunicarse con los tel\u00e9fonos 3516198526 \/ 3515424424<\/p>\n\n\n\n<p><\/p>\n","protected":false},"excerpt":{"rendered":"<p>El pr\u00f3ximo martes 22 de marzo dar\u00e1 inicio de ciclo lectivo 2022 de la Escuela Atahualpa Yupanqui que funciona en el Centro de Jubilados de ATE C\u00f3rdoba, en la sede del Consejo Directivo Provincial (CDP) Entre R\u00edos 450. Se trata de una iniciativa conjunta de ATE y el centro educativo para mayores, en la habilitaci\u00f3n [&hellip;]<\/p>\n","protected":false},"author":7,"featured_media":30716,"comment_status":"open","ping_status":"open","sticky":false,"template":"","format":"standard","meta":{"_exactmetrics_skip_tracking":false,"_exactmetrics_sitenote_active":false,"_exactmetrics_sitenote_note":"","_exactmetrics_sitenote_category":0,"jnews-multi-image_gallery":[],"jnews_single_post":{"subtitle":"SE tr5ata de una iniciativa de ATE para las y los jubilados que quieran completar su educaci\u00f3n inicial.","format":"standard","video":"","gallery":"","source_name":"","source_url":"","via_name":"","via_url":"","override":[{"template":"1","single_blog_custom":"","parallax":"1","fullscreen":"1","layout":"right-sidebar","sidebar":"default-sidebar","second_sidebar":"default-sidebar","sticky_sidebar":"1","share_position":"top","share_float_style":"share-monocrhome","show_share_counter":"1","show_view_counter":"1","show_featured":"1","show_post_meta":"1","show_post_author":"1","show_post_author_image":"1","show_post_date":"1","post_date_format":"default","post_date_format_custom":"Y\/m\/d","show_post_category":"1","post_reading_time_wpm":"300","zoom_button_out_step":"2","zoom_button_in_step":"3","show_post_tag":"1","show_prev_next_post":"1","show_popup_post":"1","number_popup_post":"1"}],"image_override":[{"single_post_thumbnail_size":"crop-500","single_post_gallery_size":"crop-500"}],"trending_post_position":"meta","trending_post_label":"Trending","sponsored_post_label":"Sponsored by","sponsored_post_name":"","sponsored_post_url":"","sponsored_post_logo":"","sponsored_post_desc":""},"jnews_primary_category":{"id":""},"jnews_social_meta":[],"jnews_review":[],"enable_review":"","type":"","name":"","summary":"","brand":"","sku":"","good":[],"bad":[],"score_override":"","override_value":"","rating":[],"price":[],"jnews_override_counter":[],"jnews_post_split":[],"footnotes":""},"categories":[22],"tags":[1048,1047],"class_list":["post-30715","post","type-post","status-publish","format-standard","has-post-thumbnail","hentry","category-jubilados","tag-completar-la-primera","tag-escuela-atahualpa-yupanqui"],"jetpack_featured_media_url":"https:\/\/atecordoba.org\/wp-content\/uploads\/2022\/03\/FB_IMG_1647550989696-e1647611129611.jpg","_links":{"self":[{"href":"https:\/\/atecordoba.org\/index.php?rest_route=\/wp\/v2\/posts\/30715","targetHints":{"allow":["GET"]}}],"collection":[{"href":"https:\/\/atecordoba.org\/index.php?rest_route=\/wp\/v2\/posts"}],"about":[{"href":"https:\/\/atecordoba.org\/index.php?rest_route=\/wp\/v2\/types\/post"}],"author":[{"embeddable":true,"href":"https:\/\/atecordoba.org\/index.php?rest_route=\/wp\/v2\/users\/7"}],"replies":[{"embeddable":true,"href":"https:\/\/atecordoba.org\/index.php?rest_route=%2Fwp%2Fv2%2Fcomments&post=30715"}],"version-history":[{"count":3,"href":"https:\/\/atecordoba.org\/index.php?rest_route=\/wp\/v2\/posts\/30715\/revisions"}],"predecessor-version":[{"id":30721,"href":"https:\/\/atecordoba.org\/index.php?rest_route=\/wp\/v2\/posts\/30715\/revisions\/30721"}],"wp:featuredmedia":[{"embeddable":true,"href":"https:\/\/atecordoba.org\/index.php?rest_route=\/wp\/v2\/media\/30716"}],"wp:attachment":[{"href":"https:\/\/atecordoba.org\/index.php?rest_route=%2Fwp%2Fv2%2Fmedia&parent=30715"}],"wp:term":[{"taxonomy":"category","embeddable":true,"href":"https:\/\/atecordoba.org\/index.php?rest_route=%2Fwp%2Fv2%2Fcategories&post=30715"},{"taxonomy":"post_tag","embeddable":true,"href":"https:\/\/atecordoba.org\/index.php?rest_route=%2Fwp%2Fv2%2Ftags&post=30715"}],"curies":[{"name":"wp","href":"https:\/\/api.w.org\/{rel}","templated":true}]}}