{"id":30707,"date":"2022-03-18T10:12:11","date_gmt":"2022-03-18T13:12:11","guid":{"rendered":"https:\/\/atecordoba.org\/?p=30707"},"modified":"2022-03-18T10:13:30","modified_gmt":"2022-03-18T13:13:30","slug":"geopolitica-y-la-guerra-el-papel-de-la-clase-trabajadora","status":"publish","type":"post","link":"https:\/\/atecordoba.org\/?p=30707","title":{"rendered":"Geopol\u00edtica y la guerra, el papel de la clase trabajadora"},"content":{"rendered":"\n<div class=\"wp-block-image\"><figure class=\"alignright size-large is-resized\"><img loading=\"lazy\" decoding=\"async\" src=\"https:\/\/atecordoba.org\/wp-content\/uploads\/2022\/03\/Ucrania_guerra.jpg\" alt=\"\" class=\"wp-image-30708\" width=\"721\" height=\"406\" \/><\/figure><\/div>\n\n\n\n<p><sup>Por Carlos Rang, delegado de ATE y docente en la Universidad Nacional de R\u00edo Cuarto.<\/sup><\/p>\n\n\n\n<p>La gran crisis capitalista global y sus guerras interimperialistas h\u00edbridas, ya sean \u00e9stas de informaci\u00f3n (fake news), biol\u00f3gicas (pandemias), econ\u00f3micas (monedas, sanciones, inflaci\u00f3n), financieras (burbujas especulativas y deudas), tecnol\u00f3gicas (5G, 6G, IA, Semiconductores), o b\u00e9licas como la que estamos hoy viviendo entre la OTAN y Rusia (Unipolarismo versus Multipolarismo), est\u00e1n llevando a los pueblos del mundo -particularmente a su clase trabajadora- al matadero: con mayor desigualdad social y una hambruna general.<\/p>\n\n\n\n<p>Los y las trabajadores\/as debemos retomar la iniciativa para superar toda esta situaci\u00f3n antes de quedar acorralados en ella y sin retorno.<\/p>\n\n\n\n<p><strong>Crisis<\/strong><\/p>\n\n\n\n<p>La crisis del capital los empuja a la guerra para definir el nuevo orden global, los patrones monetarios, los energ\u00e9ticos y las nuevas instituciones del poder mundial. Esto concentra altas inversiones en gastos improductivos (armamentismo), promueve la especulaci\u00f3n comercial y financiera, concentra los mercados en pocas manos y centraliza a\u00fan m\u00e1s el capital haciendo predominante al llamado \u201cficticio\u201d.<\/p>\n\n\n\n<p>Todo es fruto de la transferencia de rentas del sector de trabajo al capital v\u00eda hiperinflaci\u00f3n, en primer t\u00e9rmino, m\u00e1s el agravante de la estanflaci\u00f3n, producto de la fuerza de trabajo sobrante en una econom\u00eda estrangulada por s\u00ed misma que no genera puestos de trabajo y, en ese marco, la incapacidad de los estados nacionales de hacer frente a su seguridad alimentaria.<\/p>\n\n\n\n<p><strong>Guerra y los juegos del hambre<\/strong><\/p>\n\n\n\n<div class=\"wp-block-image\"><figure class=\"alignleft size-large is-resized\"><img loading=\"lazy\" decoding=\"async\" src=\"https:\/\/atecordoba.org\/wp-content\/uploads\/2022\/03\/cosechadora.jpg\" alt=\"\" class=\"wp-image-30709\" width=\"720\" height=\"482\" srcset=\"https:\/\/atecordoba.org\/wp-content\/uploads\/2022\/03\/cosechadora.jpg 833w, https:\/\/atecordoba.org\/wp-content\/uploads\/2022\/03\/cosechadora-300x201.jpg 300w, https:\/\/atecordoba.org\/wp-content\/uploads\/2022\/03\/cosechadora-768x514.jpg 768w, https:\/\/atecordoba.org\/wp-content\/uploads\/2022\/03\/cosechadora-750x502.jpg 750w\" sizes=\"auto, (max-width: 720px) 100vw, 720px\" \/><\/figure><\/div>\n\n\n\n<p>La guerra es presentada como la resoluci\u00f3n de un nuevo orden que ya no ser\u00e1 Unipolar, sino Multipolar donde ninguna potencia ser\u00e1 hegem\u00f3nica.<\/p>\n\n\n\n<p>Pero la guerra es inter-imperialista y, si no se supera revolucionariamente el orden vigente, el capital global saldr\u00e1 triunfante.<\/p>\n\n\n\n<p>Entonces esta guerra es producto de la propia crisis org\u00e1nica del capitalismo que ya no puede garantizar la reproducci\u00f3n de sus clases dominantes tal como existen hoy, ni del resto de la vida humana en el planeta: falta de empleo, ingresos bajos, aumentos en el precio de los bienes b\u00e1sicos (alimentos, ropa, vivienda, salud, transporte), crisis sanitaria.<\/p>\n\n\n\n<p>Si analizamos el teatro de operaciones, los pa\u00edses involucrados son Ucrania y Rusia que, juntos, producen 1\/3 del trigo y la cebada mundial, el 52% del ma\u00edz, m\u00e1s del 50% del aceite y las semillas de girasol. Sus exportaciones de alimentos representan m\u00e1s de la d\u00e9cima parte de todas las calor\u00edas comercializadas a nivel global.<\/p>\n\n\n\n<p>Al ser Rusia un gran proveedor mundial de gas y petr\u00f3leo, crece el costo de la log\u00edstica para el transporte de las mercanc\u00edas y\/o el de las tarifas para servicios.<\/p>\n\n\n\n<p>La subida del precio de los granos como el ma\u00edz, la soja, el trigo, impacta directamente sobre los precios del pan, la carne, los huevos, la leche, el aceite.<\/p>\n\n\n\n<p>Hay interrupci\u00f3n de las exportaciones porque algunos pa\u00edses intentan abastecer su mercado interno y porque los grandes fondos de inversi\u00f3n especulan con la conveniencia de los precios.<\/p>\n\n\n\n<div class=\"wp-block-image\"><figure class=\"alignright size-large\"><img loading=\"lazy\" decoding=\"async\" width=\"640\" height=\"412\" src=\"https:\/\/atecordoba.org\/wp-content\/uploads\/2022\/03\/Estatales_en_lucha-1.jpg\" alt=\"\" class=\"wp-image-30711\" srcset=\"https:\/\/atecordoba.org\/wp-content\/uploads\/2022\/03\/Estatales_en_lucha-1.jpg 640w, https:\/\/atecordoba.org\/wp-content\/uploads\/2022\/03\/Estatales_en_lucha-1-300x193.jpg 300w\" sizes=\"auto, (max-width: 640px) 100vw, 640px\" \/><\/figure><\/div>\n\n\n\n<p>Todas estas combinaciones empujan hacia arriba el precio de todos los alimentos procesados y hacen que la crisis alimentaria se extienda como una plaga: ya recorre m\u00e1s de 20 de pa\u00edses y miles de millones de personas. Y este es el inicio, porque a\u00fan no se lleg\u00f3 a un corte total de los suministros.<\/p>\n\n\n\n<p><strong>Oportunidad<\/strong><\/p>\n\n\n\n<p>La oportunidad no es un deseo, sino una tarea que nace del suelo de la sociedad del capital productos de sus contradicciones insalvables que se expresan como luchas intercapitalistas e interimperialista.<\/p>\n\n\n\n<p>Es en este escenario en el que la clase trabajadora se ve compelida a luchar sin mediaciones en favor de sus condiciones materiales de vida. Y al hacerlo, concreta y sencillamente as\u00ed, va rompiendo con el disciplinamiento social y la conducci\u00f3n ideol\u00f3gica que imponen las clases dominantes.<\/p>\n\n\n\n<p>Esta lucha funde y consolida la clase que, luchando, prepara la situaci\u00f3n revolucionaria global en la que sea posible superar las contradicciones en las que est\u00e1 estancada la historia: la relaci\u00f3n social capitalista que, con la prepotencia y la feroz competencia del mundo de las mercanc\u00edas, s\u00f3lo genera destrucci\u00f3n, descomposici\u00f3n, guerras, hambre y muerte.<\/p>\n\n\n\n<p>Por tanto, luchamos para organizarnos y nos organizamos para darle esa direcci\u00f3n a la lucha.<\/p>\n","protected":false},"excerpt":{"rendered":"<p>Por Carlos Rang, delegado de ATE y docente en la Universidad Nacional de R\u00edo Cuarto. La gran crisis capitalista global y sus guerras interimperialistas h\u00edbridas, ya sean \u00e9stas de informaci\u00f3n (fake news), biol\u00f3gicas (pandemias), econ\u00f3micas (monedas, sanciones, inflaci\u00f3n), financieras (burbujas especulativas y deudas), tecnol\u00f3gicas (5G, 6G, IA, Semiconductores), o b\u00e9licas como la que estamos hoy [&hellip;]<\/p>\n","protected":false},"author":7,"featured_media":30713,"comment_status":"open","ping_status":"open","sticky":false,"template":"","format":"standard","meta":{"_exactmetrics_skip_tracking":false,"_exactmetrics_sitenote_active":false,"_exactmetrics_sitenote_note":"","_exactmetrics_sitenote_category":0,"jnews-multi-image_gallery":[],"jnews_single_post":{"subtitle":"\"La subida del precio de los granos como el ma\u00edz, la soja, el trigo, impacta directamente sobre los precios del pan, la carne, los huevos, la leche, el aceite\", explica Carlos Rang.","format":"standard","video":"","gallery":"","source_name":"","source_url":"","via_name":"","via_url":"","override":[{"template":"1","single_blog_custom":"","parallax":"1","fullscreen":"1","layout":"right-sidebar","sidebar":"default-sidebar","second_sidebar":"default-sidebar","sticky_sidebar":"1","share_position":"top","share_float_style":"share-monocrhome","show_share_counter":"1","show_view_counter":"1","show_featured":"1","show_post_meta":"1","show_post_author":"1","show_post_author_image":"1","show_post_date":"1","post_date_format":"default","post_date_format_custom":"Y\/m\/d","show_post_category":"1","post_reading_time_wpm":"300","zoom_button_out_step":"2","zoom_button_in_step":"3","show_post_tag":"1","show_prev_next_post":"1","show_popup_post":"1","number_popup_post":"1"}],"image_override":[{"single_post_thumbnail_size":"crop-500","single_post_gallery_size":"crop-500"}],"trending_post_position":"meta","trending_post_label":"Trending","sponsored_post_label":"Sponsored by","sponsored_post_name":"","sponsored_post_url":"","sponsored_post_logo":"","sponsored_post_desc":""},"jnews_primary_category":{"id":""},"jnews_social_meta":[],"jnews_review":[],"enable_review":"","type":"","name":"","summary":"","brand":"","sku":"","good":[],"bad":[],"score_override":"","override_value":"","rating":[],"price":[],"jnews_override_counter":[],"jnews_post_split":[],"footnotes":""},"categories":[108],"tags":[1045,1046],"class_list":["post-30707","post","type-post","status-publish","format-standard","has-post-thumbnail","hentry","category-internacional","tag-guerra","tag-ucracia"],"jetpack_featured_media_url":"https:\/\/atecordoba.org\/wp-content\/uploads\/2022\/03\/Ucrania_guerra-1.jpg","_links":{"self":[{"href":"https:\/\/atecordoba.org\/index.php?rest_route=\/wp\/v2\/posts\/30707","targetHints":{"allow":["GET"]}}],"collection":[{"href":"https:\/\/atecordoba.org\/index.php?rest_route=\/wp\/v2\/posts"}],"about":[{"href":"https:\/\/atecordoba.org\/index.php?rest_route=\/wp\/v2\/types\/post"}],"author":[{"embeddable":true,"href":"https:\/\/atecordoba.org\/index.php?rest_route=\/wp\/v2\/users\/7"}],"replies":[{"embeddable":true,"href":"https:\/\/atecordoba.org\/index.php?rest_route=%2Fwp%2Fv2%2Fcomments&post=30707"}],"version-history":[{"count":1,"href":"https:\/\/atecordoba.org\/index.php?rest_route=\/wp\/v2\/posts\/30707\/revisions"}],"predecessor-version":[{"id":30714,"href":"https:\/\/atecordoba.org\/index.php?rest_route=\/wp\/v2\/posts\/30707\/revisions\/30714"}],"wp:featuredmedia":[{"embeddable":true,"href":"https:\/\/atecordoba.org\/index.php?rest_route=\/wp\/v2\/media\/30713"}],"wp:attachment":[{"href":"https:\/\/atecordoba.org\/index.php?rest_route=%2Fwp%2Fv2%2Fmedia&parent=30707"}],"wp:term":[{"taxonomy":"category","embeddable":true,"href":"https:\/\/atecordoba.org\/index.php?rest_route=%2Fwp%2Fv2%2Fcategories&post=30707"},{"taxonomy":"post_tag","embeddable":true,"href":"https:\/\/atecordoba.org\/index.php?rest_route=%2Fwp%2Fv2%2Ftags&post=30707"}],"curies":[{"name":"wp","href":"https:\/\/api.w.org\/{rel}","templated":true}]}}