{"id":30700,"date":"2022-03-18T09:39:27","date_gmt":"2022-03-18T12:39:27","guid":{"rendered":"https:\/\/atecordoba.org\/?p=30700"},"modified":"2022-03-18T09:42:23","modified_gmt":"2022-03-18T12:42:23","slug":"logro-de-ate-inauguraron-los-vestuarios-en-el-corralon-municipal-de-freyre","status":"publish","type":"post","link":"https:\/\/atecordoba.org\/?p=30700","title":{"rendered":"Logro de ATE: inauguraron los vestuarios en el Corral\u00f3n Municipal de Freyre"},"content":{"rendered":"\n<div class=\"wp-block-image\"><figure class=\"aligncenter size-large is-resized\"><img loading=\"lazy\" decoding=\"async\" src=\"https:\/\/atecordoba.org\/wp-content\/uploads\/2022\/03\/freyre_asamblea-corralon.jpg\" alt=\"\" class=\"wp-image-30701\" width=\"654\" height=\"379\" \/><\/figure><\/div>\n\n\n\n<p>El mi\u00e9rcoles pasado el cuerpo de delegados de ATE en la municipalidad de Freyre celebr\u00f3 las inauguraci\u00f3n de los nuevos vestuarios y ba\u00f1os del Corral\u00f3n Municipal.<\/p>\n\n\n\n<p>La obra es parte de la agenda de demandas que la<a href=\"https:\/\/atecordoba.org\/?p=25908\"> seccional ATE San Justo plante\u00f3 al ejecutivo<\/a> desde el primer momento que comenz\u00f3 a ejercer la representaci\u00f3n sindical en la localidad y enseguida obtuvo el eco positivo del intendente Augusto Pastore.<\/p>\n\n\n\n<p>En una asamblea, las y los trabajadores festejaron esta importante mejora en las condiciones de trabajo en el sector.<\/p>\n\n\n\n<figure class=\"wp-block-gallery columns-3 is-cropped wp-block-gallery-1 is-layout-flex wp-block-gallery-is-layout-flex\"><ul class=\"blocks-gallery-grid\"><li class=\"blocks-gallery-item\"><figure><img loading=\"lazy\" decoding=\"async\" width=\"960\" height=\"720\" src=\"https:\/\/atecordoba.org\/wp-content\/uploads\/2022\/03\/freyre_corralon_banos1.jpg\" alt=\"\" data-id=\"30702\" data-full-url=\"https:\/\/atecordoba.org\/wp-content\/uploads\/2022\/03\/freyre_corralon_banos1.jpg\" data-link=\"https:\/\/atecordoba.org\/?attachment_id=30702\" class=\"wp-image-30702\" srcset=\"https:\/\/atecordoba.org\/wp-content\/uploads\/2022\/03\/freyre_corralon_banos1.jpg 960w, https:\/\/atecordoba.org\/wp-content\/uploads\/2022\/03\/freyre_corralon_banos1-300x225.jpg 300w, https:\/\/atecordoba.org\/wp-content\/uploads\/2022\/03\/freyre_corralon_banos1-768x576.jpg 768w, https:\/\/atecordoba.org\/wp-content\/uploads\/2022\/03\/freyre_corralon_banos1-750x563.jpg 750w\" sizes=\"auto, (max-width: 960px) 100vw, 960px\" \/><\/figure><\/li><li class=\"blocks-gallery-item\"><figure><img loading=\"lazy\" decoding=\"async\" width=\"720\" height=\"960\" src=\"https:\/\/atecordoba.org\/wp-content\/uploads\/2022\/03\/Freyre_corralon_banos2.jpg\" alt=\"\" data-id=\"30703\" data-full-url=\"https:\/\/atecordoba.org\/wp-content\/uploads\/2022\/03\/Freyre_corralon_banos2.jpg\" data-link=\"https:\/\/atecordoba.org\/?attachment_id=30703\" class=\"wp-image-30703\" srcset=\"https:\/\/atecordoba.org\/wp-content\/uploads\/2022\/03\/Freyre_corralon_banos2.jpg 720w, https:\/\/atecordoba.org\/wp-content\/uploads\/2022\/03\/Freyre_corralon_banos2-225x300.jpg 225w\" sizes=\"auto, (max-width: 720px) 100vw, 720px\" \/><\/figure><\/li><li class=\"blocks-gallery-item\"><figure><img loading=\"lazy\" decoding=\"async\" width=\"720\" height=\"960\" src=\"https:\/\/atecordoba.org\/wp-content\/uploads\/2022\/03\/Freyre_corralon_banos3.jpg\" alt=\"\" data-id=\"30704\" data-full-url=\"https:\/\/atecordoba.org\/wp-content\/uploads\/2022\/03\/Freyre_corralon_banos3.jpg\" data-link=\"https:\/\/atecordoba.org\/?attachment_id=30704\" class=\"wp-image-30704\" srcset=\"https:\/\/atecordoba.org\/wp-content\/uploads\/2022\/03\/Freyre_corralon_banos3.jpg 720w, https:\/\/atecordoba.org\/wp-content\/uploads\/2022\/03\/Freyre_corralon_banos3-225x300.jpg 225w\" sizes=\"auto, (max-width: 720px) 100vw, 720px\" \/><\/figure><\/li><li class=\"blocks-gallery-item\"><figure><img loading=\"lazy\" decoding=\"async\" width=\"960\" height=\"720\" src=\"https:\/\/atecordoba.org\/wp-content\/uploads\/2022\/03\/Freyre_corralon_banos4.jpg\" alt=\"\" data-id=\"30705\" data-full-url=\"https:\/\/atecordoba.org\/wp-content\/uploads\/2022\/03\/Freyre_corralon_banos4.jpg\" data-link=\"https:\/\/atecordoba.org\/?attachment_id=30705\" class=\"wp-image-30705\" srcset=\"https:\/\/atecordoba.org\/wp-content\/uploads\/2022\/03\/Freyre_corralon_banos4.jpg 960w, https:\/\/atecordoba.org\/wp-content\/uploads\/2022\/03\/Freyre_corralon_banos4-300x225.jpg 300w, https:\/\/atecordoba.org\/wp-content\/uploads\/2022\/03\/Freyre_corralon_banos4-768x576.jpg 768w, https:\/\/atecordoba.org\/wp-content\/uploads\/2022\/03\/Freyre_corralon_banos4-750x563.jpg 750w\" sizes=\"auto, (max-width: 960px) 100vw, 960px\" \/><\/figure><\/li><\/ul><\/figure>\n","protected":false},"excerpt":{"rendered":"<p>El mi\u00e9rcoles pasado el cuerpo de delegados de ATE en la municipalidad de Freyre celebr\u00f3 las inauguraci\u00f3n de los nuevos vestuarios y ba\u00f1os del Corral\u00f3n Municipal. La obra es parte de la agenda de demandas que la seccional ATE San Justo plante\u00f3 al ejecutivo desde el primer momento que comenz\u00f3 a ejercer la representaci\u00f3n sindical [&hellip;]<\/p>\n","protected":false},"author":7,"featured_media":30701,"comment_status":"open","ping_status":"open","sticky":false,"template":"","format":"standard","meta":{"_exactmetrics_skip_tracking":false,"_exactmetrics_sitenote_active":false,"_exactmetrics_sitenote_note":"","_exactmetrics_sitenote_category":0,"jnews-multi-image_gallery":[],"jnews_single_post":{"subtitle":"Se trata de un reclamo de larga data que ten\u00edan las y los trabajadores del sector y que se vio coronado a partir que ATE ejerce la representaci\u00f3n municipal en la localidad..","format":"standard","video":"","gallery":"","source_name":"","source_url":"","via_name":"","via_url":"","override":[{"template":"1","single_blog_custom":"","parallax":"1","fullscreen":"1","layout":"right-sidebar","sidebar":"default-sidebar","second_sidebar":"default-sidebar","sticky_sidebar":"1","share_position":"top","share_float_style":"share-monocrhome","show_share_counter":"1","show_view_counter":"1","show_featured":"1","show_post_meta":"1","show_post_author":"1","show_post_author_image":"1","show_post_date":"1","post_date_format":"default","post_date_format_custom":"Y\/m\/d","show_post_category":"1","post_reading_time_wpm":"300","zoom_button_out_step":"2","zoom_button_in_step":"3","show_post_tag":"1","show_prev_next_post":"1","show_popup_post":"1","number_popup_post":"1"}],"image_override":[{"single_post_thumbnail_size":"crop-500","single_post_gallery_size":"crop-500"}],"trending_post_position":"meta","trending_post_label":"Trending","sponsored_post_label":"Sponsored by","sponsored_post_name":"","sponsored_post_url":"","sponsored_post_logo":"","sponsored_post_desc":""},"jnews_primary_category":{"id":""},"jnews_social_meta":[],"jnews_review":[],"enable_review":"","type":"","name":"","summary":"","brand":"","sku":"","good":[],"bad":[],"score_override":"","override_value":"","rating":[],"price":[],"jnews_override_counter":[],"jnews_post_split":[],"footnotes":""},"categories":[20,148],"tags":[543,770],"class_list":["post-30700","post","type-post","status-publish","format-standard","has-post-thumbnail","hentry","category-municipales","category-san-justo","tag-corralon-municipal","tag-freyre"],"jetpack_featured_media_url":"https:\/\/atecordoba.org\/wp-content\/uploads\/2022\/03\/freyre_asamblea-corralon-e1647606977901.jpg","_links":{"self":[{"href":"https:\/\/atecordoba.org\/index.php?rest_route=\/wp\/v2\/posts\/30700","targetHints":{"allow":["GET"]}}],"collection":[{"href":"https:\/\/atecordoba.org\/index.php?rest_route=\/wp\/v2\/posts"}],"about":[{"href":"https:\/\/atecordoba.org\/index.php?rest_route=\/wp\/v2\/types\/post"}],"author":[{"embeddable":true,"href":"https:\/\/atecordoba.org\/index.php?rest_route=\/wp\/v2\/users\/7"}],"replies":[{"embeddable":true,"href":"https:\/\/atecordoba.org\/index.php?rest_route=%2Fwp%2Fv2%2Fcomments&post=30700"}],"version-history":[{"count":1,"href":"https:\/\/atecordoba.org\/index.php?rest_route=\/wp\/v2\/posts\/30700\/revisions"}],"predecessor-version":[{"id":30706,"href":"https:\/\/atecordoba.org\/index.php?rest_route=\/wp\/v2\/posts\/30700\/revisions\/30706"}],"wp:featuredmedia":[{"embeddable":true,"href":"https:\/\/atecordoba.org\/index.php?rest_route=\/wp\/v2\/media\/30701"}],"wp:attachment":[{"href":"https:\/\/atecordoba.org\/index.php?rest_route=%2Fwp%2Fv2%2Fmedia&parent=30700"}],"wp:term":[{"taxonomy":"category","embeddable":true,"href":"https:\/\/atecordoba.org\/index.php?rest_route=%2Fwp%2Fv2%2Fcategories&post=30700"},{"taxonomy":"post_tag","embeddable":true,"href":"https:\/\/atecordoba.org\/index.php?rest_route=%2Fwp%2Fv2%2Ftags&post=30700"}],"curies":[{"name":"wp","href":"https:\/\/api.w.org\/{rel}","templated":true}]}}