{"id":30694,"date":"2022-03-16T14:27:44","date_gmt":"2022-03-16T17:27:44","guid":{"rendered":"https:\/\/atecordoba.org\/?p=30694"},"modified":"2022-03-16T14:44:40","modified_gmt":"2022-03-16T17:44:40","slug":"intimacion-por-carta-documento-al-gobierno-provincial-para-que-a-incluya-a-ate-en-la-negociacion-colectiva","status":"publish","type":"post","link":"https:\/\/atecordoba.org\/?p=30694","title":{"rendered":"Intimaci\u00f3n por Carta Documento al gobierno provincial para que  a incluya a ATE en la negociaci\u00f3n colectiva"},"content":{"rendered":"\n<div class=\"wp-block-image\"><figure class=\"alignleft size-large is-resized\"><img loading=\"lazy\" decoding=\"async\" src=\"https:\/\/atecordoba.org\/wp-content\/uploads\/2022\/03\/16_03_Respuesta_ATE_Provincia-768x1024.jpeg\" alt=\"\" class=\"wp-image-30695\" width=\"576\" height=\"768\" srcset=\"https:\/\/atecordoba.org\/wp-content\/uploads\/2022\/03\/16_03_Respuesta_ATE_Provincia-768x1024.jpeg 768w, https:\/\/atecordoba.org\/wp-content\/uploads\/2022\/03\/16_03_Respuesta_ATE_Provincia-225x300.jpeg 225w, https:\/\/atecordoba.org\/wp-content\/uploads\/2022\/03\/16_03_Respuesta_ATE_Provincia-1152x1536.jpeg 1152w, https:\/\/atecordoba.org\/wp-content\/uploads\/2022\/03\/16_03_Respuesta_ATE_Provincia-750x1000.jpeg 750w, https:\/\/atecordoba.org\/wp-content\/uploads\/2022\/03\/16_03_Respuesta_ATE_Provincia-1140x1520.jpeg 1140w, https:\/\/atecordoba.org\/wp-content\/uploads\/2022\/03\/16_03_Respuesta_ATE_Provincia.jpeg 1200w\" sizes=\"auto, (max-width: 576px) 100vw, 576px\" \/><\/figure><\/div>\n\n\n\n<p>En una carta documento enviada hoy, el Consejo Directivo Provincial rechaz\u00f3 los falaces argumentos del gobierno de Schiaretti para excluir a ATE de la negociaci\u00f3n colectiva en la Provincia y lo intim\u00f3 a convocar a nuestro gremio a las paritarias, bajo apercibimiento de realizar acciones directas y jur\u00eddicas &#8220;para asegurar los derechos que son proscriptos (&#8230; ) a ATE y a sus afiliados y afiliadas&#8221;.<\/p>\n\n\n\n<p>Seg\u00fan explic\u00f3 la abogada de ATE, Mar\u00eda Martha Terragno, la representaci\u00f3n de ATE en el sector p\u00fablico de la provincia de C\u00f3rdoba &#8220;fue resuelta por el Ministerio de Trabajo de la Naci\u00f3n por Resoluci\u00f3n 708\/09.&nbsp;Hace 15 a\u00f1os que esta discusi\u00f3n est\u00e1 zanjada&#8221;.<\/p>\n\n\n\n<p>Esto es as\u00ed porque el Gobierno de la Provincia &#8220;no puede decidir con qu\u00e9 gremio negociar, no tiene facultades ni prerrogativas para decidir esto. La exclusi\u00f3n de ATE de la negociaci\u00f3n colectiva es inconstitucional y antisindical&#8221;.<\/p>\n\n\n\n<p>El Gobierno Provincial invoca un art\u00edculo de la ley 7233 donde impone que la representaci\u00f3n gremial es del SEP y UPS. Esto ya fue cuestionado por el Ministerio de Trabajo y la C\u00e1mara Nacional de Apelaciones del Trabajo, y el gobierno lo utiliza con el \u00fanico objetivo de obstruir la actividad sindical e impedir a ATE participar de la negociaci\u00f3n colectiva, &#8220;a sabiendas que desde ATE vamos a pedir mejores condiciones de trabajo y aumento salario. No hay argumento legal que justifique excluir a ATE de la negociaci\u00f3n colectiva&#8221;, concluy\u00f3 la letrada.<\/p>\n\n\n\n<p><\/p>\n","protected":false},"excerpt":{"rendered":"<p>En una carta documento enviada hoy, el Consejo Directivo Provincial rechaz\u00f3 los falaces argumentos del gobierno de Schiaretti para excluir a ATE de la negociaci\u00f3n colectiva en la Provincia y lo intim\u00f3 a convocar a nuestro gremio a las paritarias, bajo apercibimiento de realizar acciones directas y jur\u00eddicas &#8220;para asegurar los derechos que son proscriptos [&hellip;]<\/p>\n","protected":false},"author":7,"featured_media":29989,"comment_status":"open","ping_status":"open","sticky":false,"template":"","format":"standard","meta":{"_exactmetrics_skip_tracking":false,"_exactmetrics_sitenote_active":false,"_exactmetrics_sitenote_note":"","_exactmetrics_sitenote_category":0,"jnews-multi-image_gallery":[],"jnews_single_post":{"subtitle":"La administraci\u00f3n de Schiaretti utiliza argumentos jur\u00eddicos falaces para obstruir la participaci\u00f3n de ATE en la negociaci\u00f3n colectiva provincial.","format":"standard","video":"","gallery":"","source_name":"","source_url":"","via_name":"","via_url":"","override":[{"template":"1","single_blog_custom":"","parallax":"1","fullscreen":"1","layout":"right-sidebar","sidebar":"default-sidebar","second_sidebar":"default-sidebar","sticky_sidebar":"1","share_position":"top","share_float_style":"share-monocrhome","show_share_counter":"1","show_view_counter":"1","show_featured":"1","show_post_meta":"1","show_post_author":"1","show_post_author_image":"1","show_post_date":"1","post_date_format":"default","post_date_format_custom":"Y\/m\/d","show_post_category":"1","post_reading_time_wpm":"300","zoom_button_out_step":"2","zoom_button_in_step":"3","show_post_tag":"1","show_prev_next_post":"1","show_popup_post":"1","number_popup_post":"1"}],"image_override":[{"single_post_thumbnail_size":"crop-500","single_post_gallery_size":"crop-500"}],"trending_post_position":"meta","trending_post_label":"Trending","sponsored_post_label":"Sponsored by","sponsored_post_name":"","sponsored_post_url":"","sponsored_post_logo":"","sponsored_post_desc":""},"jnews_primary_category":{"id":""},"jnews_social_meta":[],"jnews_review":[],"enable_review":"","type":"","name":"","summary":"","brand":"","sku":"","good":[],"bad":[],"score_override":"","override_value":"","rating":[],"price":[],"jnews_override_counter":[],"jnews_post_split":[],"footnotes":""},"categories":[341,8],"tags":[1013,1044],"class_list":["post-30694","post","type-post","status-publish","format-standard","has-post-thumbnail","hentry","category-cdp","category-provinciales","tag-carta-documento","tag-paritaria-provincial"],"jetpack_featured_media_url":"https:\/\/atecordoba.org\/wp-content\/uploads\/2022\/02\/panal-e1644254630778.jpg","_links":{"self":[{"href":"https:\/\/atecordoba.org\/index.php?rest_route=\/wp\/v2\/posts\/30694","targetHints":{"allow":["GET"]}}],"collection":[{"href":"https:\/\/atecordoba.org\/index.php?rest_route=\/wp\/v2\/posts"}],"about":[{"href":"https:\/\/atecordoba.org\/index.php?rest_route=\/wp\/v2\/types\/post"}],"author":[{"embeddable":true,"href":"https:\/\/atecordoba.org\/index.php?rest_route=\/wp\/v2\/users\/7"}],"replies":[{"embeddable":true,"href":"https:\/\/atecordoba.org\/index.php?rest_route=%2Fwp%2Fv2%2Fcomments&post=30694"}],"version-history":[{"count":2,"href":"https:\/\/atecordoba.org\/index.php?rest_route=\/wp\/v2\/posts\/30694\/revisions"}],"predecessor-version":[{"id":30697,"href":"https:\/\/atecordoba.org\/index.php?rest_route=\/wp\/v2\/posts\/30694\/revisions\/30697"}],"wp:featuredmedia":[{"embeddable":true,"href":"https:\/\/atecordoba.org\/index.php?rest_route=\/wp\/v2\/media\/29989"}],"wp:attachment":[{"href":"https:\/\/atecordoba.org\/index.php?rest_route=%2Fwp%2Fv2%2Fmedia&parent=30694"}],"wp:term":[{"taxonomy":"category","embeddable":true,"href":"https:\/\/atecordoba.org\/index.php?rest_route=%2Fwp%2Fv2%2Fcategories&post=30694"},{"taxonomy":"post_tag","embeddable":true,"href":"https:\/\/atecordoba.org\/index.php?rest_route=%2Fwp%2Fv2%2Ftags&post=30694"}],"curies":[{"name":"wp","href":"https:\/\/api.w.org\/{rel}","templated":true}]}}