{"id":30665,"date":"2022-03-16T12:41:29","date_gmt":"2022-03-16T15:41:29","guid":{"rendered":"https:\/\/atecordoba.org\/?p=30665"},"modified":"2022-03-16T14:41:43","modified_gmt":"2022-03-16T17:41:43","slug":"ate-cordoba-convocara-a-medida-de-accion-directa-frente-al-panal-antes-de-fin-de-mes","status":"publish","type":"post","link":"https:\/\/atecordoba.org\/?p=30665","title":{"rendered":"ATE C\u00f3rdoba convocar\u00e1 a medida de acci\u00f3n directa frente al Panal antes de fin de mes"},"content":{"rendered":"\n<div class=\"wp-block-image\"><figure class=\"aligncenter size-large is-resized\"><img loading=\"lazy\" decoding=\"async\" src=\"https:\/\/atecordoba.org\/wp-content\/uploads\/2022\/03\/WhatsApp-Image-2022-03-16-at-11.52.45-AM-1-1024x576.jpeg\" alt=\"\" class=\"wp-image-30666\" width=\"768\" height=\"432\" srcset=\"https:\/\/atecordoba.org\/wp-content\/uploads\/2022\/03\/WhatsApp-Image-2022-03-16-at-11.52.45-AM-1-1024x576.jpeg 1024w, https:\/\/atecordoba.org\/wp-content\/uploads\/2022\/03\/WhatsApp-Image-2022-03-16-at-11.52.45-AM-1-300x169.jpeg 300w, https:\/\/atecordoba.org\/wp-content\/uploads\/2022\/03\/WhatsApp-Image-2022-03-16-at-11.52.45-AM-1-768x432.jpeg 768w, https:\/\/atecordoba.org\/wp-content\/uploads\/2022\/03\/WhatsApp-Image-2022-03-16-at-11.52.45-AM-1-1536x864.jpeg 1536w, https:\/\/atecordoba.org\/wp-content\/uploads\/2022\/03\/WhatsApp-Image-2022-03-16-at-11.52.45-AM-1-750x422.jpeg 750w, https:\/\/atecordoba.org\/wp-content\/uploads\/2022\/03\/WhatsApp-Image-2022-03-16-at-11.52.45-AM-1-1140x641.jpeg 1140w, https:\/\/atecordoba.org\/wp-content\/uploads\/2022\/03\/WhatsApp-Image-2022-03-16-at-11.52.45-AM-1.jpeg 1600w\" sizes=\"auto, (max-width: 768px) 100vw, 768px\" \/><\/figure><\/div>\n\n\n\n<p>Con la presencia de representantes de los hospitales provinciales, de ATE Educaci\u00f3n y sectores de la Administraci\u00f3n Central, as\u00ed como de seccionales y delegaciones del interior, se realiz\u00f3 hoy el Plenario General de Trabajadores y Trabajadoras Provinciales en sede de ATE C\u00f3rdoba.<\/p>\n\n\n\n<p>All\u00ed las y los delegados de ATE, junto al Consejo Directivo Provincial encabezado por nuestro secretario General Federico Giuliani, resolvi\u00f3 llevar la continuidad del plan de lucha a la Casa de Gobierno con una medida de acci\u00f3n directa antes de fin de mes, con fecha a definir. El plenario resolvi\u00f3, tambi\u00e9n, fortalecer el desayuno popular el jueves 17\/03 en el Hospital Misericordia y recorrida por todos los sectores de trabajo de Salud y de la Administraci\u00f3n P\u00fablica Provincial.<\/p>\n\n\n\n<p>Se trat\u00f3 de la primera reuni\u00f3n tras la afirma de paritaria que tiene el rechazo un\u00e1nime de las y los trabajadores provinciales. ATE rechaz\u00f3 la pauta salarial de solo un 30%, frente a la inflaci\u00f3n descontrolada que sufrimos en pueblo en su conjunto y ante la p\u00e9rdida de poder adquisitivo acumulada en estos dos a\u00f1os de pandemia m\u00e1s el proceso macrista.  Ya en enero pasado ATE reclam\u00f3 al gobierno provincial una pauta del 60%, en una cuota y al b\u00e1sico, para compensar el proceso inflacionario, que solo en febrero signific\u00f3 un 7% de aumento de precios en el rubro alimentos. <\/p>\n\n\n\n<figure class=\"wp-block-gallery columns-3 is-cropped wp-block-gallery-1 is-layout-flex wp-block-gallery-is-layout-flex\"><ul class=\"blocks-gallery-grid\"><li class=\"blocks-gallery-item\"><figure><img loading=\"lazy\" decoding=\"async\" width=\"1024\" height=\"577\" src=\"https:\/\/atecordoba.org\/wp-content\/uploads\/2022\/03\/20220316_100043-1-1024x577.jpg\" alt=\"\" data-id=\"30672\" data-link=\"https:\/\/atecordoba.org\/?attachment_id=30672\" class=\"wp-image-30672\" srcset=\"https:\/\/atecordoba.org\/wp-content\/uploads\/2022\/03\/20220316_100043-1-1024x577.jpg 1024w, https:\/\/atecordoba.org\/wp-content\/uploads\/2022\/03\/20220316_100043-1-300x169.jpg 300w, https:\/\/atecordoba.org\/wp-content\/uploads\/2022\/03\/20220316_100043-1-768x433.jpg 768w, https:\/\/atecordoba.org\/wp-content\/uploads\/2022\/03\/20220316_100043-1-1536x866.jpg 1536w, https:\/\/atecordoba.org\/wp-content\/uploads\/2022\/03\/20220316_100043-1-2048x1155.jpg 2048w, https:\/\/atecordoba.org\/wp-content\/uploads\/2022\/03\/20220316_100043-1-750x423.jpg 750w, https:\/\/atecordoba.org\/wp-content\/uploads\/2022\/03\/20220316_100043-1-1140x643.jpg 1140w\" sizes=\"auto, (max-width: 1024px) 100vw, 1024px\" \/><\/figure><\/li><li class=\"blocks-gallery-item\"><figure><img loading=\"lazy\" decoding=\"async\" width=\"1024\" height=\"577\" src=\"https:\/\/atecordoba.org\/wp-content\/uploads\/2022\/03\/20220316_095920-1-1024x577.jpg\" alt=\"\" data-id=\"30674\" data-link=\"https:\/\/atecordoba.org\/?attachment_id=30674\" class=\"wp-image-30674\" srcset=\"https:\/\/atecordoba.org\/wp-content\/uploads\/2022\/03\/20220316_095920-1-1024x577.jpg 1024w, https:\/\/atecordoba.org\/wp-content\/uploads\/2022\/03\/20220316_095920-1-300x169.jpg 300w, https:\/\/atecordoba.org\/wp-content\/uploads\/2022\/03\/20220316_095920-1-768x433.jpg 768w, https:\/\/atecordoba.org\/wp-content\/uploads\/2022\/03\/20220316_095920-1-1536x866.jpg 1536w, https:\/\/atecordoba.org\/wp-content\/uploads\/2022\/03\/20220316_095920-1-2048x1155.jpg 2048w, https:\/\/atecordoba.org\/wp-content\/uploads\/2022\/03\/20220316_095920-1-750x423.jpg 750w, https:\/\/atecordoba.org\/wp-content\/uploads\/2022\/03\/20220316_095920-1-1140x643.jpg 1140w\" sizes=\"auto, (max-width: 1024px) 100vw, 1024px\" \/><\/figure><\/li><li class=\"blocks-gallery-item\"><figure><img loading=\"lazy\" decoding=\"async\" width=\"1024\" height=\"576\" src=\"https:\/\/atecordoba.org\/wp-content\/uploads\/2022\/03\/WhatsApp-Image-2022-03-16-at-11.52.44-AM-1024x576.jpeg\" alt=\"\" data-id=\"30675\" data-full-url=\"https:\/\/atecordoba.org\/wp-content\/uploads\/2022\/03\/WhatsApp-Image-2022-03-16-at-11.52.44-AM.jpeg\" data-link=\"https:\/\/atecordoba.org\/?attachment_id=30675\" class=\"wp-image-30675\" srcset=\"https:\/\/atecordoba.org\/wp-content\/uploads\/2022\/03\/WhatsApp-Image-2022-03-16-at-11.52.44-AM-1024x576.jpeg 1024w, https:\/\/atecordoba.org\/wp-content\/uploads\/2022\/03\/WhatsApp-Image-2022-03-16-at-11.52.44-AM-300x169.jpeg 300w, https:\/\/atecordoba.org\/wp-content\/uploads\/2022\/03\/WhatsApp-Image-2022-03-16-at-11.52.44-AM-768x432.jpeg 768w, https:\/\/atecordoba.org\/wp-content\/uploads\/2022\/03\/WhatsApp-Image-2022-03-16-at-11.52.44-AM-1536x864.jpeg 1536w, https:\/\/atecordoba.org\/wp-content\/uploads\/2022\/03\/WhatsApp-Image-2022-03-16-at-11.52.44-AM-750x422.jpeg 750w, https:\/\/atecordoba.org\/wp-content\/uploads\/2022\/03\/WhatsApp-Image-2022-03-16-at-11.52.44-AM-1140x641.jpeg 1140w, https:\/\/atecordoba.org\/wp-content\/uploads\/2022\/03\/WhatsApp-Image-2022-03-16-at-11.52.44-AM.jpeg 1600w\" sizes=\"auto, (max-width: 1024px) 100vw, 1024px\" \/><\/figure><\/li><\/ul><\/figure>\n\n\n\n<p>&#8220;Estamos ac\u00e1 para seguir construyendo fuerza organizada, para que los sectores cuenten como est\u00e1n y para que decidamos entre todos los pasos a seguir&#8221;, destac\u00f3 Giuliani en el arranque del Plenario.<\/p>\n\n\n\n<p>&#8220;Este Plenario de ATE est\u00e1 decidido a construir nuevas medidas de fuerza contra los acuerdos espurios que realiza el Gobierno de Schiaretti y sus c\u00f3mplices&#8221;, fustig\u00f3 Giuliani. Y alert\u00f3: &#8220;las y los provinciales estamos hartos de ver desde abajo la l\u00ednea de la pobreza, de tener que elegir entre alimentarnos bien o comprar algo de ropa para nuestras familias, de dejar para adelante cosas b\u00e1sicas de vida porque los salarios no alcanzan. Decimos \u00a1basta! y vamos a seguir luchando por nuestra dignidad&#8221;.<\/p>\n\n\n\n<p><strong>Carta Documento<\/strong><\/p>\n\n\n\n<p>En la ocasi\u00f3n, Giuliani anunci\u00f3 que hoy el CDP envi\u00f3 una Carta Documento al gobierno provincial por la exclusi\u00f3n de ATE de la paritaria. \u00a0&#8220;Schiaretti dice que el Estatuto del Empleado P\u00fablico provincial solo habilita la participaci\u00f3n del SEP. Pero esto se contradice con la legislaci\u00f3n laboral nacional para el \u00e1mbito del Estado y por eso vamos a ir a la Justicia si no nos convoca en el t\u00e9rmino de 72 horas&#8221;, explic\u00f3 Giuliani.<\/p>\n\n\n\n<p>Adem\u00e1s, el dirigente inst\u00f3 a profundizar la campa\u00f1a de afiliaci\u00f3n en los distintos sectores, construyendo una relaci\u00f3n de fuerza para lograr que las posturas de ATE puedan volcarse en una mesa paritaria.<\/p>\n\n\n\n<figure class=\"wp-block-gallery columns-3 is-cropped wp-block-gallery-2 is-layout-flex wp-block-gallery-is-layout-flex\"><ul class=\"blocks-gallery-grid\"><li class=\"blocks-gallery-item\"><figure><img loading=\"lazy\" decoding=\"async\" width=\"1024\" height=\"576\" src=\"https:\/\/atecordoba.org\/wp-content\/uploads\/2022\/03\/WhatsApp-Image-2022-03-16-at-11.52.44-AM-2-1024x576.jpeg\" alt=\"\" data-id=\"30680\" data-full-url=\"https:\/\/atecordoba.org\/wp-content\/uploads\/2022\/03\/WhatsApp-Image-2022-03-16-at-11.52.44-AM-2.jpeg\" data-link=\"https:\/\/atecordoba.org\/?attachment_id=30680\" class=\"wp-image-30680\" srcset=\"https:\/\/atecordoba.org\/wp-content\/uploads\/2022\/03\/WhatsApp-Image-2022-03-16-at-11.52.44-AM-2-1024x576.jpeg 1024w, https:\/\/atecordoba.org\/wp-content\/uploads\/2022\/03\/WhatsApp-Image-2022-03-16-at-11.52.44-AM-2-300x169.jpeg 300w, https:\/\/atecordoba.org\/wp-content\/uploads\/2022\/03\/WhatsApp-Image-2022-03-16-at-11.52.44-AM-2-768x432.jpeg 768w, https:\/\/atecordoba.org\/wp-content\/uploads\/2022\/03\/WhatsApp-Image-2022-03-16-at-11.52.44-AM-2-1536x864.jpeg 1536w, https:\/\/atecordoba.org\/wp-content\/uploads\/2022\/03\/WhatsApp-Image-2022-03-16-at-11.52.44-AM-2-750x422.jpeg 750w, https:\/\/atecordoba.org\/wp-content\/uploads\/2022\/03\/WhatsApp-Image-2022-03-16-at-11.52.44-AM-2-1140x641.jpeg 1140w, https:\/\/atecordoba.org\/wp-content\/uploads\/2022\/03\/WhatsApp-Image-2022-03-16-at-11.52.44-AM-2.jpeg 1600w\" sizes=\"auto, (max-width: 1024px) 100vw, 1024px\" \/><\/figure><\/li><li class=\"blocks-gallery-item\"><figure><img loading=\"lazy\" decoding=\"async\" width=\"1024\" height=\"576\" src=\"https:\/\/atecordoba.org\/wp-content\/uploads\/2022\/03\/WhatsApp-Image-2022-03-16-at-11.52.46-AM-1-1-1024x576.jpeg\" alt=\"\" data-id=\"30681\" data-full-url=\"https:\/\/atecordoba.org\/wp-content\/uploads\/2022\/03\/WhatsApp-Image-2022-03-16-at-11.52.46-AM-1-1.jpeg\" data-link=\"https:\/\/atecordoba.org\/?attachment_id=30681\" class=\"wp-image-30681\" srcset=\"https:\/\/atecordoba.org\/wp-content\/uploads\/2022\/03\/WhatsApp-Image-2022-03-16-at-11.52.46-AM-1-1-1024x576.jpeg 1024w, https:\/\/atecordoba.org\/wp-content\/uploads\/2022\/03\/WhatsApp-Image-2022-03-16-at-11.52.46-AM-1-1-300x169.jpeg 300w, https:\/\/atecordoba.org\/wp-content\/uploads\/2022\/03\/WhatsApp-Image-2022-03-16-at-11.52.46-AM-1-1-768x432.jpeg 768w, https:\/\/atecordoba.org\/wp-content\/uploads\/2022\/03\/WhatsApp-Image-2022-03-16-at-11.52.46-AM-1-1-1536x864.jpeg 1536w, https:\/\/atecordoba.org\/wp-content\/uploads\/2022\/03\/WhatsApp-Image-2022-03-16-at-11.52.46-AM-1-1-750x422.jpeg 750w, https:\/\/atecordoba.org\/wp-content\/uploads\/2022\/03\/WhatsApp-Image-2022-03-16-at-11.52.46-AM-1-1-1140x641.jpeg 1140w, https:\/\/atecordoba.org\/wp-content\/uploads\/2022\/03\/WhatsApp-Image-2022-03-16-at-11.52.46-AM-1-1.jpeg 1600w\" sizes=\"auto, (max-width: 1024px) 100vw, 1024px\" \/><\/figure><\/li><li class=\"blocks-gallery-item\"><figure><img loading=\"lazy\" decoding=\"async\" width=\"1024\" height=\"576\" src=\"https:\/\/atecordoba.org\/wp-content\/uploads\/2022\/03\/WhatsApp-Image-2022-03-16-at-11.52.46-AM-2-1024x576.jpeg\" alt=\"\" data-id=\"30682\" data-full-url=\"https:\/\/atecordoba.org\/wp-content\/uploads\/2022\/03\/WhatsApp-Image-2022-03-16-at-11.52.46-AM-2.jpeg\" data-link=\"https:\/\/atecordoba.org\/?attachment_id=30682\" class=\"wp-image-30682\" srcset=\"https:\/\/atecordoba.org\/wp-content\/uploads\/2022\/03\/WhatsApp-Image-2022-03-16-at-11.52.46-AM-2-1024x576.jpeg 1024w, https:\/\/atecordoba.org\/wp-content\/uploads\/2022\/03\/WhatsApp-Image-2022-03-16-at-11.52.46-AM-2-300x169.jpeg 300w, https:\/\/atecordoba.org\/wp-content\/uploads\/2022\/03\/WhatsApp-Image-2022-03-16-at-11.52.46-AM-2-768x432.jpeg 768w, https:\/\/atecordoba.org\/wp-content\/uploads\/2022\/03\/WhatsApp-Image-2022-03-16-at-11.52.46-AM-2-1536x864.jpeg 1536w, https:\/\/atecordoba.org\/wp-content\/uploads\/2022\/03\/WhatsApp-Image-2022-03-16-at-11.52.46-AM-2-750x422.jpeg 750w, https:\/\/atecordoba.org\/wp-content\/uploads\/2022\/03\/WhatsApp-Image-2022-03-16-at-11.52.46-AM-2-1140x641.jpeg 1140w, https:\/\/atecordoba.org\/wp-content\/uploads\/2022\/03\/WhatsApp-Image-2022-03-16-at-11.52.46-AM-2.jpeg 1600w\" sizes=\"auto, (max-width: 1024px) 100vw, 1024px\" \/><\/figure><\/li><\/ul><\/figure>\n\n\n\n<p>Por ultimo, Giuliani evalu\u00f3 que &#8220;fue acertada la estrategia de recorrer los sectores y realizar asambleas en los hospitales porque moviliz\u00f3 a las y los compa\u00f1eros y le dio visibilidad a nuestros reclamos&#8221;.<\/p>\n\n\n\n<p>Estuvieron Est\u00e1n presentes compa\u00f1eras y compa\u00f1eros del Hospital de Ni\u00f1os, Tr\u00e1nsito C\u00e1ceres de Allende, Maternidad Provincial, Rawson, Misericordia, Hospital Regional R\u00edo Cuarto, ATE Educaci\u00f3n, el Complejo Esperanza, junto a el secretario General de la seccional ATE San justo, Dar\u00edo Paredes, la delegada del Nuevo Hospital Regional de R\u00edo Cuarto, Andrea Ferreira, y el secretario General de la CTAA C\u00f3rdoba Capital, Diego Guerra. V\u00eda zoom se sumaron compa\u00f1eras y compa\u00f1eros de Traslasierra, junto al referente de la delegaci\u00f3n Jorge Galaburri. <\/p>\n\n\n\n<div class=\"wp-block-media-text alignwide is-stacked-on-mobile is-vertically-aligned-center\" style=\"grid-template-columns:23% auto\"><figure class=\"wp-block-media-text__media\"><video controls src=\"https:\/\/atecordoba.org\/wp-content\/uploads\/2022\/03\/16-03-Reclamo-Provinciales.mp4\"><\/video><\/figure><div class=\"wp-block-media-text__content\">\n<p class=\"has-large-font-size\"><\/p>\n<\/div><\/div>\n\n\n\n<p><\/p>\n","protected":false},"excerpt":{"rendered":"<p>Con la presencia de representantes de los hospitales provinciales, de ATE Educaci\u00f3n y sectores de la Administraci\u00f3n Central, as\u00ed como de seccionales y delegaciones del interior, se realiz\u00f3 hoy el Plenario General de Trabajadores y Trabajadoras Provinciales en sede de ATE C\u00f3rdoba. All\u00ed las y los delegados de ATE, junto al Consejo Directivo Provincial encabezado [&hellip;]<\/p>\n","protected":false},"author":7,"featured_media":30677,"comment_status":"open","ping_status":"open","sticky":false,"template":"","format":"standard","meta":{"_exactmetrics_skip_tracking":false,"_exactmetrics_sitenote_active":false,"_exactmetrics_sitenote_note":"","_exactmetrics_sitenote_category":0,"jnews-multi-image_gallery":[],"jnews_single_post":{"subtitle":"Se prolonga el estado de alerta y movilizaci\u00f3n de las y los trabajadores en el Estado provincial.","format":"standard","video":"","gallery":"","source_name":"","source_url":"","via_name":"","via_url":"","override":[{"template":"1","single_blog_custom":"","parallax":"1","fullscreen":"1","layout":"right-sidebar","sidebar":"default-sidebar","second_sidebar":"default-sidebar","sticky_sidebar":"1","share_position":"top","share_float_style":"share-monocrhome","show_share_counter":"1","show_view_counter":"1","show_featured":"1","show_post_meta":"1","show_post_author":"1","show_post_author_image":"1","show_post_date":"1","post_date_format":"default","post_date_format_custom":"Y\/m\/d","show_post_category":"1","post_reading_time_wpm":"300","zoom_button_out_step":"2","zoom_button_in_step":"3","show_post_tag":"1","show_prev_next_post":"1","show_popup_post":"1","number_popup_post":"1"}],"image_override":[{"single_post_thumbnail_size":"crop-500","single_post_gallery_size":"crop-500"}],"trending_post_position":"meta","trending_post_label":"Trending","sponsored_post_label":"Sponsored by","sponsored_post_name":"","sponsored_post_url":"","sponsored_post_logo":"","sponsored_post_desc":""},"jnews_primary_category":{"id":""},"jnews_social_meta":[],"jnews_review":[],"enable_review":"","type":"","name":"","summary":"","brand":"","sku":"","good":[],"bad":[],"score_override":"","override_value":"","rating":[],"price":[],"jnews_override_counter":[],"jnews_post_split":[],"footnotes":""},"categories":[341,8],"tags":[1043],"class_list":["post-30665","post","type-post","status-publish","format-standard","has-post-thumbnail","hentry","category-cdp","category-provinciales","tag-plenario-provinciales"],"jetpack_featured_media_url":"https:\/\/atecordoba.org\/wp-content\/uploads\/2022\/03\/WhatsApp-Image-2022-03-16-at-11.52.46-AM.jpeg","_links":{"self":[{"href":"https:\/\/atecordoba.org\/index.php?rest_route=\/wp\/v2\/posts\/30665","targetHints":{"allow":["GET"]}}],"collection":[{"href":"https:\/\/atecordoba.org\/index.php?rest_route=\/wp\/v2\/posts"}],"about":[{"href":"https:\/\/atecordoba.org\/index.php?rest_route=\/wp\/v2\/types\/post"}],"author":[{"embeddable":true,"href":"https:\/\/atecordoba.org\/index.php?rest_route=\/wp\/v2\/users\/7"}],"replies":[{"embeddable":true,"href":"https:\/\/atecordoba.org\/index.php?rest_route=%2Fwp%2Fv2%2Fcomments&post=30665"}],"version-history":[{"count":9,"href":"https:\/\/atecordoba.org\/index.php?rest_route=\/wp\/v2\/posts\/30665\/revisions"}],"predecessor-version":[{"id":30699,"href":"https:\/\/atecordoba.org\/index.php?rest_route=\/wp\/v2\/posts\/30665\/revisions\/30699"}],"wp:featuredmedia":[{"embeddable":true,"href":"https:\/\/atecordoba.org\/index.php?rest_route=\/wp\/v2\/media\/30677"}],"wp:attachment":[{"href":"https:\/\/atecordoba.org\/index.php?rest_route=%2Fwp%2Fv2%2Fmedia&parent=30665"}],"wp:term":[{"taxonomy":"category","embeddable":true,"href":"https:\/\/atecordoba.org\/index.php?rest_route=%2Fwp%2Fv2%2Fcategories&post=30665"},{"taxonomy":"post_tag","embeddable":true,"href":"https:\/\/atecordoba.org\/index.php?rest_route=%2Fwp%2Fv2%2Ftags&post=30665"}],"curies":[{"name":"wp","href":"https:\/\/api.w.org\/{rel}","templated":true}]}}