{"id":30657,"date":"2022-03-15T14:36:24","date_gmt":"2022-03-15T17:36:24","guid":{"rendered":"https:\/\/atecordoba.org\/?p=30657"},"modified":"2022-03-15T14:54:06","modified_gmt":"2022-03-15T17:54:06","slug":"achiras-ate-acordo-una-paritaria-del-32-para-el-primer-semestre","status":"publish","type":"post","link":"https:\/\/atecordoba.org\/?p=30657","title":{"rendered":"Achiras: ATE acord\u00f3 una paritaria del 32% para el primer semestre"},"content":{"rendered":"\n<div class=\"wp-block-image\"><figure class=\"aligncenter size-large is-resized\"><img loading=\"lazy\" decoding=\"async\" src=\"https:\/\/atecordoba.org\/wp-content\/uploads\/2022\/03\/achiras-1024x460.jpg\" alt=\"\" class=\"wp-image-30658\" width=\"768\" height=\"345\" \/><\/figure><\/div>\n\n\n\n<p>En una reuni\u00f3n concretada hoy, la seccional ATE R\u00edo Cuarto cerr\u00f3 un acuerdo paritario con la intendente de la localidad de Achiras, Jos\u00e9 Mar\u00eda Guti\u00e9rrez, que significa una recomposici\u00f3n salarial del 32%, hasta julio del corriente.<\/p>\n\n\n\n<p>En la oportunidad estuvieron presentes la secretaria General de ATE R\u00edo Cuarto, Rafaela Alcoba, junto al Prosecretario Gremial y trabajador municipal de Achiras, Rodrigo Olguin, y la delegada de ATE en el sector, Natalia Garay.<\/p>\n\n\n\n<p>&#8220;Acordamos un 32 % de incremento dispuesto en tres pagos: el m\u00e1s importante de 17% a pagar con los salarios de marzo, el 7% en mayo y 8% en julio, todo comput\u00e1ndose al b\u00e1sico de manera que el aumento impacte en items como antig\u00fcedad o t\u00edtulo&#8221;, explic\u00f3 Alcoba.<\/p>\n\n\n\n<p>La dirigente anunci\u00f3, adem\u00e1s,  que en el mes de julio se realizar\u00e1 la reapertura de paritarias en funci\u00f3n de c\u00f3mo se desarrolle la inflaci\u00f3n. <\/p>\n\n\n\n<p>&#8220;Por otro lado, al margen de lo salarial, pudimos acordar la entrega de la muda de ropa para la temporada invernal y la comuna asumi\u00f3 el compromiso de realizar una capacitaci\u00f3n para todo el personal sobre higiene y seguridad laboral&#8221;, concluy\u00f3 Alcoba.<\/p>\n","protected":false},"excerpt":{"rendered":"<p>En una reuni\u00f3n concretada hoy, la seccional ATE R\u00edo Cuarto cerr\u00f3 un acuerdo paritario con la intendente de la localidad de Achiras, Jos\u00e9 Mar\u00eda Guti\u00e9rrez, que significa una recomposici\u00f3n salarial del 32%, hasta julio del corriente. En la oportunidad estuvieron presentes la secretaria General de ATE R\u00edo Cuarto, Rafaela Alcoba, junto al Prosecretario Gremial y [&hellip;]<\/p>\n","protected":false},"author":7,"featured_media":30658,"comment_status":"open","ping_status":"open","sticky":false,"template":"","format":"standard","meta":{"_exactmetrics_skip_tracking":false,"_exactmetrics_sitenote_active":false,"_exactmetrics_sitenote_note":"","_exactmetrics_sitenote_category":0,"jnews-multi-image_gallery":[],"jnews_single_post":{"subtitle":"La municipalidad se comprometi\u00f3 a realizar la entrega de una mudad e ropa invernal para las y los trabajadores. \"Adem\u00e1s se va a realizar una capacitaci\u00f3n para todo el personal sobre salud e higiene en el trabajo\", dijo la secretaria General de ATE R\u00edo Cuarto, Rafaela Alcoba.","format":"standard","video":"","gallery":"","source_name":"","source_url":"","via_name":"","via_url":"","override":[{"template":"1","single_blog_custom":"","parallax":"1","fullscreen":"1","layout":"right-sidebar","sidebar":"default-sidebar","second_sidebar":"default-sidebar","sticky_sidebar":"1","share_position":"top","share_float_style":"share-monocrhome","show_share_counter":"1","show_view_counter":"1","show_featured":"1","show_post_meta":"1","show_post_author":"1","show_post_author_image":"1","show_post_date":"1","post_date_format":"default","post_date_format_custom":"Y\/m\/d","show_post_category":"1","post_reading_time_wpm":"300","zoom_button_out_step":"2","zoom_button_in_step":"3","show_post_tag":"1","show_prev_next_post":"1","show_popup_post":"1","number_popup_post":"1"}],"image_override":[{"single_post_thumbnail_size":"crop-500","single_post_gallery_size":"crop-500"}],"trending_post_position":"meta","trending_post_label":"Trending","sponsored_post_label":"Sponsored by","sponsored_post_name":"","sponsored_post_url":"","sponsored_post_logo":"","sponsored_post_desc":""},"jnews_primary_category":{"id":""},"jnews_social_meta":[],"jnews_review":[],"enable_review":"","type":"","name":"","summary":"","brand":"","sku":"","good":[],"bad":[],"score_override":"","override_value":"","rating":[],"price":[],"jnews_override_counter":[],"jnews_post_split":[],"footnotes":""},"categories":[20,12],"tags":[792],"class_list":["post-30657","post","type-post","status-publish","format-standard","has-post-thumbnail","hentry","category-municipales","category-rio-cuarto","tag-achiras"],"jetpack_featured_media_url":"https:\/\/atecordoba.org\/wp-content\/uploads\/2022\/03\/achiras-e1647365763900.jpg","_links":{"self":[{"href":"https:\/\/atecordoba.org\/index.php?rest_route=\/wp\/v2\/posts\/30657","targetHints":{"allow":["GET"]}}],"collection":[{"href":"https:\/\/atecordoba.org\/index.php?rest_route=\/wp\/v2\/posts"}],"about":[{"href":"https:\/\/atecordoba.org\/index.php?rest_route=\/wp\/v2\/types\/post"}],"author":[{"embeddable":true,"href":"https:\/\/atecordoba.org\/index.php?rest_route=\/wp\/v2\/users\/7"}],"replies":[{"embeddable":true,"href":"https:\/\/atecordoba.org\/index.php?rest_route=%2Fwp%2Fv2%2Fcomments&post=30657"}],"version-history":[{"count":2,"href":"https:\/\/atecordoba.org\/index.php?rest_route=\/wp\/v2\/posts\/30657\/revisions"}],"predecessor-version":[{"id":30661,"href":"https:\/\/atecordoba.org\/index.php?rest_route=\/wp\/v2\/posts\/30657\/revisions\/30661"}],"wp:featuredmedia":[{"embeddable":true,"href":"https:\/\/atecordoba.org\/index.php?rest_route=\/wp\/v2\/media\/30658"}],"wp:attachment":[{"href":"https:\/\/atecordoba.org\/index.php?rest_route=%2Fwp%2Fv2%2Fmedia&parent=30657"}],"wp:term":[{"taxonomy":"category","embeddable":true,"href":"https:\/\/atecordoba.org\/index.php?rest_route=%2Fwp%2Fv2%2Fcategories&post=30657"},{"taxonomy":"post_tag","embeddable":true,"href":"https:\/\/atecordoba.org\/index.php?rest_route=%2Fwp%2Fv2%2Ftags&post=30657"}],"curies":[{"name":"wp","href":"https:\/\/api.w.org\/{rel}","templated":true}]}}