{"id":30646,"date":"2022-03-15T10:01:46","date_gmt":"2022-03-15T13:01:46","guid":{"rendered":"https:\/\/atecordoba.org\/?p=30646"},"modified":"2022-03-15T10:11:33","modified_gmt":"2022-03-15T13:11:33","slug":"ffmm-asamblea-en-villa-maria","status":"publish","type":"post","link":"https:\/\/atecordoba.org\/?p=30646","title":{"rendered":"FFMM: asamblea en Villa Mar\u00eda puso plazo a la publicaci\u00f3n en el Bolet\u00edn Oficial de 184 pases a planta permanente"},"content":{"rendered":"\n<div class=\"wp-block-image\"><figure class=\"alignright size-large is-resized\"><img loading=\"lazy\" decoding=\"async\" src=\"https:\/\/atecordoba.org\/wp-content\/uploads\/2022\/03\/WhatsApp-Image-2022-03-14-at-2.40.26-PM-1024x1024.jpeg\" alt=\"\" class=\"wp-image-30647\" width=\"503\" height=\"503\" \/><\/figure><\/div>\n\n\n\n<p>Ayer ATE Villa Mar\u00eda realiz\u00f3 una importante asamblea en la F\u00e1brica Militar (FMVM) donde la conducci\u00f3n de la seccional brind\u00f3 un informe de<a href=\"https:\/\/atecordoba.org\/?p=30619\"> las gestiones realizadas en la Sede Central del organismo<\/a>.<\/p>\n\n\n\n<p>Luego que los representantes del sindicato dieran los detalles de las reuniones y analizando la situaci\u00f3n actual junto a las y los trabajadores de la f\u00e1brica, que tuvo como eje central la discusi\u00f3n sobre la planta permanente ganada por concurso por 184 compa\u00f1eros en 2014. A la fecha solo resta su publicaci\u00f3n en el bolet\u00edn oficial, una medida netamente pol\u00edtica que hasta hoy ha trabado su implementaci\u00f3n.<\/p>\n\n\n\n<p>&#8220;Las y los trabajadores de la FMVM votaron poner como fecha l\u00edmite los d\u00edas comprendidos entre el &nbsp;02 al 07 &nbsp;de mayo para que se cumpla de manera concreta la publicaci\u00f3n de 184 concursos de &nbsp;planta permanente. Se tiene que ver reflejada la medida en el recibo de sueldo correspondiente&#8221;, resolvi\u00f3 la asamblea.<\/p>\n\n\n\n<p>Y asegur\u00f3 que &#8220;en caso de no impactar dicho cambio en los recibos para esa fecha l\u00edmite, las y los compa\u00f1eros de la FMVM decidimos reclamar y movilizarnos &nbsp;de manera &nbsp;presencial con una &nbsp;concurrencia masiva ante las oficinas centrales de Empleo P\u00fablico en la ciudad aut\u00f3noma de Buenos Aires, como primer medida de protesta ,previo a las medidas sindicales que correspondan&#8221;.<\/p>\n\n\n\n<p>La asamblea estuvo encabezada por el secretario General de ATE Villa mar\u00eda, Fernando Mercado, y el secretario Gremial, Jorge Heredia. <\/p>\n","protected":false},"excerpt":{"rendered":"<p>Ayer ATE Villa Mar\u00eda realiz\u00f3 una importante asamblea en la F\u00e1brica Militar (FMVM) donde la conducci\u00f3n de la seccional brind\u00f3 un informe de las gestiones realizadas en la Sede Central del organismo. Luego que los representantes del sindicato dieran los detalles de las reuniones y analizando la situaci\u00f3n actual junto a las y los trabajadores [&hellip;]<\/p>\n","protected":false},"author":7,"featured_media":30654,"comment_status":"open","ping_status":"open","sticky":false,"template":"","format":"standard","meta":{"_exactmetrics_skip_tracking":false,"_exactmetrics_sitenote_active":false,"_exactmetrics_sitenote_note":"","_exactmetrics_sitenote_category":0,"jnews-multi-image_gallery":[],"jnews_single_post":{"subtitle":"Se trata de concursos realizados en 2014 que aun aguardan su efectivizaci\u00f3n. ","format":"standard","video":"","gallery":"","source_name":"","source_url":"","via_name":"","via_url":"","override":[{"template":"1","single_blog_custom":"","parallax":"1","fullscreen":"1","layout":"right-sidebar","sidebar":"default-sidebar","second_sidebar":"default-sidebar","sticky_sidebar":"1","share_position":"top","share_float_style":"share-monocrhome","show_share_counter":"1","show_view_counter":"1","show_featured":"1","show_post_meta":"1","show_post_author":"1","show_post_author_image":"1","show_post_date":"1","post_date_format":"default","post_date_format_custom":"Y\/m\/d","show_post_category":"1","post_reading_time_wpm":"300","zoom_button_out_step":"2","zoom_button_in_step":"3","show_post_tag":"1","show_prev_next_post":"1","show_popup_post":"1","number_popup_post":"1"}],"image_override":[{"single_post_thumbnail_size":"crop-500","single_post_gallery_size":"crop-500"}],"trending_post_position":"meta","trending_post_label":"Trending","sponsored_post_label":"Sponsored by","sponsored_post_name":"","sponsored_post_url":"","sponsored_post_logo":"","sponsored_post_desc":""},"jnews_primary_category":{"id":""},"jnews_social_meta":[],"jnews_review":[],"enable_review":"","type":"","name":"","summary":"","brand":"","sku":"","good":[],"bad":[],"score_override":"","override_value":"","rating":[],"price":[],"jnews_override_counter":[],"jnews_post_split":[],"footnotes":""},"categories":[18],"tags":[434],"class_list":["post-30646","post","type-post","status-publish","format-standard","has-post-thumbnail","hentry","category-nacionales","tag-fabricaciones-militares"],"jetpack_featured_media_url":"https:\/\/atecordoba.org\/wp-content\/uploads\/2022\/03\/FFMM_asambleavillamaria-e1647349881332.jpeg","_links":{"self":[{"href":"https:\/\/atecordoba.org\/index.php?rest_route=\/wp\/v2\/posts\/30646","targetHints":{"allow":["GET"]}}],"collection":[{"href":"https:\/\/atecordoba.org\/index.php?rest_route=\/wp\/v2\/posts"}],"about":[{"href":"https:\/\/atecordoba.org\/index.php?rest_route=\/wp\/v2\/types\/post"}],"author":[{"embeddable":true,"href":"https:\/\/atecordoba.org\/index.php?rest_route=\/wp\/v2\/users\/7"}],"replies":[{"embeddable":true,"href":"https:\/\/atecordoba.org\/index.php?rest_route=%2Fwp%2Fv2%2Fcomments&post=30646"}],"version-history":[{"count":3,"href":"https:\/\/atecordoba.org\/index.php?rest_route=\/wp\/v2\/posts\/30646\/revisions"}],"predecessor-version":[{"id":30652,"href":"https:\/\/atecordoba.org\/index.php?rest_route=\/wp\/v2\/posts\/30646\/revisions\/30652"}],"wp:featuredmedia":[{"embeddable":true,"href":"https:\/\/atecordoba.org\/index.php?rest_route=\/wp\/v2\/media\/30654"}],"wp:attachment":[{"href":"https:\/\/atecordoba.org\/index.php?rest_route=%2Fwp%2Fv2%2Fmedia&parent=30646"}],"wp:term":[{"taxonomy":"category","embeddable":true,"href":"https:\/\/atecordoba.org\/index.php?rest_route=%2Fwp%2Fv2%2Fcategories&post=30646"},{"taxonomy":"post_tag","embeddable":true,"href":"https:\/\/atecordoba.org\/index.php?rest_route=%2Fwp%2Fv2%2Ftags&post=30646"}],"curies":[{"name":"wp","href":"https:\/\/api.w.org\/{rel}","templated":true}]}}