{"id":30641,"date":"2022-03-14T14:06:32","date_gmt":"2022-03-14T17:06:32","guid":{"rendered":"https:\/\/atecordoba.org\/?p=30641"},"modified":"2022-03-14T14:09:24","modified_gmt":"2022-03-14T17:09:24","slug":"las-acequias-paritaria-alcanza-un-35-para-el-primer-semestre-de-2022","status":"publish","type":"post","link":"https:\/\/atecordoba.org\/?p=30641","title":{"rendered":"Las Acequias: la paritaria logra un aumento del 35% para el primer semestre de 2022"},"content":{"rendered":"\n<div class=\"wp-block-image\"><figure class=\"aligncenter size-large is-resized\"><img loading=\"lazy\" decoding=\"async\" src=\"https:\/\/atecordoba.org\/wp-content\/uploads\/2022\/03\/14_03_22_LasAcequiasAumento-1024x461.jpeg\" alt=\"\" class=\"wp-image-30642\" width=\"768\" height=\"346\" \/><\/figure><\/div>\n\n\n\n<p>En una audiencia paritaria realizada hoy, al seccional ATE R\u00edo Cuarto inform\u00f3 sobre el acuerdo salarial alcanzado con el Departamento Ejecutivo de la localidad de La Acequias. <\/p>\n\n\n\n<p>En tal sentido, se acord\u00f3 un aumento salarial del 35% hasta el mes de junio, pagadero en tres tramos: el 15% en marzo, 10% se pagar\u00e1 en abril y otro 10% en mayo. De esta forma se alcanza un 35% de incremento de haberes para la totalidad de la planta de personal del municipio.<\/p>\n\n\n\n<p>Se trata de la segunda reuni\u00f3n del a\u00f1o y estuvieron presentes, el intendente Gast\u00f3n Tomatis y parte de su equipo funcionarios, mientras que por nuestro gremio encabez\u00f3 la partida la secretaria General de la seccional, Rafaela Alcoba, el prosecretario Gremial Rodrigo Olgu\u00edn, y el cuerpo de delegados y delegadas municipal de Las Acequias.<\/p>\n\n\n\n<p>Alcoba adelant\u00f3 que &#8220;en julio se realizar\u00e1 una nueva reuni\u00f3n para discutir la recomposici\u00f3n de la segunda parte del a\u00f1o, atento que la actual subida de precios anticipa una alta inflaci\u00f3n para este 2022&#8221;.<\/p>\n\n\n\n<p>Adem\u00e1s, la dirigente dijo que en julio se abordar\u00e1n tambi\u00e9n &#8220;las recategorizaciones para todo el personal del municipio y se iniciar\u00e1n las reuniones de la Mesa de Relaciones Laborales, para trabajar sobre un nuevo Estatuto Municipal, algo que venimos planteando ya en otras instancias y que est\u00e1 como materia pendiente. Tambi\u00e9n se presentar\u00e1 el listado, con talles y dem\u00e1s, para la entrega de indumentaria para la temporada invernal&#8221;.<\/p>\n","protected":false},"excerpt":{"rendered":"<p>En una audiencia paritaria realizada hoy, al seccional ATE R\u00edo Cuarto inform\u00f3 sobre el acuerdo salarial alcanzado con el Departamento Ejecutivo de la localidad de La Acequias. En tal sentido, se acord\u00f3 un aumento salarial del 35% hasta el mes de junio, pagadero en tres tramos: el 15% en marzo, 10% se pagar\u00e1 en abril [&hellip;]<\/p>\n","protected":false},"author":7,"featured_media":30642,"comment_status":"open","ping_status":"open","sticky":false,"template":"","format":"standard","meta":{"_exactmetrics_skip_tracking":false,"_exactmetrics_sitenote_active":false,"_exactmetrics_sitenote_note":"","_exactmetrics_sitenote_category":0,"jnews-multi-image_gallery":[],"jnews_single_post":{"subtitle":"Seg\u00fan explic\u00f3 la secretaria General de ATE R\u00edo Cuarto, Rafaela Alcoba, la recomposici\u00f3n se pagar\u00e1 15% en marco, 10 en abril y 10% en mayo. ","format":"standard","video":"","gallery":"","source_name":"","source_url":"","via_name":"","via_url":"","override":[{"template":"1","single_blog_custom":"","parallax":"1","fullscreen":"1","layout":"right-sidebar","sidebar":"default-sidebar","second_sidebar":"default-sidebar","sticky_sidebar":"1","share_position":"top","share_float_style":"share-monocrhome","show_share_counter":"1","show_view_counter":"1","show_featured":"1","show_post_meta":"1","show_post_author":"1","show_post_author_image":"1","show_post_date":"1","post_date_format":"default","post_date_format_custom":"Y\/m\/d","show_post_category":"1","post_reading_time_wpm":"300","zoom_button_out_step":"2","zoom_button_in_step":"3","show_post_tag":"1","show_prev_next_post":"1","show_popup_post":"1","number_popup_post":"1"}],"image_override":[{"single_post_thumbnail_size":"crop-500","single_post_gallery_size":"crop-500"}],"trending_post_position":"meta","trending_post_label":"Trending","sponsored_post_label":"Sponsored by","sponsored_post_name":"","sponsored_post_url":"","sponsored_post_logo":"","sponsored_post_desc":""},"jnews_primary_category":{"id":""},"jnews_social_meta":[],"jnews_review":[],"enable_review":"","type":"","name":"","summary":"","brand":"","sku":"","good":[],"bad":[],"score_override":"","override_value":"","rating":[],"price":[],"jnews_override_counter":[],"jnews_post_split":[],"footnotes":""},"categories":[20],"tags":[790],"class_list":["post-30641","post","type-post","status-publish","format-standard","has-post-thumbnail","hentry","category-municipales","tag-las-acequias"],"jetpack_featured_media_url":"https:\/\/atecordoba.org\/wp-content\/uploads\/2022\/03\/14_03_22_LasAcequiasAumento-e1647277584930.jpeg","_links":{"self":[{"href":"https:\/\/atecordoba.org\/index.php?rest_route=\/wp\/v2\/posts\/30641","targetHints":{"allow":["GET"]}}],"collection":[{"href":"https:\/\/atecordoba.org\/index.php?rest_route=\/wp\/v2\/posts"}],"about":[{"href":"https:\/\/atecordoba.org\/index.php?rest_route=\/wp\/v2\/types\/post"}],"author":[{"embeddable":true,"href":"https:\/\/atecordoba.org\/index.php?rest_route=\/wp\/v2\/users\/7"}],"replies":[{"embeddable":true,"href":"https:\/\/atecordoba.org\/index.php?rest_route=%2Fwp%2Fv2%2Fcomments&post=30641"}],"version-history":[{"count":3,"href":"https:\/\/atecordoba.org\/index.php?rest_route=\/wp\/v2\/posts\/30641\/revisions"}],"predecessor-version":[{"id":30645,"href":"https:\/\/atecordoba.org\/index.php?rest_route=\/wp\/v2\/posts\/30641\/revisions\/30645"}],"wp:featuredmedia":[{"embeddable":true,"href":"https:\/\/atecordoba.org\/index.php?rest_route=\/wp\/v2\/media\/30642"}],"wp:attachment":[{"href":"https:\/\/atecordoba.org\/index.php?rest_route=%2Fwp%2Fv2%2Fmedia&parent=30641"}],"wp:term":[{"taxonomy":"category","embeddable":true,"href":"https:\/\/atecordoba.org\/index.php?rest_route=%2Fwp%2Fv2%2Fcategories&post=30641"},{"taxonomy":"post_tag","embeddable":true,"href":"https:\/\/atecordoba.org\/index.php?rest_route=%2Fwp%2Fv2%2Ftags&post=30641"}],"curies":[{"name":"wp","href":"https:\/\/api.w.org\/{rel}","templated":true}]}}