{"id":30633,"date":"2022-03-14T12:18:28","date_gmt":"2022-03-14T15:18:28","guid":{"rendered":"https:\/\/atecordoba.org\/?p=30633"},"modified":"2022-03-14T12:41:20","modified_gmt":"2022-03-14T15:41:20","slug":"la-conduccion-de-ate-cordoba-realizara-una-visita-al-espacio-de-la-memoria-la-perla","status":"publish","type":"post","link":"https:\/\/atecordoba.org\/?p=30633","title":{"rendered":"La conducci\u00f3n de ATE C\u00f3rdoba realizar\u00e1 una visita al Espacio de la Memoria La Perla"},"content":{"rendered":"\n<div class=\"wp-block-image\"><figure class=\"alignleft size-full\"><img decoding=\"async\" src=\"https:\/\/atecordoba.org\/wp-content\/uploads\/2022\/03\/WhatsApp-Image-2022-03-14-at-9.38.58-AM-1.jpeg\" alt=\"\" class=\"wp-image-30634\" \/><\/figure><\/div>\n\n\n\n<p>El jueves 17 de marzo el Consejo Directivo Provincial (CDP) llevar\u00e1 a cabo una visita al<a href=\"https:\/\/espaciomemoria.ar\/memoriaencasa\/conquistas_la_perla\/\"> Espacio de la Memoria La Perla<\/a>, en el marco del mes de la memoria -que culmina el 24 de marzo con la movilizaci\u00f3n que confluye en todo el pa\u00eds- para fortalecer las pol\u00edticas de formaci\u00f3n de de las y los cuadros militantes, activistas, dirigentes y delegados de toda la provincia. <\/p>\n\n\n\n<p>La actividad estar\u00e1 encabezada por el secretario General de ATE C\u00f3rdoba, Federico Giuliani, y contar\u00e1 con la presencia de la comisi\u00f3n directiva del CDP, diversos cuerpos de delegados de organismos estatales nacionales, provinciales y municipales, as\u00ed como integrantes de las seccionales y delegaciones de ATE del interior provincial. <\/p>\n\n\n\n<p>Est\u00e1 previsto que parte un colectivo desde la sede de ATE, Entre R\u00edos 450, a las 9 horas, y se estima que participar\u00e1n de la actividad alrededor de 80 compa\u00f1eros y compa\u00f1eras.<\/p>\n\n\n\n<p>Cabe destacar que se trata de una actividad liderada por la Secretaria de Formaci\u00f3n del CDP, acompa\u00f1ada conjuntamente por el Departamento de DDHH, el Departamento de G\u00e9neros y Diversidades, el Departamento de Cultura y el Departamento de Discapacidad. <\/p>\n\n\n\n<p>Tal como explic\u00f3 el secretario de Formaci\u00f3n, C\u00e9sar Theaux, la visita forma parte de una pol\u00edtica de ATE realizada a partir de &#8220;pensar que para la formaci\u00f3n de las y los cuadros pol\u00edticos, militantes, delegados y delegadas es importante que conozcamos nuestra historia reciente, y en ese contexto el proceso que se llev\u00f3 a cabo en la \u00faltima dictadura c\u00edvico-militar&#8221;.<\/p>\n\n\n\n<p>&#8220;Una forma de aprendizaje es el recorrido de los centros clandestinos de detenci\u00f3n. El a\u00f1o pasado solo pudieron ir 20 compa\u00f1eros y compa\u00f1eras a la D2 (ex Departamento de Inteligencia de la Polic\u00eda de C\u00f3rdoba &#8211; Pje Santa Catalina), por la pandemia. &nbsp;Ahora que est\u00e1n abiertos los centros de la memoria, vamos a ir a La Perla y despu\u00e9s al Campo de La Ribera. Estamos en el mes de la memoria y lo abordamos como una instancia de aprendizaje, de reflexi\u00f3n y de conocimiento de nuestra historia. As\u00ed podemos estar formados como militantes y como delegadas y delegados representantes de ATE&#8221;, resumi\u00f3 el dirigente.<\/p>\n\n\n\n<p>Las y los interesados en participar de la actividad deben inscribirse <a href=\"https:\/\/forms.gle\/nPoPPDJTXGoHLbyc7\">aqu\u00ed.<\/a> <\/p>\n\n\n\n<figure class=\"wp-block-embed is-type-video is-provider-youtube wp-block-embed-youtube wp-embed-aspect-16-9 wp-has-aspect-ratio\"><div class=\"wp-block-embed__wrapper\">\n<div class=\"epyt-video-wrapper\"><iframe loading=\"lazy\"  style=\"display: block; margin: 0px auto;\"  id=\"_ytid_36536\"  width=\"480\" height=\"270\"  data-origwidth=\"480\" data-origheight=\"270\" src=\"https:\/\/www.youtube.com\/embed\/wnYiHGATsMw?enablejsapi=1&#038;autoplay=0&#038;cc_load_policy=0&#038;cc_lang_pref=&#038;iv_load_policy=3&#038;loop=0&#038;rel=0&#038;fs=1&#038;playsinline=0&#038;autohide=2&#038;theme=dark&#038;color=red&#038;controls=1&#038;disablekb=0&#038;\" class=\"__youtube_prefs__  epyt-is-override  no-lazyload\" title=\"YouTube player\"  allow=\"fullscreen; accelerometer; autoplay; clipboard-write; encrypted-media; gyroscope; picture-in-picture; web-share\" referrerpolicy=\"strict-origin-when-cross-origin\" allowfullscreen data-no-lazy=\"1\" data-skipgform_ajax_framebjll=\"\"><\/iframe><\/div>\n<\/div><\/figure>\n","protected":false},"excerpt":{"rendered":"<p>El jueves 17 de marzo el Consejo Directivo Provincial (CDP) llevar\u00e1 a cabo una visita al Espacio de la Memoria La Perla, en el marco del mes de la memoria -que culmina el 24 de marzo con la movilizaci\u00f3n que confluye en todo el pa\u00eds- para fortalecer las pol\u00edticas de formaci\u00f3n de de las y [&hellip;]<\/p>\n","protected":false},"author":7,"featured_media":30634,"comment_status":"open","ping_status":"open","sticky":false,"template":"","format":"standard","meta":{"_exactmetrics_skip_tracking":false,"_exactmetrics_sitenote_active":false,"_exactmetrics_sitenote_note":"","_exactmetrics_sitenote_category":0,"jnews-multi-image_gallery":[],"jnews_single_post":{"subtitle":"\"Para la formaci\u00f3n de las y los cuadros pol\u00edticos, militantes, delegadas y delegados es importante que conozcamos nuestra historia reciente\", dijo el secretario de Formaci\u00f3n, C\u00e9sar Theaux.","format":"standard","video":"","gallery":"","source_name":"","source_url":"","via_name":"","via_url":"","override":[{"template":"1","single_blog_custom":"","parallax":"1","fullscreen":"1","layout":"right-sidebar","sidebar":"default-sidebar","second_sidebar":"default-sidebar","sticky_sidebar":"1","share_position":"top","share_float_style":"share-monocrhome","show_share_counter":"1","show_view_counter":"1","show_featured":"1","show_post_meta":"1","show_post_author":"1","show_post_author_image":"1","show_post_date":"1","post_date_format":"default","post_date_format_custom":"Y\/m\/d","show_post_category":"1","post_reading_time_wpm":"300","zoom_button_out_step":"2","zoom_button_in_step":"3","show_post_tag":"1","show_prev_next_post":"1","show_popup_post":"1","number_popup_post":"1"}],"image_override":[{"single_post_thumbnail_size":"crop-500","single_post_gallery_size":"crop-500"}],"trending_post_position":"meta","trending_post_label":"Trending","sponsored_post_label":"Sponsored by","sponsored_post_name":"","sponsored_post_url":"","sponsored_post_logo":"","sponsored_post_desc":""},"jnews_primary_category":{"id":""},"jnews_social_meta":[],"jnews_review":[],"enable_review":"","type":"","name":"","summary":"","brand":"","sku":"","good":[],"bad":[],"score_override":"","override_value":"","rating":[],"price":[],"jnews_override_counter":[],"jnews_post_split":[],"footnotes":""},"categories":[341,122,625,88,325],"tags":[1040,1041],"class_list":["post-30633","post","type-post","status-publish","format-standard","has-post-thumbnail","hentry","category-cdp","category-ddhh","category-discapacidad","category-formacion","category-generos-y-diversidades","tag-la-perla","tag-visita"],"jetpack_featured_media_url":"https:\/\/atecordoba.org\/wp-content\/uploads\/2022\/03\/WhatsApp-Image-2022-03-14-at-9.38.58-AM-1-e1647271099525.jpeg","_links":{"self":[{"href":"https:\/\/atecordoba.org\/index.php?rest_route=\/wp\/v2\/posts\/30633","targetHints":{"allow":["GET"]}}],"collection":[{"href":"https:\/\/atecordoba.org\/index.php?rest_route=\/wp\/v2\/posts"}],"about":[{"href":"https:\/\/atecordoba.org\/index.php?rest_route=\/wp\/v2\/types\/post"}],"author":[{"embeddable":true,"href":"https:\/\/atecordoba.org\/index.php?rest_route=\/wp\/v2\/users\/7"}],"replies":[{"embeddable":true,"href":"https:\/\/atecordoba.org\/index.php?rest_route=%2Fwp%2Fv2%2Fcomments&post=30633"}],"version-history":[{"count":5,"href":"https:\/\/atecordoba.org\/index.php?rest_route=\/wp\/v2\/posts\/30633\/revisions"}],"predecessor-version":[{"id":30640,"href":"https:\/\/atecordoba.org\/index.php?rest_route=\/wp\/v2\/posts\/30633\/revisions\/30640"}],"wp:featuredmedia":[{"embeddable":true,"href":"https:\/\/atecordoba.org\/index.php?rest_route=\/wp\/v2\/media\/30634"}],"wp:attachment":[{"href":"https:\/\/atecordoba.org\/index.php?rest_route=%2Fwp%2Fv2%2Fmedia&parent=30633"}],"wp:term":[{"taxonomy":"category","embeddable":true,"href":"https:\/\/atecordoba.org\/index.php?rest_route=%2Fwp%2Fv2%2Fcategories&post=30633"},{"taxonomy":"post_tag","embeddable":true,"href":"https:\/\/atecordoba.org\/index.php?rest_route=%2Fwp%2Fv2%2Ftags&post=30633"}],"curies":[{"name":"wp","href":"https:\/\/api.w.org\/{rel}","templated":true}]}}