{"id":30626,"date":"2022-03-14T10:35:19","date_gmt":"2022-03-14T13:35:19","guid":{"rendered":"https:\/\/atecordoba.org\/?p=30626"},"modified":"2022-03-14T10:37:05","modified_gmt":"2022-03-14T13:37:05","slug":"protesta-en-el-hospital-misericordia","status":"publish","type":"post","link":"https:\/\/atecordoba.org\/?p=30626","title":{"rendered":"Protesta en el Hospital Misericordia"},"content":{"rendered":"\n<div class=\"wp-block-image\"><figure class=\"alignright size-large is-resized\"><img loading=\"lazy\" decoding=\"async\" src=\"https:\/\/atecordoba.org\/wp-content\/uploads\/2022\/03\/06-04-Hospital-Misericordia-2-1024x576.jpeg\" alt=\"\" class=\"wp-image-30627\" width=\"512\" height=\"288\" \/><figcaption>Asamblea con olla popular (archivo).<\/figcaption><\/figure><\/div>\n\n\n\n<p>El jueves 17 de corriente, desde las 10 horas, se llevar\u00e1 a cabo una protesta motorizada por ATE en el Hospital Misericordia, en el marco del plan de lucha de las y los trabajadores provinciales en rechazo de la exigua pauta salarial que acord\u00f3 el gobierno de Schiaretti con el SEP, y que tiene el rechazo un\u00e1nime del personal de salud provincial.<\/p>\n\n\n\n<p>La actividad estar\u00e1 compuesta de una asamblea general del hospital, y un desayuno popular con mate cocido para todos los que se acerquen, m\u00e1s un abrazo solidario para el que est\u00e1 convocada la comunidad hospitalaria, los pacientes y familiares y vecinos que son usuarios habituales del centro de salud.<\/p>\n\n\n\n<p>Tambi\u00e9n est\u00e1 previsto realizar una feria de puestos donde las y los trabajadores podr\u00e1n en venta productos que habitualmente salen a vender para completar sus haberes, ante la necesidad de completar ingresos por la baj\u00edsima capacidad adquisitiva que tienen los sueldos provinciales. &#8220;Es una manera de ilustrar el pluriempleo que sufrimos las y los trabajadores de la salud ante los salarios de miseria que paga el Gobierno de Schiaretti&#8221;, explic\u00f3 la delegada Griselda G\u00f3mez. <\/p>\n\n\n\n<p>Cabe se\u00f1alar que ATE viene impulsando el reclamo por un aumentos salarial del 60% para el sector salud, que sea efectivizado en una cuota y se incluya en el b\u00e1sico, al mismo tiempo que reclama un salario inicial de 78 mil pesos, l\u00edmite de la l\u00ednea de la pobreza del INDEC en enero pasado. &#8220;El 30% que acord\u00f3 Pihen es una estafa. Nos plantamos y peleamos por lo nuestro&#8221;, concluy\u00f3 G\u00f3mez en la convocatoria. <\/p>\n\n\n\n<p>La grilla de reclamos:<\/p>\n\n\n\n<ul class=\"wp-block-list\"><li>60% de aumento en una cuota, al b\u00e1sico y c\/ cl\u00e1usula gatillo<\/li><li>Salario de $78.000<\/li><li>Incorporaci\u00f3n de bonos al b\u00e1sico<\/li><li>Pase a planta de todo el personal de salud<\/li><li>Basta de retiros anticipados: 82% m\u00f3vil para todos los jubilados<\/li><\/ul>\n\n\n\n<p><\/p>\n","protected":false},"excerpt":{"rendered":"<p>El jueves 17 de corriente, desde las 10 horas, se llevar\u00e1 a cabo una protesta motorizada por ATE en el Hospital Misericordia, en el marco del plan de lucha de las y los trabajadores provinciales en rechazo de la exigua pauta salarial que acord\u00f3 el gobierno de Schiaretti con el SEP, y que tiene el [&hellip;]<\/p>\n","protected":false},"author":7,"featured_media":30627,"comment_status":"open","ping_status":"open","sticky":false,"template":"","format":"standard","meta":{"_exactmetrics_skip_tracking":false,"_exactmetrics_sitenote_active":false,"_exactmetrics_sitenote_note":"","_exactmetrics_sitenote_category":0,"jnews-multi-image_gallery":[],"jnews_single_post":{"subtitle":"Se realizar\u00e1 una olla popular de mate cocido a partir de las 10 horas, una asamblea y una feria de platos y productos para ilustrar el pluriempleo al que se ven sometidos los y las trabajadoras de salud debido a los magros salarios provinciales.","format":"standard","video":"","gallery":"","source_name":"","source_url":"","via_name":"","via_url":"","override":[{"template":"1","single_blog_custom":"","parallax":"1","fullscreen":"1","layout":"right-sidebar","sidebar":"default-sidebar","second_sidebar":"default-sidebar","sticky_sidebar":"1","share_position":"top","share_float_style":"share-monocrhome","show_share_counter":"1","show_view_counter":"1","show_featured":"1","show_post_meta":"1","show_post_author":"1","show_post_author_image":"1","show_post_date":"1","post_date_format":"default","post_date_format_custom":"Y\/m\/d","show_post_category":"1","post_reading_time_wpm":"300","zoom_button_out_step":"2","zoom_button_in_step":"3","show_post_tag":"1","show_prev_next_post":"1","show_popup_post":"1","number_popup_post":"1"}],"image_override":[{"single_post_thumbnail_size":"crop-500","single_post_gallery_size":"crop-500"}],"trending_post_position":"meta","trending_post_label":"Trending","sponsored_post_label":"Sponsored by","sponsored_post_name":"","sponsored_post_url":"","sponsored_post_logo":"","sponsored_post_desc":""},"jnews_primary_category":{"id":""},"jnews_social_meta":[],"jnews_review":[],"enable_review":"","type":"","name":"","summary":"","brand":"","sku":"","good":[],"bad":[],"score_override":"","override_value":"","rating":[],"price":[],"jnews_override_counter":[],"jnews_post_split":[],"footnotes":""},"categories":[8],"tags":[353],"class_list":["post-30626","post","type-post","status-publish","format-standard","has-post-thumbnail","hentry","category-provinciales","tag-hospital-misericordia"],"jetpack_featured_media_url":"https:\/\/atecordoba.org\/wp-content\/uploads\/2022\/03\/06-04-Hospital-Misericordia-2-e1647264905900.jpeg","_links":{"self":[{"href":"https:\/\/atecordoba.org\/index.php?rest_route=\/wp\/v2\/posts\/30626","targetHints":{"allow":["GET"]}}],"collection":[{"href":"https:\/\/atecordoba.org\/index.php?rest_route=\/wp\/v2\/posts"}],"about":[{"href":"https:\/\/atecordoba.org\/index.php?rest_route=\/wp\/v2\/types\/post"}],"author":[{"embeddable":true,"href":"https:\/\/atecordoba.org\/index.php?rest_route=\/wp\/v2\/users\/7"}],"replies":[{"embeddable":true,"href":"https:\/\/atecordoba.org\/index.php?rest_route=%2Fwp%2Fv2%2Fcomments&post=30626"}],"version-history":[{"count":2,"href":"https:\/\/atecordoba.org\/index.php?rest_route=\/wp\/v2\/posts\/30626\/revisions"}],"predecessor-version":[{"id":30630,"href":"https:\/\/atecordoba.org\/index.php?rest_route=\/wp\/v2\/posts\/30626\/revisions\/30630"}],"wp:featuredmedia":[{"embeddable":true,"href":"https:\/\/atecordoba.org\/index.php?rest_route=\/wp\/v2\/media\/30627"}],"wp:attachment":[{"href":"https:\/\/atecordoba.org\/index.php?rest_route=%2Fwp%2Fv2%2Fmedia&parent=30626"}],"wp:term":[{"taxonomy":"category","embeddable":true,"href":"https:\/\/atecordoba.org\/index.php?rest_route=%2Fwp%2Fv2%2Fcategories&post=30626"},{"taxonomy":"post_tag","embeddable":true,"href":"https:\/\/atecordoba.org\/index.php?rest_route=%2Fwp%2Fv2%2Ftags&post=30626"}],"curies":[{"name":"wp","href":"https:\/\/api.w.org\/{rel}","templated":true}]}}