{"id":30619,"date":"2022-03-14T09:35:04","date_gmt":"2022-03-14T12:35:04","guid":{"rendered":"https:\/\/atecordoba.org\/?p=30619"},"modified":"2022-03-14T09:39:01","modified_gmt":"2022-03-14T12:39:01","slug":"reunion-con-el-directorio-de-fabricaciones-militares-avanzo-sobre-pases-a-planta-y-cct","status":"publish","type":"post","link":"https:\/\/atecordoba.org\/?p=30619","title":{"rendered":"Reuni\u00f3n con el Directorio de Fabricaciones Militares avanz\u00f3 sobre pases a planta y CCT"},"content":{"rendered":"\n<div class=\"wp-block-image\"><figure class=\"alignleft size-large is-resized\"><img decoding=\"async\" src=\"https:\/\/atecordoba.org\/wp-content\/uploads\/2022\/03\/FFMMreuniondirectorio.jpg\" alt=\"\" class=\"wp-image-30620\" width=\"750\" \/><\/figure><\/div>\n\n\n\n<p>El viernes 11 de marzo se realiz\u00f3 la reuni\u00f3n gremial con el Directorio de Fabricaciones Militares, en la Sede Central de Fabricaciones Militares.<\/p>\n\n\n\n<p>En representaci\u00f3n de organismo estuvieron el presidente del Directorio, Iv\u00e1n Durig\u00f3n, junto a los funcionarios Mauricio Riafrecha, Nicol\u00e1s Paniccelli, Pablo Rufini, Eugenio Varas y Mat\u00edas Vlasic.<\/p>\n\n\n\n<p>Por parte de ATE participaron los compa\u00f1eros Orestes Galeano, Marcelo De Rito, Dami\u00e1n Albornoz, David Salto, Alexander Cabrera, Dar\u00edo Torres, Vanina Zurita, Gustavo Luj\u00e1n, Sebasti\u00e1n Maddio, Fernando Peyrano, Nahuel Garay, Javier Leones, Fernando Mercado, Jorge Heredia, Gerardo Salguero y Ricardo Codul.<\/p>\n\n\n\n<p>Luego de que ambas partes se expresen a trav\u00e9s de largos debates, haciendo hincapi\u00e9 en la resoluci\u00f3n de plenario, se acuerda:<\/p>\n\n\n\n<p>-Trabajar entre Fabricaciones Militares y ATE para agilizar la efectivizaci\u00f3n del pase a Plantel Permanente de los concursos realizados en el a\u00f1o 2014. A su vez avanzar ante Gesti\u00f3n Publica en el pase a Plantel Permanente de todas y todos los trabajadores de la FMSE.<\/p>\n\n\n\n<p>-Comenzar con las reuniones en conjunto con las y los actores pertinentes para terminar el convenio colectivo de trabajo sectorial (CCT), como fecha l\u00edmite el 10 de diciembre del corriente.<\/p>\n\n\n\n<p>-Con respecto a las y los trabajadores que su situaci\u00f3n contractual es la ley de contrato de trabajo, se les reconocer\u00e1 la diferencia de la liquidaci\u00f3n del LOA, cuya f\u00f3rmula fue perjudicial en t\u00e9rminos econ\u00f3micos, la misma se les abonar\u00e1 en 2 cuotas, la primera con los haberes de mayo y la segunda con los haberes de julio.<\/p>\n\n\n\n<p>-Por \u00faltimo, se acuerda a trav\u00e9s de un dialogo responsable, una reuni\u00f3n por cada F\u00e1brica entre ATE y los directivos junto a los funcionarios de Fabricaciones, en la Sede Central a fin de acordar el esquema de regularizaci\u00f3n de categor\u00edas pendientes (seg\u00fan nomenclador de funciones) en un proceso gradual.<\/p>\n\n\n\n<p>De esta manera se daba por finalizada la reuni\u00f3n, esperando la pr\u00f3xima para avanzar en los puntos acordados.<\/p>\n","protected":false},"excerpt":{"rendered":"<p>El viernes 11 de marzo se realiz\u00f3 la reuni\u00f3n gremial con el Directorio de Fabricaciones Militares, en la Sede Central de Fabricaciones Militares. En representaci\u00f3n de organismo estuvieron el presidente del Directorio, Iv\u00e1n Durig\u00f3n, junto a los funcionarios Mauricio Riafrecha, Nicol\u00e1s Paniccelli, Pablo Rufini, Eugenio Varas y Mat\u00edas Vlasic. Por parte de ATE participaron los [&hellip;]<\/p>\n","protected":false},"author":7,"featured_media":30620,"comment_status":"open","ping_status":"open","sticky":false,"template":"","format":"standard","meta":{"_exactmetrics_skip_tracking":false,"_exactmetrics_sitenote_active":false,"_exactmetrics_sitenote_note":"","_exactmetrics_sitenote_category":0,"jnews-multi-image_gallery":[],"jnews_single_post":{"subtitle":"Se abord\u00f3 el pase a Plantel Permanente de los concursos realizados en el a\u00f1o 2014, incorporando a resto de los contratados que re\u00fanan las condiciones que fija la ley. Tambi\u00e9n se acord\u00f3 la liquidaci\u00f3n en mayo y julio de las diferencias de LOA que perjudic\u00f3 a las y los contratados.","format":"standard","video":"","gallery":"","source_name":"","source_url":"","via_name":"","via_url":"","override":[{"template":"1","single_blog_custom":"","parallax":"1","fullscreen":"1","layout":"right-sidebar","sidebar":"default-sidebar","second_sidebar":"default-sidebar","sticky_sidebar":"1","share_position":"top","share_float_style":"share-monocrhome","show_share_counter":"1","show_view_counter":"1","show_featured":"1","show_post_meta":"1","show_post_author":"1","show_post_author_image":"1","show_post_date":"1","post_date_format":"default","post_date_format_custom":"Y\/m\/d","show_post_category":"1","post_reading_time_wpm":"300","zoom_button_out_step":"2","zoom_button_in_step":"3","show_post_tag":"1","show_prev_next_post":"1","show_popup_post":"1","number_popup_post":"1"}],"image_override":[{"single_post_thumbnail_size":"crop-500","single_post_gallery_size":"crop-500"}],"trending_post_position":"meta","trending_post_label":"Trending","sponsored_post_label":"Sponsored by","sponsored_post_name":"","sponsored_post_url":"","sponsored_post_logo":"","sponsored_post_desc":""},"jnews_primary_category":{"id":""},"jnews_social_meta":[],"jnews_review":[],"enable_review":"","type":"","name":"","summary":"","brand":"","sku":"","good":[],"bad":[],"score_override":"","override_value":"","rating":[],"price":[],"jnews_override_counter":[],"jnews_post_split":[],"footnotes":""},"categories":[18],"tags":[703],"class_list":["post-30619","post","type-post","status-publish","format-standard","has-post-thumbnail","hentry","category-nacionales","tag-ffmm"],"jetpack_featured_media_url":"https:\/\/atecordoba.org\/wp-content\/uploads\/2022\/03\/FFMMreuniondirectorio-e1647261286223.jpg","_links":{"self":[{"href":"https:\/\/atecordoba.org\/index.php?rest_route=\/wp\/v2\/posts\/30619","targetHints":{"allow":["GET"]}}],"collection":[{"href":"https:\/\/atecordoba.org\/index.php?rest_route=\/wp\/v2\/posts"}],"about":[{"href":"https:\/\/atecordoba.org\/index.php?rest_route=\/wp\/v2\/types\/post"}],"author":[{"embeddable":true,"href":"https:\/\/atecordoba.org\/index.php?rest_route=\/wp\/v2\/users\/7"}],"replies":[{"embeddable":true,"href":"https:\/\/atecordoba.org\/index.php?rest_route=%2Fwp%2Fv2%2Fcomments&post=30619"}],"version-history":[{"count":1,"href":"https:\/\/atecordoba.org\/index.php?rest_route=\/wp\/v2\/posts\/30619\/revisions"}],"predecessor-version":[{"id":30621,"href":"https:\/\/atecordoba.org\/index.php?rest_route=\/wp\/v2\/posts\/30619\/revisions\/30621"}],"wp:featuredmedia":[{"embeddable":true,"href":"https:\/\/atecordoba.org\/index.php?rest_route=\/wp\/v2\/media\/30620"}],"wp:attachment":[{"href":"https:\/\/atecordoba.org\/index.php?rest_route=%2Fwp%2Fv2%2Fmedia&parent=30619"}],"wp:term":[{"taxonomy":"category","embeddable":true,"href":"https:\/\/atecordoba.org\/index.php?rest_route=%2Fwp%2Fv2%2Fcategories&post=30619"},{"taxonomy":"post_tag","embeddable":true,"href":"https:\/\/atecordoba.org\/index.php?rest_route=%2Fwp%2Fv2%2Ftags&post=30619"}],"curies":[{"name":"wp","href":"https:\/\/api.w.org\/{rel}","templated":true}]}}