{"id":30609,"date":"2022-03-11T12:35:12","date_gmt":"2022-03-11T15:35:12","guid":{"rendered":"https:\/\/atecordoba.org\/?p=30609"},"modified":"2022-03-11T12:35:29","modified_gmt":"2022-03-11T15:35:29","slug":"plenario-de-trabajadoras-y-trabajadores-provinciales-el-16-de-marzo","status":"publish","type":"post","link":"https:\/\/atecordoba.org\/?p=30609","title":{"rendered":"Plenario de trabajadoras y trabajadores provinciales el 16 de marzo"},"content":{"rendered":"\n<div class=\"wp-block-image\"><figure class=\"aligncenter size-large is-resized\"><img loading=\"lazy\" decoding=\"async\" src=\"https:\/\/atecordoba.org\/wp-content\/uploads\/2022\/03\/WhatsApp-Image-2022-03-11-at-11.55.17-AM-1024x1024.jpeg\" alt=\"\" class=\"wp-image-30610\" width=\"768\" height=\"768\" \/><\/figure><\/div>\n\n\n\n<p>En continuidad del plan de lucha que vienen desarrollando las y los trabajadores provinciales, en rechazo de la paritaria del Gobierno de C\u00f3rdoba, el Consejo Directivo Provincial convoca a un Plenario de Trabajadores y Trabajadoras del Estado Provincial a realizarse el pr\u00f3ximo 16 de marzo, desde la 9 horas, en la sede de ATE C\u00f3rdoba, Entre R\u00edos 450.<\/p>\n\n\n\n<p>En la oportunidad, estar\u00e1n presentes representantes de la salud provincial, as\u00ed como de ATE Educaci\u00f3n y de diversos sectores de la Administraci\u00f3n Central y el encuentro se realiza en cumplimiento del plenario anterior, realizado el 22 de febrero.<\/p>\n\n\n\n<p>ATE viene reclamando una pauta salarial para el 2022 de 60% en una cuota, y un piso salarial del 78 mil pesos, l\u00edmite de la pobreza que estableci\u00f3 el INDEC en enero pasado.<\/p>\n\n\n\n<p>Adem\u00e1s, se reclama nombramiento de personal, pase a planta permanente, rechazo a la pasividad anticipada y la baja de la reforma previsional de Schiaretti que afect\u00f3 el sueldo de los jubilados provinciales.<\/p>\n\n\n\n<p>\u201cEstamos construyendo la fuerza necesaria para revertir la paritaria provincial a la baja que firm\u00f3 en SEP. Los estatales provinciales venimos perdiendo salario de manera ininterrumpida y vamos a poner un freno a la ca\u00edda de nuestro poder adquisitivo\u201d, resumi\u00f3 el secretario General de ATE C\u00f3rdoba, Federico Giuliani.<\/p>\n","protected":false},"excerpt":{"rendered":"<p>En continuidad del plan de lucha que vienen desarrollando las y los trabajadores provinciales, en rechazo de la paritaria del Gobierno de C\u00f3rdoba, el Consejo Directivo Provincial convoca a un Plenario de Trabajadores y Trabajadoras del Estado Provincial a realizarse el pr\u00f3ximo 16 de marzo, desde la 9 horas, en la sede de ATE C\u00f3rdoba, [&hellip;]<\/p>\n","protected":false},"author":7,"featured_media":30610,"comment_status":"open","ping_status":"open","sticky":false,"template":"","format":"standard","meta":{"_exactmetrics_skip_tracking":false,"_exactmetrics_sitenote_active":false,"_exactmetrics_sitenote_note":"","_exactmetrics_sitenote_category":0,"jnews-multi-image_gallery":[],"jnews_single_post":{"subtitle":"\u201cEstamos construyendo la fuerza necesaria para revertir la paritaria provincial a la baja que firm\u00f3 en SEP\", dijo el secretario General de ATE C\u00f3rdoba, Federico Giuliani, en la convocatoria.","format":"standard","video":"","gallery":"","source_name":"","source_url":"","via_name":"","via_url":"","override":[{"template":"1","single_blog_custom":"","parallax":"1","fullscreen":"1","layout":"right-sidebar","sidebar":"default-sidebar","second_sidebar":"default-sidebar","sticky_sidebar":"1","share_position":"top","share_float_style":"share-monocrhome","show_share_counter":"1","show_view_counter":"1","show_featured":"1","show_post_meta":"1","show_post_author":"1","show_post_author_image":"1","show_post_date":"1","post_date_format":"default","post_date_format_custom":"Y\/m\/d","show_post_category":"1","post_reading_time_wpm":"300","zoom_button_out_step":"2","zoom_button_in_step":"3","show_post_tag":"1","show_prev_next_post":"1","show_popup_post":"1","number_popup_post":"1"}],"image_override":[{"single_post_thumbnail_size":"crop-500","single_post_gallery_size":"crop-500"}],"trending_post_position":"meta","trending_post_label":"Trending","sponsored_post_label":"Sponsored by","sponsored_post_name":"","sponsored_post_url":"","sponsored_post_logo":"","sponsored_post_desc":""},"jnews_primary_category":{"id":""},"jnews_social_meta":[],"jnews_review":[],"enable_review":"","type":"","name":"","summary":"","brand":"","sku":"","good":[],"bad":[],"score_override":"","override_value":"","rating":[],"price":[],"jnews_override_counter":[],"jnews_post_split":[],"footnotes":""},"categories":[8],"tags":[561],"class_list":["post-30609","post","type-post","status-publish","format-standard","has-post-thumbnail","hentry","category-provinciales","tag-plenario-provincial"],"jetpack_featured_media_url":"https:\/\/atecordoba.org\/wp-content\/uploads\/2022\/03\/WhatsApp-Image-2022-03-11-at-11.55.17-AM-e1647012902271.jpeg","_links":{"self":[{"href":"https:\/\/atecordoba.org\/index.php?rest_route=\/wp\/v2\/posts\/30609","targetHints":{"allow":["GET"]}}],"collection":[{"href":"https:\/\/atecordoba.org\/index.php?rest_route=\/wp\/v2\/posts"}],"about":[{"href":"https:\/\/atecordoba.org\/index.php?rest_route=\/wp\/v2\/types\/post"}],"author":[{"embeddable":true,"href":"https:\/\/atecordoba.org\/index.php?rest_route=\/wp\/v2\/users\/7"}],"replies":[{"embeddable":true,"href":"https:\/\/atecordoba.org\/index.php?rest_route=%2Fwp%2Fv2%2Fcomments&post=30609"}],"version-history":[{"count":1,"href":"https:\/\/atecordoba.org\/index.php?rest_route=\/wp\/v2\/posts\/30609\/revisions"}],"predecessor-version":[{"id":30611,"href":"https:\/\/atecordoba.org\/index.php?rest_route=\/wp\/v2\/posts\/30609\/revisions\/30611"}],"wp:featuredmedia":[{"embeddable":true,"href":"https:\/\/atecordoba.org\/index.php?rest_route=\/wp\/v2\/media\/30610"}],"wp:attachment":[{"href":"https:\/\/atecordoba.org\/index.php?rest_route=%2Fwp%2Fv2%2Fmedia&parent=30609"}],"wp:term":[{"taxonomy":"category","embeddable":true,"href":"https:\/\/atecordoba.org\/index.php?rest_route=%2Fwp%2Fv2%2Fcategories&post=30609"},{"taxonomy":"post_tag","embeddable":true,"href":"https:\/\/atecordoba.org\/index.php?rest_route=%2Fwp%2Fv2%2Ftags&post=30609"}],"curies":[{"name":"wp","href":"https:\/\/api.w.org\/{rel}","templated":true}]}}