{"id":30604,"date":"2022-03-11T10:44:19","date_gmt":"2022-03-11T13:44:19","guid":{"rendered":"https:\/\/atecordoba.org\/?p=30604"},"modified":"2022-03-11T10:45:22","modified_gmt":"2022-03-11T13:45:22","slug":"reunion-de-ate-con-autoridades-de-la-anac","status":"publish","type":"post","link":"https:\/\/atecordoba.org\/?p=30604","title":{"rendered":"Reuni\u00f3n de ATE con autoridades de la ANAC"},"content":{"rendered":"\n<div class=\"wp-block-image\"><figure class=\"aligncenter size-large is-resized\"><img loading=\"lazy\" decoding=\"async\" src=\"https:\/\/atecordoba.org\/wp-content\/uploads\/2022\/03\/FB_IMG_1646936381494-1024x768.jpg\" alt=\"\" class=\"wp-image-30605\" width=\"768\" height=\"576\" \/><\/figure><\/div>\n\n\n\n<p>El pasado 3 de Marzo, el Cuerpo de Delegados de ATE C\u00f3rdoba, el Coordinador Nacional Mario Arce junto al secretario Gremial de ATE R\u00edo Cuarto, Pablo Irusta, mantuvieron una reuni\u00f3n con la titular de la Direcci\u00f3n de Infraestructura y Servicios Aeroportuarios de ANAC, Noem\u00ed Muchnik, y el responsable de la Direcci\u00f3n Regional Noroeste.<\/p>\n\n\n\n<p>Los y las compa\u00f1eras del SSEI de R\u00edo IV reiteraron &#8220;la imperiosa necesidad de instalaciones adecuadas para cumplir sus funciones en el Aeropuerto Las Higueras, brindando las posibles alternativas&nbsp;a las autoridades para su an\u00e1lisis y arribar a una posible soluci\u00f3n a demanda hist\u00f3rica&nbsp; del sector&#8221;, explic\u00f3 Arce.<\/p>\n\n\n\n<p>Al mismo tiempo, se reiter\u00f3 &#8220;la solicitud de calzado, ropa y \/o otros elementos de trabajo y Protocolos para abordar casos de Violencia de G\u00e9nero&#8221; y su implementaci\u00f3n, seg\u00fan explic\u00f3 Irusta.<\/p>\n\n\n\n<p>En la reuni\u00f3n se confirm\u00f3 la realizaci\u00f3n de un simulacro en el Aeropuerto Internacional C\u00f3rdoba&nbsp;con la participaci\u00f3n de los Servicios de Control Terrestre, Sanidad Aeron\u00e1utica y SSEI, en el mes de abril pr\u00f3ximo.<\/p>\n","protected":false},"excerpt":{"rendered":"<p>El pasado 3 de Marzo, el Cuerpo de Delegados de ATE C\u00f3rdoba, el Coordinador Nacional Mario Arce junto al secretario Gremial de ATE R\u00edo Cuarto, Pablo Irusta, mantuvieron una reuni\u00f3n con la titular de la Direcci\u00f3n de Infraestructura y Servicios Aeroportuarios de ANAC, Noem\u00ed Muchnik, y el responsable de la Direcci\u00f3n Regional Noroeste. Los y [&hellip;]<\/p>\n","protected":false},"author":7,"featured_media":30605,"comment_status":"open","ping_status":"open","sticky":false,"template":"","format":"standard","meta":{"_exactmetrics_skip_tracking":false,"_exactmetrics_sitenote_active":false,"_exactmetrics_sitenote_note":"","_exactmetrics_sitenote_category":0,"jnews-multi-image_gallery":[],"jnews_single_post":{"subtitle":"Se reiter\u00f3 la necesidad de instalaciones adecuadas para cumplir sus funciones en el Aeropuerto Las Higueras.","format":"standard","video":"","gallery":"","source_name":"","source_url":"","via_name":"","via_url":"","override":[{"template":"1","single_blog_custom":"","parallax":"1","fullscreen":"1","layout":"right-sidebar","sidebar":"default-sidebar","second_sidebar":"default-sidebar","sticky_sidebar":"1","share_position":"top","share_float_style":"share-monocrhome","show_share_counter":"1","show_view_counter":"1","show_featured":"1","show_post_meta":"1","show_post_author":"1","show_post_author_image":"1","show_post_date":"1","post_date_format":"default","post_date_format_custom":"Y\/m\/d","show_post_category":"1","post_reading_time_wpm":"300","zoom_button_out_step":"2","zoom_button_in_step":"3","show_post_tag":"1","show_prev_next_post":"1","show_popup_post":"1","number_popup_post":"1"}],"image_override":[{"single_post_thumbnail_size":"crop-500","single_post_gallery_size":"crop-500"}],"trending_post_position":"meta","trending_post_label":"Trending","sponsored_post_label":"Sponsored by","sponsored_post_name":"","sponsored_post_url":"","sponsored_post_logo":"","sponsored_post_desc":""},"jnews_primary_category":{"id":""},"jnews_social_meta":[],"jnews_review":[],"enable_review":"","type":"","name":"","summary":"","brand":"","sku":"","good":[],"bad":[],"score_override":"","override_value":"","rating":[],"price":[],"jnews_override_counter":[],"jnews_post_split":[],"footnotes":""},"categories":[18],"tags":[33,950],"class_list":["post-30604","post","type-post","status-publish","format-standard","has-post-thumbnail","hentry","category-nacionales","tag-anac","tag-anac-rio-cuarto"],"jetpack_featured_media_url":"https:\/\/atecordoba.org\/wp-content\/uploads\/2022\/03\/FB_IMG_1646936381494-e1647006249443.jpg","_links":{"self":[{"href":"https:\/\/atecordoba.org\/index.php?rest_route=\/wp\/v2\/posts\/30604","targetHints":{"allow":["GET"]}}],"collection":[{"href":"https:\/\/atecordoba.org\/index.php?rest_route=\/wp\/v2\/posts"}],"about":[{"href":"https:\/\/atecordoba.org\/index.php?rest_route=\/wp\/v2\/types\/post"}],"author":[{"embeddable":true,"href":"https:\/\/atecordoba.org\/index.php?rest_route=\/wp\/v2\/users\/7"}],"replies":[{"embeddable":true,"href":"https:\/\/atecordoba.org\/index.php?rest_route=%2Fwp%2Fv2%2Fcomments&post=30604"}],"version-history":[{"count":2,"href":"https:\/\/atecordoba.org\/index.php?rest_route=\/wp\/v2\/posts\/30604\/revisions"}],"predecessor-version":[{"id":30607,"href":"https:\/\/atecordoba.org\/index.php?rest_route=\/wp\/v2\/posts\/30604\/revisions\/30607"}],"wp:featuredmedia":[{"embeddable":true,"href":"https:\/\/atecordoba.org\/index.php?rest_route=\/wp\/v2\/media\/30605"}],"wp:attachment":[{"href":"https:\/\/atecordoba.org\/index.php?rest_route=%2Fwp%2Fv2%2Fmedia&parent=30604"}],"wp:term":[{"taxonomy":"category","embeddable":true,"href":"https:\/\/atecordoba.org\/index.php?rest_route=%2Fwp%2Fv2%2Fcategories&post=30604"},{"taxonomy":"post_tag","embeddable":true,"href":"https:\/\/atecordoba.org\/index.php?rest_route=%2Fwp%2Fv2%2Ftags&post=30604"}],"curies":[{"name":"wp","href":"https:\/\/api.w.org\/{rel}","templated":true}]}}