{"id":30587,"date":"2022-03-10T14:48:58","date_gmt":"2022-03-10T17:48:58","guid":{"rendered":"https:\/\/atecordoba.org\/?p=30587"},"modified":"2022-03-10T14:52:50","modified_gmt":"2022-03-10T17:52:50","slug":"finalizo-la-protesta-frente-a-fadea","status":"publish","type":"post","link":"https:\/\/atecordoba.org\/?p=30587","title":{"rendered":"Finaliz\u00f3 la protesta frente a FADEA"},"content":{"rendered":"\n<p><\/p>\n\n\n\n<div class=\"wp-block-image\"><figure class=\"aligncenter size-large is-resized\"><img loading=\"lazy\" decoding=\"async\" src=\"https:\/\/atecordoba.org\/wp-content\/uploads\/2022\/03\/20220310_125806-1024x576.jpg\" alt=\"\" class=\"wp-image-30588\" width=\"512\" height=\"288\" \/><\/figure><\/div>\n\n\n\n<p>Con una asamblea realizada frente a la olla popular y el acampe, en el ingreso de la F\u00e1brica Argentina de Aviones (FADEA), finaliz\u00f3 la protesta en reclamo de la reincorporaci\u00f3n de 300 trabajadores y trabajadoras despedidas por el macrismo en la firma estatal. <\/p>\n\n\n\n<p>En la oportunidad, el secretario General de ATE C\u00f3rdoba, Federico Giuliani, asegur\u00f3 que &#8220;el plan de lucha contin\u00faa hasta que el \u00faltimo compa\u00f1ero y compa\u00f1era sean reincorporados&#8221;. <\/p>\n\n\n\n<div class=\"wp-block-image\"><figure class=\"alignright size-large is-resized\"><img loading=\"lazy\" decoding=\"async\" src=\"https:\/\/atecordoba.org\/wp-content\/uploads\/2022\/03\/20220310_123926-1024x576.jpg\" alt=\"\" class=\"wp-image-30589\" width=\"512\" height=\"288\" srcset=\"https:\/\/atecordoba.org\/wp-content\/uploads\/2022\/03\/20220310_123926-1024x576.jpg 1024w, https:\/\/atecordoba.org\/wp-content\/uploads\/2022\/03\/20220310_123926-300x169.jpg 300w, https:\/\/atecordoba.org\/wp-content\/uploads\/2022\/03\/20220310_123926-768x432.jpg 768w, https:\/\/atecordoba.org\/wp-content\/uploads\/2022\/03\/20220310_123926-1536x864.jpg 1536w, https:\/\/atecordoba.org\/wp-content\/uploads\/2022\/03\/20220310_123926-2048x1152.jpg 2048w, https:\/\/atecordoba.org\/wp-content\/uploads\/2022\/03\/20220310_123926-750x422.jpg 750w, https:\/\/atecordoba.org\/wp-content\/uploads\/2022\/03\/20220310_123926-1140x641.jpg 1140w\" sizes=\"auto, (max-width: 512px) 100vw, 512px\" \/><\/figure><\/div>\n\n\n\n<p><a href=\"https:\/\/atecordoba.org\/?p=30540\">ATE inici\u00f3 esta protesta<\/a> para visibilizar la situaci\u00f3n de las y los despedidos e instar a las autoridades a concretar la mesa de trabajo que se hab\u00eda comprometido a realizar la presidenta de  FADEA, Mirta Iriondo, al comienzo de su gesti\u00f3n, en l\u00ednea con la promesa de campa\u00f1a realizada por el presidente Alberto Fern\u00e1ndez, hasta el momento incumplida. <\/p>\n\n\n\n<p>Adem\u00e1s, se acord\u00f3 realizar en dos semanas una actividad de difusi\u00f3n del conflicto en Facultad de Matem\u00e1tica, Astronom\u00eda y F\u00edsica de la UNC (FAMAF), para concientizar a la comunidad universitaria sobre el proyecto de ATE de desarrollo de la industria aeron\u00e1utica estatal con fines populares, y dar a conocer cu\u00e1l es la pol\u00edtica de la ex decana Iriondo con las y los despedidos del macrismo.<\/p>\n\n\n\n<p>Al mismo tiempo, ATE insistir\u00e1 en alcanzar una audiencia con el ministro de Defensa, Jorge Taiana, ante la falta de gesti\u00f3n desde la direcci\u00f3n de la empresa.<\/p>\n\n\n\n<figure class=\"wp-block-gallery columns-3 is-cropped wp-block-gallery-1 is-layout-flex wp-block-gallery-is-layout-flex\"><ul class=\"blocks-gallery-grid\"><li class=\"blocks-gallery-item\"><figure><img loading=\"lazy\" decoding=\"async\" width=\"1024\" height=\"576\" src=\"https:\/\/atecordoba.org\/wp-content\/uploads\/2022\/03\/20220310_124655-1024x576.jpg\" alt=\"\" data-id=\"30590\" data-full-url=\"https:\/\/atecordoba.org\/wp-content\/uploads\/2022\/03\/20220310_124655-scaled.jpg\" data-link=\"https:\/\/atecordoba.org\/?attachment_id=30590\" class=\"wp-image-30590\" srcset=\"https:\/\/atecordoba.org\/wp-content\/uploads\/2022\/03\/20220310_124655-1024x576.jpg 1024w, https:\/\/atecordoba.org\/wp-content\/uploads\/2022\/03\/20220310_124655-300x169.jpg 300w, https:\/\/atecordoba.org\/wp-content\/uploads\/2022\/03\/20220310_124655-768x432.jpg 768w, https:\/\/atecordoba.org\/wp-content\/uploads\/2022\/03\/20220310_124655-1536x864.jpg 1536w, https:\/\/atecordoba.org\/wp-content\/uploads\/2022\/03\/20220310_124655-2048x1152.jpg 2048w, https:\/\/atecordoba.org\/wp-content\/uploads\/2022\/03\/20220310_124655-750x422.jpg 750w, https:\/\/atecordoba.org\/wp-content\/uploads\/2022\/03\/20220310_124655-1140x641.jpg 1140w\" sizes=\"auto, (max-width: 1024px) 100vw, 1024px\" \/><\/figure><\/li><li class=\"blocks-gallery-item\"><figure><img loading=\"lazy\" decoding=\"async\" width=\"1024\" height=\"576\" src=\"https:\/\/atecordoba.org\/wp-content\/uploads\/2022\/03\/20220310_124811-1024x576.jpg\" alt=\"\" data-id=\"30591\" data-full-url=\"https:\/\/atecordoba.org\/wp-content\/uploads\/2022\/03\/20220310_124811-scaled.jpg\" data-link=\"https:\/\/atecordoba.org\/?attachment_id=30591\" class=\"wp-image-30591\" srcset=\"https:\/\/atecordoba.org\/wp-content\/uploads\/2022\/03\/20220310_124811-1024x576.jpg 1024w, https:\/\/atecordoba.org\/wp-content\/uploads\/2022\/03\/20220310_124811-300x169.jpg 300w, https:\/\/atecordoba.org\/wp-content\/uploads\/2022\/03\/20220310_124811-768x432.jpg 768w, https:\/\/atecordoba.org\/wp-content\/uploads\/2022\/03\/20220310_124811-1536x864.jpg 1536w, https:\/\/atecordoba.org\/wp-content\/uploads\/2022\/03\/20220310_124811-2048x1152.jpg 2048w, https:\/\/atecordoba.org\/wp-content\/uploads\/2022\/03\/20220310_124811-750x422.jpg 750w, https:\/\/atecordoba.org\/wp-content\/uploads\/2022\/03\/20220310_124811-1140x641.jpg 1140w\" sizes=\"auto, (max-width: 1024px) 100vw, 1024px\" \/><\/figure><\/li><li class=\"blocks-gallery-item\"><figure><img loading=\"lazy\" decoding=\"async\" width=\"1024\" height=\"576\" src=\"https:\/\/atecordoba.org\/wp-content\/uploads\/2022\/03\/20220310_123900-1024x576.jpg\" alt=\"\" data-id=\"30592\" data-full-url=\"https:\/\/atecordoba.org\/wp-content\/uploads\/2022\/03\/20220310_123900-scaled.jpg\" data-link=\"https:\/\/atecordoba.org\/?attachment_id=30592\" class=\"wp-image-30592\" srcset=\"https:\/\/atecordoba.org\/wp-content\/uploads\/2022\/03\/20220310_123900-1024x576.jpg 1024w, https:\/\/atecordoba.org\/wp-content\/uploads\/2022\/03\/20220310_123900-300x169.jpg 300w, https:\/\/atecordoba.org\/wp-content\/uploads\/2022\/03\/20220310_123900-768x432.jpg 768w, https:\/\/atecordoba.org\/wp-content\/uploads\/2022\/03\/20220310_123900-1536x864.jpg 1536w, https:\/\/atecordoba.org\/wp-content\/uploads\/2022\/03\/20220310_123900-2048x1152.jpg 2048w, https:\/\/atecordoba.org\/wp-content\/uploads\/2022\/03\/20220310_123900-750x422.jpg 750w, https:\/\/atecordoba.org\/wp-content\/uploads\/2022\/03\/20220310_123900-1140x641.jpg 1140w\" sizes=\"auto, (max-width: 1024px) 100vw, 1024px\" \/><\/figure><\/li><li class=\"blocks-gallery-item\"><figure><img loading=\"lazy\" decoding=\"async\" width=\"1024\" height=\"576\" src=\"https:\/\/atecordoba.org\/wp-content\/uploads\/2022\/03\/20220310_123957-1024x576.jpg\" alt=\"\" data-id=\"30593\" data-full-url=\"https:\/\/atecordoba.org\/wp-content\/uploads\/2022\/03\/20220310_123957-scaled.jpg\" data-link=\"https:\/\/atecordoba.org\/?attachment_id=30593\" class=\"wp-image-30593\" srcset=\"https:\/\/atecordoba.org\/wp-content\/uploads\/2022\/03\/20220310_123957-1024x576.jpg 1024w, https:\/\/atecordoba.org\/wp-content\/uploads\/2022\/03\/20220310_123957-300x169.jpg 300w, https:\/\/atecordoba.org\/wp-content\/uploads\/2022\/03\/20220310_123957-768x432.jpg 768w, https:\/\/atecordoba.org\/wp-content\/uploads\/2022\/03\/20220310_123957-1536x864.jpg 1536w, https:\/\/atecordoba.org\/wp-content\/uploads\/2022\/03\/20220310_123957-2048x1152.jpg 2048w, https:\/\/atecordoba.org\/wp-content\/uploads\/2022\/03\/20220310_123957-750x422.jpg 750w, https:\/\/atecordoba.org\/wp-content\/uploads\/2022\/03\/20220310_123957-1140x641.jpg 1140w\" sizes=\"auto, (max-width: 1024px) 100vw, 1024px\" \/><\/figure><\/li><\/ul><\/figure>\n","protected":false},"excerpt":{"rendered":"<p>Con una asamblea realizada frente a la olla popular y el acampe, en el ingreso de la F\u00e1brica Argentina de Aviones (FADEA), finaliz\u00f3 la protesta en reclamo de la reincorporaci\u00f3n de 300 trabajadores y trabajadoras despedidas por el macrismo en la firma estatal. En la oportunidad, el secretario General de ATE C\u00f3rdoba, Federico Giuliani, asegur\u00f3 [&hellip;]<\/p>\n","protected":false},"author":7,"featured_media":30588,"comment_status":"open","ping_status":"open","sticky":false,"template":"","format":"standard","meta":{"_exactmetrics_skip_tracking":false,"_exactmetrics_sitenote_active":false,"_exactmetrics_sitenote_note":"","_exactmetrics_sitenote_category":0,"jnews-multi-image_gallery":[],"jnews_single_post":{"subtitle":"El secretario General de ATE C\u00f3rdoba, Federico Giuliani, asegur\u00f3 que \"el plan de lucha contin\u00faa hasta que el \u00faltimo compa\u00f1ero y compa\u00f1era sean reincorporados\". ","format":"standard","video":"","gallery":"","source_name":"","source_url":"","via_name":"","via_url":"","override":[{"template":"1","single_blog_custom":"","parallax":"1","fullscreen":"1","layout":"right-sidebar","sidebar":"default-sidebar","second_sidebar":"default-sidebar","sticky_sidebar":"1","share_position":"top","share_float_style":"share-monocrhome","show_share_counter":"1","show_view_counter":"1","show_featured":"1","show_post_meta":"1","show_post_author":"1","show_post_author_image":"1","show_post_date":"1","post_date_format":"default","post_date_format_custom":"Y\/m\/d","show_post_category":"1","post_reading_time_wpm":"300","zoom_button_out_step":"2","zoom_button_in_step":"3","show_post_tag":"1","show_prev_next_post":"1","show_popup_post":"1","number_popup_post":"1"}],"image_override":[{"single_post_thumbnail_size":"crop-500","single_post_gallery_size":"crop-500"}],"trending_post_position":"meta","trending_post_label":"Trending","sponsored_post_label":"Sponsored by","sponsored_post_name":"","sponsored_post_url":"","sponsored_post_logo":"","sponsored_post_desc":""},"jnews_primary_category":{"id":""},"jnews_social_meta":[],"jnews_review":[],"enable_review":"","type":"","name":"","summary":"","brand":"","sku":"","good":[],"bad":[],"score_override":"","override_value":"","rating":[],"price":[],"jnews_override_counter":[],"jnews_post_split":[],"footnotes":""},"categories":[18],"tags":[165],"class_list":["post-30587","post","type-post","status-publish","format-standard","has-post-thumbnail","hentry","category-nacionales","tag-fadea"],"jetpack_featured_media_url":"https:\/\/atecordoba.org\/wp-content\/uploads\/2022\/03\/20220310_125806-scaled-e1646934761179.jpg","_links":{"self":[{"href":"https:\/\/atecordoba.org\/index.php?rest_route=\/wp\/v2\/posts\/30587","targetHints":{"allow":["GET"]}}],"collection":[{"href":"https:\/\/atecordoba.org\/index.php?rest_route=\/wp\/v2\/posts"}],"about":[{"href":"https:\/\/atecordoba.org\/index.php?rest_route=\/wp\/v2\/types\/post"}],"author":[{"embeddable":true,"href":"https:\/\/atecordoba.org\/index.php?rest_route=\/wp\/v2\/users\/7"}],"replies":[{"embeddable":true,"href":"https:\/\/atecordoba.org\/index.php?rest_route=%2Fwp%2Fv2%2Fcomments&post=30587"}],"version-history":[{"count":1,"href":"https:\/\/atecordoba.org\/index.php?rest_route=\/wp\/v2\/posts\/30587\/revisions"}],"predecessor-version":[{"id":30594,"href":"https:\/\/atecordoba.org\/index.php?rest_route=\/wp\/v2\/posts\/30587\/revisions\/30594"}],"wp:featuredmedia":[{"embeddable":true,"href":"https:\/\/atecordoba.org\/index.php?rest_route=\/wp\/v2\/media\/30588"}],"wp:attachment":[{"href":"https:\/\/atecordoba.org\/index.php?rest_route=%2Fwp%2Fv2%2Fmedia&parent=30587"}],"wp:term":[{"taxonomy":"category","embeddable":true,"href":"https:\/\/atecordoba.org\/index.php?rest_route=%2Fwp%2Fv2%2Fcategories&post=30587"},{"taxonomy":"post_tag","embeddable":true,"href":"https:\/\/atecordoba.org\/index.php?rest_route=%2Fwp%2Fv2%2Ftags&post=30587"}],"curies":[{"name":"wp","href":"https:\/\/api.w.org\/{rel}","templated":true}]}}