{"id":30579,"date":"2022-03-10T12:51:02","date_gmt":"2022-03-10T15:51:02","guid":{"rendered":"https:\/\/atecordoba.org\/?p=30579"},"modified":"2022-03-10T12:52:03","modified_gmt":"2022-03-10T15:52:03","slug":"personal-de-dioxitek-eligio-ayer-el-cuerpo-de-delegados-de-ate","status":"publish","type":"post","link":"https:\/\/atecordoba.org\/?p=30579","title":{"rendered":"Personal de Dioxitek eligi\u00f3 ayer  el cuerpo de delegados de ATE"},"content":{"rendered":"\n<figure class=\"wp-block-gallery columns-3 is-cropped wp-block-gallery-1 is-layout-flex wp-block-gallery-is-layout-flex\"><ul class=\"blocks-gallery-grid\"><li class=\"blocks-gallery-item\"><figure><a href=\"https:\/\/atecordoba.org\/wp-content\/uploads\/2022\/03\/IMG-20220309-WA0124.jpg\"><img loading=\"lazy\" decoding=\"async\" width=\"768\" height=\"1024\" src=\"https:\/\/atecordoba.org\/wp-content\/uploads\/2022\/03\/IMG-20220309-WA0124-768x1024.jpg\" alt=\"\" data-id=\"30580\" data-full-url=\"https:\/\/atecordoba.org\/wp-content\/uploads\/2022\/03\/IMG-20220309-WA0124.jpg\" data-link=\"https:\/\/atecordoba.org\/?attachment_id=30580\" class=\"wp-image-30580\" srcset=\"https:\/\/atecordoba.org\/wp-content\/uploads\/2022\/03\/IMG-20220309-WA0124-768x1024.jpg 768w, https:\/\/atecordoba.org\/wp-content\/uploads\/2022\/03\/IMG-20220309-WA0124-225x300.jpg 225w, https:\/\/atecordoba.org\/wp-content\/uploads\/2022\/03\/IMG-20220309-WA0124-1152x1536.jpg 1152w, https:\/\/atecordoba.org\/wp-content\/uploads\/2022\/03\/IMG-20220309-WA0124-750x1000.jpg 750w, https:\/\/atecordoba.org\/wp-content\/uploads\/2022\/03\/IMG-20220309-WA0124-1140x1520.jpg 1140w, https:\/\/atecordoba.org\/wp-content\/uploads\/2022\/03\/IMG-20220309-WA0124.jpg 1200w\" sizes=\"auto, (max-width: 768px) 100vw, 768px\" \/><\/a><\/figure><\/li><li class=\"blocks-gallery-item\"><figure><a href=\"https:\/\/atecordoba.org\/wp-content\/uploads\/2022\/03\/IMG-20220309-WA0122.jpg\"><img loading=\"lazy\" decoding=\"async\" width=\"1024\" height=\"576\" src=\"https:\/\/atecordoba.org\/wp-content\/uploads\/2022\/03\/IMG-20220309-WA0122-1024x576.jpg\" alt=\"\" data-id=\"30581\" data-full-url=\"https:\/\/atecordoba.org\/wp-content\/uploads\/2022\/03\/IMG-20220309-WA0122.jpg\" data-link=\"https:\/\/atecordoba.org\/?attachment_id=30581\" class=\"wp-image-30581\" srcset=\"https:\/\/atecordoba.org\/wp-content\/uploads\/2022\/03\/IMG-20220309-WA0122-1024x576.jpg 1024w, https:\/\/atecordoba.org\/wp-content\/uploads\/2022\/03\/IMG-20220309-WA0122-300x169.jpg 300w, https:\/\/atecordoba.org\/wp-content\/uploads\/2022\/03\/IMG-20220309-WA0122-768x432.jpg 768w, https:\/\/atecordoba.org\/wp-content\/uploads\/2022\/03\/IMG-20220309-WA0122-1536x864.jpg 1536w, https:\/\/atecordoba.org\/wp-content\/uploads\/2022\/03\/IMG-20220309-WA0122-750x422.jpg 750w, https:\/\/atecordoba.org\/wp-content\/uploads\/2022\/03\/IMG-20220309-WA0122-1140x641.jpg 1140w, https:\/\/atecordoba.org\/wp-content\/uploads\/2022\/03\/IMG-20220309-WA0122.jpg 1600w\" sizes=\"auto, (max-width: 1024px) 100vw, 1024px\" \/><\/a><\/figure><\/li><li class=\"blocks-gallery-item\"><figure><a href=\"https:\/\/atecordoba.org\/wp-content\/uploads\/2022\/03\/IMG-20220309-WA0123.jpg\"><img loading=\"lazy\" decoding=\"async\" width=\"768\" height=\"1024\" src=\"https:\/\/atecordoba.org\/wp-content\/uploads\/2022\/03\/IMG-20220309-WA0123-768x1024.jpg\" alt=\"\" data-id=\"30582\" data-full-url=\"https:\/\/atecordoba.org\/wp-content\/uploads\/2022\/03\/IMG-20220309-WA0123.jpg\" data-link=\"https:\/\/atecordoba.org\/?attachment_id=30582\" class=\"wp-image-30582\" srcset=\"https:\/\/atecordoba.org\/wp-content\/uploads\/2022\/03\/IMG-20220309-WA0123-768x1024.jpg 768w, https:\/\/atecordoba.org\/wp-content\/uploads\/2022\/03\/IMG-20220309-WA0123-225x300.jpg 225w, https:\/\/atecordoba.org\/wp-content\/uploads\/2022\/03\/IMG-20220309-WA0123-1152x1536.jpg 1152w, https:\/\/atecordoba.org\/wp-content\/uploads\/2022\/03\/IMG-20220309-WA0123-750x1000.jpg 750w, https:\/\/atecordoba.org\/wp-content\/uploads\/2022\/03\/IMG-20220309-WA0123-1140x1520.jpg 1140w, https:\/\/atecordoba.org\/wp-content\/uploads\/2022\/03\/IMG-20220309-WA0123.jpg 1200w\" sizes=\"auto, (max-width: 768px) 100vw, 768px\" \/><\/a><\/figure><\/li><\/ul><\/figure>\n\n\n\n<p>Con una muy alta participaci\u00f3n de trabajadores de la planta productiva de Alta C\u00f3rdoba de Dioxitek, se llev\u00f3 a cabo ayer la elecci\u00f3n del cuerpo de delegados de ATE en el sector.<\/p>\n\n\n\n<p>De esta forma, resultaron electos los compa\u00f1eros Claudio Coeroborga, Oscar Torres y Gustavo Osinavi, con mandato hasta 2024.<\/p>\n\n\n\n<p>Los delegados electos destacaron el apoyo y compromiso del plantel de trabajadores con nuestro sindicato, que se expres\u00f3 en la asistencia masiva para emitir su voto.<\/p>\n\n\n\n<p>&#8220;Esto consolida el lugar de ATE en Dioxitek y nos obliga a redoblar el compromiso y la responsabilidad&#8221;, dijeron los delegados. <\/p>\n\n\n\n<p>Tambi\u00e9n destacaron el funcionamiento de la mesa de votaci\u00f3n, presidida por el compa\u00f1ero Cristian Guerra y el aporte del delegado del Ministerio de Trabajo, Jorge Chalub. Tambi\u00e9n estuvo acompa\u00f1ando la elecci\u00f3n el secretario de Formaci\u00f3n, C\u00e9sar Theaux.<\/p>\n\n\n\n<figure class=\"wp-block-gallery columns-3 is-cropped wp-block-gallery-2 is-layout-flex wp-block-gallery-is-layout-flex\"><ul class=\"blocks-gallery-grid\"><li class=\"blocks-gallery-item\"><figure><a href=\"https:\/\/atecordoba.org\/wp-content\/uploads\/2022\/03\/IMG-20220309-WA0108.jpg\"><img loading=\"lazy\" decoding=\"async\" width=\"1024\" height=\"768\" src=\"https:\/\/atecordoba.org\/wp-content\/uploads\/2022\/03\/IMG-20220309-WA0108-1024x768.jpg\" alt=\"\" data-id=\"30583\" data-full-url=\"https:\/\/atecordoba.org\/wp-content\/uploads\/2022\/03\/IMG-20220309-WA0108.jpg\" data-link=\"https:\/\/atecordoba.org\/?attachment_id=30583\" class=\"wp-image-30583\" srcset=\"https:\/\/atecordoba.org\/wp-content\/uploads\/2022\/03\/IMG-20220309-WA0108-1024x768.jpg 1024w, https:\/\/atecordoba.org\/wp-content\/uploads\/2022\/03\/IMG-20220309-WA0108-300x225.jpg 300w, https:\/\/atecordoba.org\/wp-content\/uploads\/2022\/03\/IMG-20220309-WA0108-768x576.jpg 768w, https:\/\/atecordoba.org\/wp-content\/uploads\/2022\/03\/IMG-20220309-WA0108-1536x1152.jpg 1536w, https:\/\/atecordoba.org\/wp-content\/uploads\/2022\/03\/IMG-20220309-WA0108-750x563.jpg 750w, https:\/\/atecordoba.org\/wp-content\/uploads\/2022\/03\/IMG-20220309-WA0108-1140x855.jpg 1140w, https:\/\/atecordoba.org\/wp-content\/uploads\/2022\/03\/IMG-20220309-WA0108.jpg 1600w\" sizes=\"auto, (max-width: 1024px) 100vw, 1024px\" \/><\/a><\/figure><\/li><li class=\"blocks-gallery-item\"><figure><a href=\"https:\/\/atecordoba.org\/wp-content\/uploads\/2022\/03\/IMG-20220309-WA0121.jpg\"><img loading=\"lazy\" decoding=\"async\" width=\"768\" height=\"1024\" src=\"https:\/\/atecordoba.org\/wp-content\/uploads\/2022\/03\/IMG-20220309-WA0121-768x1024.jpg\" alt=\"\" data-id=\"30584\" data-full-url=\"https:\/\/atecordoba.org\/wp-content\/uploads\/2022\/03\/IMG-20220309-WA0121.jpg\" data-link=\"https:\/\/atecordoba.org\/?attachment_id=30584\" class=\"wp-image-30584\" \/><\/a><\/figure><\/li><li class=\"blocks-gallery-item\"><figure><a href=\"https:\/\/atecordoba.org\/wp-content\/uploads\/2022\/03\/IMG-20220309-WA0107.jpg\"><img loading=\"lazy\" decoding=\"async\" width=\"1024\" height=\"768\" src=\"https:\/\/atecordoba.org\/wp-content\/uploads\/2022\/03\/IMG-20220309-WA0107-1024x768.jpg\" alt=\"\" data-id=\"30585\" data-full-url=\"https:\/\/atecordoba.org\/wp-content\/uploads\/2022\/03\/IMG-20220309-WA0107.jpg\" data-link=\"https:\/\/atecordoba.org\/?attachment_id=30585\" class=\"wp-image-30585\" srcset=\"https:\/\/atecordoba.org\/wp-content\/uploads\/2022\/03\/IMG-20220309-WA0107-1024x768.jpg 1024w, https:\/\/atecordoba.org\/wp-content\/uploads\/2022\/03\/IMG-20220309-WA0107-300x225.jpg 300w, https:\/\/atecordoba.org\/wp-content\/uploads\/2022\/03\/IMG-20220309-WA0107-768x576.jpg 768w, https:\/\/atecordoba.org\/wp-content\/uploads\/2022\/03\/IMG-20220309-WA0107-1536x1152.jpg 1536w, https:\/\/atecordoba.org\/wp-content\/uploads\/2022\/03\/IMG-20220309-WA0107-750x563.jpg 750w, https:\/\/atecordoba.org\/wp-content\/uploads\/2022\/03\/IMG-20220309-WA0107-1140x855.jpg 1140w, https:\/\/atecordoba.org\/wp-content\/uploads\/2022\/03\/IMG-20220309-WA0107.jpg 1600w\" sizes=\"auto, (max-width: 1024px) 100vw, 1024px\" \/><\/a><\/figure><\/li><\/ul><\/figure>\n\n\n\n<p><\/p>\n","protected":false},"excerpt":{"rendered":"<p>Con una muy alta participaci\u00f3n de trabajadores de la planta productiva de Alta C\u00f3rdoba de Dioxitek, se llev\u00f3 a cabo ayer la elecci\u00f3n del cuerpo de delegados de ATE en el sector. De esta forma, resultaron electos los compa\u00f1eros Claudio Coeroborga, Oscar Torres y Gustavo Osinavi, con mandato hasta 2024. Los delegados electos destacaron el [&hellip;]<\/p>\n","protected":false},"author":7,"featured_media":30584,"comment_status":"open","ping_status":"open","sticky":false,"template":"","format":"standard","meta":{"_exactmetrics_skip_tracking":false,"_exactmetrics_sitenote_active":false,"_exactmetrics_sitenote_note":"","_exactmetrics_sitenote_category":0,"jnews-multi-image_gallery":[],"jnews_single_post":{"subtitle":"Se destac\u00f3 la importante participaci\u00f3n de los trabajadores de la f\u00e1brica.","format":"standard","video":"","gallery":"","source_name":"","source_url":"","via_name":"","via_url":"","override":[{"template":"1","single_blog_custom":"","parallax":"1","fullscreen":"1","layout":"right-sidebar","sidebar":"default-sidebar","second_sidebar":"default-sidebar","sticky_sidebar":"1","share_position":"top","share_float_style":"share-monocrhome","show_share_counter":"1","show_view_counter":"1","show_featured":"1","show_post_meta":"1","show_post_author":"1","show_post_author_image":"1","show_post_date":"1","post_date_format":"default","post_date_format_custom":"Y\/m\/d","show_post_category":"1","post_reading_time_wpm":"300","zoom_button_out_step":"2","zoom_button_in_step":"3","show_post_tag":"1","show_prev_next_post":"1","show_popup_post":"1","number_popup_post":"1"}],"image_override":[{"single_post_thumbnail_size":"crop-500","single_post_gallery_size":"crop-500"}],"trending_post_position":"meta","trending_post_label":"Trending","sponsored_post_label":"Sponsored by","sponsored_post_name":"","sponsored_post_url":"","sponsored_post_logo":"","sponsored_post_desc":""},"jnews_primary_category":{"id":""},"jnews_social_meta":[],"jnews_review":[],"enable_review":"","type":"","name":"","summary":"","brand":"","sku":"","good":[],"bad":[],"score_override":"","override_value":"","rating":[],"price":[],"jnews_override_counter":[],"jnews_post_split":[],"footnotes":""},"categories":[18],"tags":[333],"class_list":["post-30579","post","type-post","status-publish","format-standard","has-post-thumbnail","hentry","category-nacionales","tag-dioxitek"],"jetpack_featured_media_url":"https:\/\/atecordoba.org\/wp-content\/uploads\/2022\/03\/IMG-20220309-WA0121-e1646927451577.jpg","_links":{"self":[{"href":"https:\/\/atecordoba.org\/index.php?rest_route=\/wp\/v2\/posts\/30579","targetHints":{"allow":["GET"]}}],"collection":[{"href":"https:\/\/atecordoba.org\/index.php?rest_route=\/wp\/v2\/posts"}],"about":[{"href":"https:\/\/atecordoba.org\/index.php?rest_route=\/wp\/v2\/types\/post"}],"author":[{"embeddable":true,"href":"https:\/\/atecordoba.org\/index.php?rest_route=\/wp\/v2\/users\/7"}],"replies":[{"embeddable":true,"href":"https:\/\/atecordoba.org\/index.php?rest_route=%2Fwp%2Fv2%2Fcomments&post=30579"}],"version-history":[{"count":1,"href":"https:\/\/atecordoba.org\/index.php?rest_route=\/wp\/v2\/posts\/30579\/revisions"}],"predecessor-version":[{"id":30586,"href":"https:\/\/atecordoba.org\/index.php?rest_route=\/wp\/v2\/posts\/30579\/revisions\/30586"}],"wp:featuredmedia":[{"embeddable":true,"href":"https:\/\/atecordoba.org\/index.php?rest_route=\/wp\/v2\/media\/30584"}],"wp:attachment":[{"href":"https:\/\/atecordoba.org\/index.php?rest_route=%2Fwp%2Fv2%2Fmedia&parent=30579"}],"wp:term":[{"taxonomy":"category","embeddable":true,"href":"https:\/\/atecordoba.org\/index.php?rest_route=%2Fwp%2Fv2%2Fcategories&post=30579"},{"taxonomy":"post_tag","embeddable":true,"href":"https:\/\/atecordoba.org\/index.php?rest_route=%2Fwp%2Fv2%2Ftags&post=30579"}],"curies":[{"name":"wp","href":"https:\/\/api.w.org\/{rel}","templated":true}]}}