{"id":30576,"date":"2022-03-10T10:56:20","date_gmt":"2022-03-10T13:56:20","guid":{"rendered":"https:\/\/atecordoba.org\/?p=30576"},"modified":"2022-03-10T11:00:28","modified_gmt":"2022-03-10T14:00:28","slug":"la-cnti-ctaa-se-solidariza-con-los-despedidos-del-fadea","status":"publish","type":"post","link":"https:\/\/atecordoba.org\/?p=30576","title":{"rendered":"La CNTI-CTAA se solidariza con los despedidos del FADEA"},"content":{"rendered":"\n<div class=\"wp-block-image\"><figure class=\"alignleft size-large is-resized\"><img loading=\"lazy\" decoding=\"async\" src=\"https:\/\/atecordoba.org\/wp-content\/uploads\/2022\/03\/CNTI.jpg\" alt=\"\" class=\"wp-image-30577\" width=\"725\" height=\"434\" \/><\/figure><\/div>\n\n\n\n<p>Desde la Coordinaci\u00f3n Nacional de Trabajadores\/as de la Industria de la CTA Aut\u00f3noma (CNTI-CTAA) se solidariz\u00f3 con el &#8220;justo relamo que est\u00e1n llevando a cabo las y los trabajadores nucleados en ATE C\u00f3rdoba&#8221; entre a FADEA, acompa\u00f1ando &#8220;su demanda de reincorporar a 300 trabajadores de la firma que fueron despedidos durante la administraci\u00f3n macrista y apoyamos su decisi\u00f3n de instala una carpa como medio para visibilizar su causa&#8221;.<\/p>\n\n\n\n<p>Al mismo tiempo, la entidad respald\u00f3 &#8220;los esfuerzos llevados a cabo por ATE C\u00f3rdoba para concretar una mesa de trabajo con las autoridades de FADEA para dar respuesta al reclamo&#8221;.<\/p>\n\n\n\n<p>Y en otro tramo del comunicado, la CNTI expresa que &#8220;hacer justicia con los trabajadores despedidos de FADEA es el camino para cumplir con las promesas de campa\u00f1a hechas en 2019, a fin de reparar el da\u00f1o hecho por el gobierno anterior a los derechos laborales y las fuentes de trabajo de nuestro pueblo&#8221;. <\/p>\n\n\n\n<p>&#8220;Solo as\u00ed podremos avanzar en la reconstrucci\u00f3n de una soberan\u00eda industrial y productiva&#8221;, concluye la Coordinaci\u00f3n. <\/p>\n","protected":false},"excerpt":{"rendered":"<p>Desde la Coordinaci\u00f3n Nacional de Trabajadores\/as de la Industria de la CTA Aut\u00f3noma (CNTI-CTAA) se solidariz\u00f3 con el &#8220;justo relamo que est\u00e1n llevando a cabo las y los trabajadores nucleados en ATE C\u00f3rdoba&#8221; entre a FADEA, acompa\u00f1ando &#8220;su demanda de reincorporar a 300 trabajadores de la firma que fueron despedidos durante la administraci\u00f3n macrista y [&hellip;]<\/p>\n","protected":false},"author":7,"featured_media":30577,"comment_status":"open","ping_status":"open","sticky":false,"template":"","format":"standard","meta":{"_exactmetrics_skip_tracking":false,"_exactmetrics_sitenote_active":false,"_exactmetrics_sitenote_note":"","_exactmetrics_sitenote_category":0,"jnews-multi-image_gallery":[],"jnews_single_post":{"subtitle":"La organizaci\u00f3n integra la \"Industrial Global Union\", alianza internacional de sindicatos industriales que nuclea a 50 millones de trabajadores a lo largo del mundo. ","format":"standard","video":"","gallery":"","source_name":"","source_url":"","via_name":"","via_url":"","override":[{"template":"1","single_blog_custom":"","parallax":"1","fullscreen":"1","layout":"right-sidebar","sidebar":"default-sidebar","second_sidebar":"default-sidebar","sticky_sidebar":"1","share_position":"top","share_float_style":"share-monocrhome","show_share_counter":"1","show_view_counter":"1","show_featured":"1","show_post_meta":"1","show_post_author":"1","show_post_author_image":"1","show_post_date":"1","post_date_format":"default","post_date_format_custom":"Y\/m\/d","show_post_category":"1","post_reading_time_wpm":"300","zoom_button_out_step":"2","zoom_button_in_step":"3","show_post_tag":"1","show_prev_next_post":"1","show_popup_post":"1","number_popup_post":"1"}],"image_override":[{"single_post_thumbnail_size":"crop-500","single_post_gallery_size":"crop-500"}],"trending_post_position":"meta","trending_post_label":"Trending","sponsored_post_label":"Sponsored by","sponsored_post_name":"","sponsored_post_url":"","sponsored_post_logo":"","sponsored_post_desc":""},"jnews_primary_category":{"id":""},"jnews_social_meta":[],"jnews_review":[],"enable_review":"","type":"","name":"","summary":"","brand":"","sku":"","good":[],"bad":[],"score_override":"","override_value":"","rating":[],"price":[],"jnews_override_counter":[],"jnews_post_split":[],"footnotes":""},"categories":[10],"tags":[165],"class_list":["post-30576","post","type-post","status-publish","format-standard","has-post-thumbnail","hentry","category-accion-politica","tag-fadea"],"jetpack_featured_media_url":"https:\/\/atecordoba.org\/wp-content\/uploads\/2022\/03\/CNTI-e1646920571940.jpg","_links":{"self":[{"href":"https:\/\/atecordoba.org\/index.php?rest_route=\/wp\/v2\/posts\/30576","targetHints":{"allow":["GET"]}}],"collection":[{"href":"https:\/\/atecordoba.org\/index.php?rest_route=\/wp\/v2\/posts"}],"about":[{"href":"https:\/\/atecordoba.org\/index.php?rest_route=\/wp\/v2\/types\/post"}],"author":[{"embeddable":true,"href":"https:\/\/atecordoba.org\/index.php?rest_route=\/wp\/v2\/users\/7"}],"replies":[{"embeddable":true,"href":"https:\/\/atecordoba.org\/index.php?rest_route=%2Fwp%2Fv2%2Fcomments&post=30576"}],"version-history":[{"count":1,"href":"https:\/\/atecordoba.org\/index.php?rest_route=\/wp\/v2\/posts\/30576\/revisions"}],"predecessor-version":[{"id":30578,"href":"https:\/\/atecordoba.org\/index.php?rest_route=\/wp\/v2\/posts\/30576\/revisions\/30578"}],"wp:featuredmedia":[{"embeddable":true,"href":"https:\/\/atecordoba.org\/index.php?rest_route=\/wp\/v2\/media\/30577"}],"wp:attachment":[{"href":"https:\/\/atecordoba.org\/index.php?rest_route=%2Fwp%2Fv2%2Fmedia&parent=30576"}],"wp:term":[{"taxonomy":"category","embeddable":true,"href":"https:\/\/atecordoba.org\/index.php?rest_route=%2Fwp%2Fv2%2Fcategories&post=30576"},{"taxonomy":"post_tag","embeddable":true,"href":"https:\/\/atecordoba.org\/index.php?rest_route=%2Fwp%2Fv2%2Ftags&post=30576"}],"curies":[{"name":"wp","href":"https:\/\/api.w.org\/{rel}","templated":true}]}}