{"id":30573,"date":"2022-03-10T10:12:35","date_gmt":"2022-03-10T13:12:35","guid":{"rendered":"https:\/\/atecordoba.org\/?p=30573"},"modified":"2022-03-10T10:16:01","modified_gmt":"2022-03-10T13:16:01","slug":"proyectaron-la-pelicula-el-curandero-en-brochero-en-homenaje-al-cura-gaucho","status":"publish","type":"post","link":"https:\/\/atecordoba.org\/?p=30573","title":{"rendered":"Proyectaron la pel\u00edcula &#8216;El Curandero&#8217; en Brochero, en homenaje al cura gaucho"},"content":{"rendered":"\n<div class=\"wp-block-image\"><figure class=\"aligncenter size-large is-resized\"><img loading=\"lazy\" decoding=\"async\" src=\"https:\/\/atecordoba.org\/wp-content\/uploads\/2022\/03\/elcurandero_traslasierra.jpg\" alt=\"\" class=\"wp-image-30574\" width=\"720\" height=\"720\" \/><\/figure><\/div>\n\n\n\n<p>El s\u00e1bado 5 de marzo se present\u00f3 en Plaza Centenario la pel\u00edcula &#8220;El Curandero&#8221; e hizo su presentaci\u00f3n la muestra fotogr\u00e1fica &#8220;Brochero Santo&#8221;. La actividad cont\u00f3 con el apoyo de ATE Cultura y ATE Traslasierra.<\/p>\n\n\n\n<p>Con una buena convocatoria de vecinos y visitantes se proyect\u00f3 al aire libre el film, una idea y producci\u00f3n regional que fascino a los presentes. La pel\u00edcula cuenta con la direcci\u00f3n de Jos\u00e9 Zalazar y la participaci\u00f3n de actores locales en espacios transerranos.<\/p>\n\n\n\n<p>A la vez, se inaugur\u00f3 una muestra fotogr\u00e1fica cultural, religiosa y tur\u00edstica en honor al Cura Gaucho, la misma cuenta con tres paneles que exponen la vida del Santo, la relaci\u00f3n e influencia con personalidades de la \u00e9poca y la llegada de las Hermanas Esclavas del Coraz\u00f3n de Jes\u00fas a la localidad y el desarrollo de la Casa de Ejercicio. Estas im\u00e1genes de f\u00e1cil montaje y gran calidad recorrer\u00e1n distintos puntos de la provincia promocionando la localidad.&nbsp;<\/p>\n","protected":false},"excerpt":{"rendered":"<p>El s\u00e1bado 5 de marzo se present\u00f3 en Plaza Centenario la pel\u00edcula &#8220;El Curandero&#8221; e hizo su presentaci\u00f3n la muestra fotogr\u00e1fica &#8220;Brochero Santo&#8221;. La actividad cont\u00f3 con el apoyo de ATE Cultura y ATE Traslasierra. Con una buena convocatoria de vecinos y visitantes se proyect\u00f3 al aire libre el film, una idea y producci\u00f3n regional [&hellip;]<\/p>\n","protected":false},"author":7,"featured_media":30574,"comment_status":"open","ping_status":"open","sticky":false,"template":"","format":"standard","meta":{"_exactmetrics_skip_tracking":false,"_exactmetrics_sitenote_active":false,"_exactmetrics_sitenote_note":"","_exactmetrics_sitenote_category":0,"jnews-multi-image_gallery":[],"jnews_single_post":{"subtitle":"Tambi\u00e9n se realiz\u00f3 una muestra fotogr\u00e1fica, todo en la plaza central de la localidad de Traslasierra.","format":"standard","video":"","gallery":"","source_name":"","source_url":"","via_name":"","via_url":"","override":[{"template":"1","single_blog_custom":"","parallax":"1","fullscreen":"1","layout":"right-sidebar","sidebar":"default-sidebar","second_sidebar":"default-sidebar","sticky_sidebar":"1","share_position":"top","share_float_style":"share-monocrhome","show_share_counter":"1","show_view_counter":"1","show_featured":"1","show_post_meta":"1","show_post_author":"1","show_post_author_image":"1","show_post_date":"1","post_date_format":"default","post_date_format_custom":"Y\/m\/d","show_post_category":"1","post_reading_time_wpm":"300","zoom_button_out_step":"2","zoom_button_in_step":"3","show_post_tag":"1","show_prev_next_post":"1","show_popup_post":"1","number_popup_post":"1"}],"image_override":[{"single_post_thumbnail_size":"crop-500","single_post_gallery_size":"crop-500"}],"trending_post_position":"meta","trending_post_label":"Trending","sponsored_post_label":"Sponsored by","sponsored_post_name":"","sponsored_post_url":"","sponsored_post_logo":"","sponsored_post_desc":""},"jnews_primary_category":{"id":""},"jnews_social_meta":[],"jnews_review":[],"enable_review":"","type":"","name":"","summary":"","brand":"","sku":"","good":[],"bad":[],"score_override":"","override_value":"","rating":[],"price":[],"jnews_override_counter":[],"jnews_post_split":[],"footnotes":""},"categories":[972],"tags":[],"class_list":["post-30573","post","type-post","status-publish","format-standard","has-post-thumbnail","hentry","category-culturas"],"jetpack_featured_media_url":"https:\/\/atecordoba.org\/wp-content\/uploads\/2022\/03\/elcurandero_traslasierra-e1646918145496.jpg","_links":{"self":[{"href":"https:\/\/atecordoba.org\/index.php?rest_route=\/wp\/v2\/posts\/30573","targetHints":{"allow":["GET"]}}],"collection":[{"href":"https:\/\/atecordoba.org\/index.php?rest_route=\/wp\/v2\/posts"}],"about":[{"href":"https:\/\/atecordoba.org\/index.php?rest_route=\/wp\/v2\/types\/post"}],"author":[{"embeddable":true,"href":"https:\/\/atecordoba.org\/index.php?rest_route=\/wp\/v2\/users\/7"}],"replies":[{"embeddable":true,"href":"https:\/\/atecordoba.org\/index.php?rest_route=%2Fwp%2Fv2%2Fcomments&post=30573"}],"version-history":[{"count":1,"href":"https:\/\/atecordoba.org\/index.php?rest_route=\/wp\/v2\/posts\/30573\/revisions"}],"predecessor-version":[{"id":30575,"href":"https:\/\/atecordoba.org\/index.php?rest_route=\/wp\/v2\/posts\/30573\/revisions\/30575"}],"wp:featuredmedia":[{"embeddable":true,"href":"https:\/\/atecordoba.org\/index.php?rest_route=\/wp\/v2\/media\/30574"}],"wp:attachment":[{"href":"https:\/\/atecordoba.org\/index.php?rest_route=%2Fwp%2Fv2%2Fmedia&parent=30573"}],"wp:term":[{"taxonomy":"category","embeddable":true,"href":"https:\/\/atecordoba.org\/index.php?rest_route=%2Fwp%2Fv2%2Fcategories&post=30573"},{"taxonomy":"post_tag","embeddable":true,"href":"https:\/\/atecordoba.org\/index.php?rest_route=%2Fwp%2Fv2%2Ftags&post=30573"}],"curies":[{"name":"wp","href":"https:\/\/api.w.org\/{rel}","templated":true}]}}