{"id":30558,"date":"2022-03-10T09:58:10","date_gmt":"2022-03-10T12:58:10","guid":{"rendered":"https:\/\/atecordoba.org\/?p=30558"},"modified":"2022-03-10T10:02:30","modified_gmt":"2022-03-10T13:02:30","slug":"presentaron-en-ate-el-libro-nosotras-en-libertad-con-testimonios-de-presas-politicas-de-la-dictadura","status":"publish","type":"post","link":"https:\/\/atecordoba.org\/?p=30558","title":{"rendered":"Presentaron en ATE el libro &#8220;Nosotras en libertad&#8221;, con testimonios de presas pol\u00edticas de la dictadura"},"content":{"rendered":"\n<div class=\"wp-block-image\"><figure class=\"aligncenter size-large is-resized\"><img loading=\"lazy\" decoding=\"async\" src=\"https:\/\/atecordoba.org\/wp-content\/uploads\/2022\/03\/IMG-20220307-WA0190-1024x576.jpg\" alt=\"\" class=\"wp-image-30560\" width=\"768\" height=\"432\" \/><\/figure><\/div>\n\n\n\n<p>El lunes pasado se realiz\u00f3 la presentaci\u00f3n del libro &#8220;Nosotras en libertad&#8221;, obra coral que relata con testimonios en primera persona lo sufrido por presas pol\u00edticas v\u00edctimas de la dictadura c\u00edvico-militar.<\/p>\n\n\n\n<p>El texto est\u00e1 publicado bajo la modalidad libro-web y se puede leer ingresando <a href=\"https:\/\/nosotrasenlibertad.com\/libroweb\/\">ac\u00e1<\/a>.<\/p>\n\n\n\n<p>Se trata de un aporte fundamental para conocer lo sucedido en las mazmorras dictatoriales en el marco de la represi\u00f3n que implement\u00f3 el proceso genocida a lo largo y ancho del pa\u00eds.<\/p>\n\n\n\n<p>En la oportunidad, la secretaria de Prensa de ATE C\u00f3rdoba, Julia Giuliani, agradeci\u00f3 a las autoras presentes, record\u00f3 lo sufrido por su padre -Juan Carlos &#8216;Pip\u00f3n&#8217; Giuliani- que fue preso pol\u00edtico ocho a\u00f1os y a su madre, que peregrin\u00f3 por muchas c\u00e1rceles del pa\u00eds junto a su hijo Federico para que mantenga el v\u00ednculo con su padre. <\/p>\n\n\n\n<p>De m\u00e1s est\u00e1 decir que Federico es el actual titular de la secretaria General de ATE C\u00f3rdoba.<\/p>\n\n\n\n<figure class=\"wp-block-gallery columns-3 is-cropped wp-block-gallery-1 is-layout-flex wp-block-gallery-is-layout-flex\"><ul class=\"blocks-gallery-grid\"><li class=\"blocks-gallery-item\"><figure><a href=\"https:\/\/atecordoba.org\/wp-content\/uploads\/2022\/03\/IMG-20220307-WA0176-1024x576.jpg\"><img loading=\"lazy\" decoding=\"async\" width=\"1024\" height=\"576\" src=\"https:\/\/atecordoba.org\/wp-content\/uploads\/2022\/03\/IMG-20220307-WA0176-1024x576.jpg\" alt=\"\" data-id=\"30561\" data-link=\"https:\/\/atecordoba.org\/?attachment_id=30561\" class=\"wp-image-30561\" srcset=\"https:\/\/atecordoba.org\/wp-content\/uploads\/2022\/03\/IMG-20220307-WA0176-1024x576.jpg 1024w, https:\/\/atecordoba.org\/wp-content\/uploads\/2022\/03\/IMG-20220307-WA0176-300x169.jpg 300w, https:\/\/atecordoba.org\/wp-content\/uploads\/2022\/03\/IMG-20220307-WA0176-768x432.jpg 768w, https:\/\/atecordoba.org\/wp-content\/uploads\/2022\/03\/IMG-20220307-WA0176-1536x864.jpg 1536w, https:\/\/atecordoba.org\/wp-content\/uploads\/2022\/03\/IMG-20220307-WA0176-750x422.jpg 750w, https:\/\/atecordoba.org\/wp-content\/uploads\/2022\/03\/IMG-20220307-WA0176-1140x641.jpg 1140w, https:\/\/atecordoba.org\/wp-content\/uploads\/2022\/03\/IMG-20220307-WA0176.jpg 1600w\" sizes=\"auto, (max-width: 1024px) 100vw, 1024px\" \/><\/a><\/figure><\/li><li class=\"blocks-gallery-item\"><figure><a href=\"https:\/\/atecordoba.org\/wp-content\/uploads\/2022\/03\/IMG-20220307-WA0174-1024x576.jpg\"><img loading=\"lazy\" decoding=\"async\" width=\"1024\" height=\"576\" src=\"https:\/\/atecordoba.org\/wp-content\/uploads\/2022\/03\/IMG-20220307-WA0174-1024x576.jpg\" alt=\"\" data-id=\"30563\" data-link=\"https:\/\/atecordoba.org\/?attachment_id=30563\" class=\"wp-image-30563\" srcset=\"https:\/\/atecordoba.org\/wp-content\/uploads\/2022\/03\/IMG-20220307-WA0174-1024x576.jpg 1024w, https:\/\/atecordoba.org\/wp-content\/uploads\/2022\/03\/IMG-20220307-WA0174-300x169.jpg 300w, https:\/\/atecordoba.org\/wp-content\/uploads\/2022\/03\/IMG-20220307-WA0174-768x432.jpg 768w, https:\/\/atecordoba.org\/wp-content\/uploads\/2022\/03\/IMG-20220307-WA0174-1536x864.jpg 1536w, https:\/\/atecordoba.org\/wp-content\/uploads\/2022\/03\/IMG-20220307-WA0174-750x422.jpg 750w, https:\/\/atecordoba.org\/wp-content\/uploads\/2022\/03\/IMG-20220307-WA0174-1140x641.jpg 1140w, https:\/\/atecordoba.org\/wp-content\/uploads\/2022\/03\/IMG-20220307-WA0174.jpg 1600w\" sizes=\"auto, (max-width: 1024px) 100vw, 1024px\" \/><\/a><\/figure><\/li><li class=\"blocks-gallery-item\"><figure><a href=\"https:\/\/atecordoba.org\/wp-content\/uploads\/2022\/03\/IMG-20220307-WA0178.jpg\"><img loading=\"lazy\" decoding=\"async\" width=\"1024\" height=\"576\" src=\"https:\/\/atecordoba.org\/wp-content\/uploads\/2022\/03\/IMG-20220307-WA0178-1024x576.jpg\" alt=\"\" data-id=\"30564\" data-full-url=\"https:\/\/atecordoba.org\/wp-content\/uploads\/2022\/03\/IMG-20220307-WA0178.jpg\" data-link=\"https:\/\/atecordoba.org\/?attachment_id=30564\" class=\"wp-image-30564\" srcset=\"https:\/\/atecordoba.org\/wp-content\/uploads\/2022\/03\/IMG-20220307-WA0178-1024x576.jpg 1024w, https:\/\/atecordoba.org\/wp-content\/uploads\/2022\/03\/IMG-20220307-WA0178-300x169.jpg 300w, https:\/\/atecordoba.org\/wp-content\/uploads\/2022\/03\/IMG-20220307-WA0178-768x432.jpg 768w, https:\/\/atecordoba.org\/wp-content\/uploads\/2022\/03\/IMG-20220307-WA0178-1536x864.jpg 1536w, https:\/\/atecordoba.org\/wp-content\/uploads\/2022\/03\/IMG-20220307-WA0178-750x422.jpg 750w, https:\/\/atecordoba.org\/wp-content\/uploads\/2022\/03\/IMG-20220307-WA0178-1140x641.jpg 1140w, https:\/\/atecordoba.org\/wp-content\/uploads\/2022\/03\/IMG-20220307-WA0178.jpg 1600w\" sizes=\"auto, (max-width: 1024px) 100vw, 1024px\" \/><\/a><\/figure><\/li><\/ul><\/figure>\n\n\n\n<p>Julia Giuliani, cargada de emoci\u00f3n por el acto, invit\u00f3 a los militantes por la memoria, la verdad y la Justicia a apropiarse del espacio que genera ATE &#8220;en este camino que est\u00e1 desarrollando el gremio por recuperar la memoria hist\u00f3rica&#8221;.<\/p>\n\n\n\n<p>Entre las autoras presentes estuvieron Norma San Nicol\u00e1s, Letizia Raggiotti y Graciela Galarraga. <\/p>\n\n\n\n<p>Asimismo, acompa\u00f1aron la actividad, que puede verse en su totalidad<a href=\"https:\/\/fb.watch\/bD2raTHvGD\/\"> aqu\u00ed<\/a>, el secretario de Formaci\u00f3n y director del DDHH del Consejo Directivo Provincial, C\u00e9sar Theaux, la directora del Departamento de G\u00e9neros y Diversidades, Gabriela Alcoba, el secretario General de CTA Aut\u00f3noma C\u00f3rdoba Capital, Diego Guerra, y el m\u00e9dico, activista y militante por los DDHH y la salud mental, Mart\u00edon Cagnani.<\/p>\n\n\n\n<p>En el pr\u00f3logo del libro se anticipa que la obra &#8220;nos desaf\u00eda a bucear en un universo que, como el mar, resuena en una historia colectiva susurrando en cada una de las gotas que lo componen. Podemos hallar la claridad del camino para elegir qui\u00e9nes queremos ser, para encontrar la fuerza que nos falta, para entender los pasos andados. Recordar que la lucha no es individual y que nuestras esperanzas no est\u00e1n solas y desprendidas, son una consecuencia permanente&#8221;.\u00a0\u00a0<\/p>\n\n\n\n<p>&#8220;Aqu\u00ed encontramos un manifiesto en el que quienes leemos podemos ser otras siendo las mismas. En las palabras de cada una de estas mujeres reconocemos la certeza de que\u00a0podemos seguir manteniendo nuestra esencia pese al intento de torcer la voluntad&#8221;.\u00a0<\/p>\n\n\n\n<p>&#8220;Reconocemos la diversidad en itinerarios que ellas fueron recreando luego de las rejas de Villa Devoto. Esa diversidad en los sentires y el lenguaje -nosotras, nosotres, nosotrxs, nosotr@s, nosotros-, en las representaciones simb\u00f3licas y los recuerdos, en los nuevos frentes de debate y de decisi\u00f3n. Siempre atentas, con miradas cr\u00edticas en las que se fueron repensando, redescubriendo para seguir multiplicando los sue\u00f1os y las certezas&#8221;.\u00a0<\/p>\n\n\n\n<p>En el final del texto puede leerse:\u00a0\u00a0\u00a0<\/p>\n\n\n\n<div class=\"wp-block-image\"><figure class=\"alignright size-large is-resized\"><img loading=\"lazy\" decoding=\"async\" src=\"https:\/\/atecordoba.org\/wp-content\/uploads\/2022\/03\/recoirte-818x1024.jpg\" alt=\"\" class=\"wp-image-30568\" width=\"301\" height=\"377\" srcset=\"https:\/\/atecordoba.org\/wp-content\/uploads\/2022\/03\/recoirte-818x1024.jpg 818w, https:\/\/atecordoba.org\/wp-content\/uploads\/2022\/03\/recoirte-240x300.jpg 240w, https:\/\/atecordoba.org\/wp-content\/uploads\/2022\/03\/recoirte-768x961.jpg 768w, https:\/\/atecordoba.org\/wp-content\/uploads\/2022\/03\/recoirte-750x939.jpg 750w, https:\/\/atecordoba.org\/wp-content\/uploads\/2022\/03\/recoirte.jpg 894w\" sizes=\"auto, (max-width: 301px) 100vw, 301px\" \/><\/figure><\/div>\n\n\n\n<p><em>1200 presas pol\u00edticas vivimos a\u00f1os de nuestra juventud en la c\u00e1rcel de Villa Devoto.<\/em><\/p>\n\n\n\n<p><em>Nos dec\u00edan \u201cde ac\u00e1 salen locas o muertas\u201d.<\/em><br><em>\u201cCuando est\u00e9n afuera no van a servir para nada\u201d.<\/em><br><em>Salimos. Sobrevivimos.<\/em><\/p>\n\n\n\n<p><em>Habitamos en pa\u00edses distintos y en distintos lugares de nuestro pa\u00eds.<\/em><br><em>Sentimos la responsabilidad del despu\u00e9s.<\/em><br><em>Somos la memoria de todas.<\/em><\/p>\n\n\n\n<p><em>Por eso, escribimos lo que pas\u00f3 en la c\u00e1rcel,<\/em><br><em>declaramos en los juicios<\/em><br><em>y militamos por lo que creemos.<\/em><\/p>\n\n\n\n<p><em>Hicimos vida, mucha vida.<\/em><br><em>Y de eso hemos hablado en este libro<\/em><br><em>porque no estamos ni muertas ni locas.<\/em><\/p>\n\n\n\n<figure class=\"wp-block-embed is-type-video is-provider-vimeo wp-block-embed-vimeo wp-embed-aspect-4-3 wp-has-aspect-ratio\"><div class=\"wp-block-embed__wrapper\">\n<div class=\"jeg_video_container jeg_video_content\"><iframe loading=\"lazy\" title=\"NOSOTRAS SOMOS EL FUEGO\" src=\"https:\/\/player.vimeo.com\/video\/353377256?dnt=1&amp;app_id=122963\" width=\"500\" height=\"281\" frameborder=\"0\" allow=\"autoplay; fullscreen; picture-in-picture; clipboard-write\"><\/iframe><\/div>\n<\/div><\/figure>\n","protected":false},"excerpt":{"rendered":"<p>El lunes pasado se realiz\u00f3 la presentaci\u00f3n del libro &#8220;Nosotras en libertad&#8221;, obra coral que relata con testimonios en primera persona lo sufrido por presas pol\u00edticas v\u00edctimas de la dictadura c\u00edvico-militar. El texto est\u00e1 publicado bajo la modalidad libro-web y se puede leer ingresando ac\u00e1. Se trata de un aporte fundamental para conocer lo sucedido [&hellip;]<\/p>\n","protected":false},"author":7,"featured_media":30560,"comment_status":"open","ping_status":"open","sticky":false,"template":"","format":"standard","meta":{"_exactmetrics_skip_tracking":false,"_exactmetrics_sitenote_active":false,"_exactmetrics_sitenote_note":"","_exactmetrics_sitenote_category":0,"jnews-multi-image_gallery":[],"jnews_single_post":{"subtitle":"Julia Giuliani, secretaria de Prensa, invit\u00f3 a los militantes por la memoria, la verdad y la Justicia a apropiarse del espacio que genera ATE \"en este camino que est\u00e1 desarrollando el gremio por recuperar la memoria hist\u00f3rica\".","format":"standard","video":"","gallery":"","source_name":"","source_url":"","via_name":"","via_url":"","override":[{"template":"1","single_blog_custom":"","parallax":"1","fullscreen":"1","layout":"right-sidebar","sidebar":"default-sidebar","second_sidebar":"default-sidebar","sticky_sidebar":"1","share_position":"top","share_float_style":"share-monocrhome","show_share_counter":"1","show_view_counter":"1","show_featured":"1","show_post_meta":"1","show_post_author":"1","show_post_author_image":"1","show_post_date":"1","post_date_format":"default","post_date_format_custom":"Y\/m\/d","show_post_category":"1","post_reading_time_wpm":"300","zoom_button_out_step":"2","zoom_button_in_step":"3","show_post_tag":"1","show_prev_next_post":"1","show_popup_post":"1","number_popup_post":"1"}],"image_override":[{"single_post_thumbnail_size":"crop-500","single_post_gallery_size":"crop-500"}],"trending_post_position":"meta","trending_post_label":"Trending","sponsored_post_label":"Sponsored by","sponsored_post_name":"","sponsored_post_url":"","sponsored_post_logo":"","sponsored_post_desc":""},"jnews_primary_category":{"id":""},"jnews_social_meta":[],"jnews_review":[],"enable_review":"","type":"","name":"","summary":"","brand":"","sku":"","good":[],"bad":[],"score_override":"","override_value":"","rating":[],"price":[],"jnews_override_counter":[],"jnews_post_split":[],"footnotes":""},"categories":[122],"tags":[1039],"class_list":["post-30558","post","type-post","status-publish","format-standard","has-post-thumbnail","hentry","category-ddhh","tag-libro-nosotras-en-libertad"],"jetpack_featured_media_url":"https:\/\/atecordoba.org\/wp-content\/uploads\/2022\/03\/IMG-20220307-WA0190-e1646917081173.jpg","_links":{"self":[{"href":"https:\/\/atecordoba.org\/index.php?rest_route=\/wp\/v2\/posts\/30558","targetHints":{"allow":["GET"]}}],"collection":[{"href":"https:\/\/atecordoba.org\/index.php?rest_route=\/wp\/v2\/posts"}],"about":[{"href":"https:\/\/atecordoba.org\/index.php?rest_route=\/wp\/v2\/types\/post"}],"author":[{"embeddable":true,"href":"https:\/\/atecordoba.org\/index.php?rest_route=\/wp\/v2\/users\/7"}],"replies":[{"embeddable":true,"href":"https:\/\/atecordoba.org\/index.php?rest_route=%2Fwp%2Fv2%2Fcomments&post=30558"}],"version-history":[{"count":4,"href":"https:\/\/atecordoba.org\/index.php?rest_route=\/wp\/v2\/posts\/30558\/revisions"}],"predecessor-version":[{"id":30572,"href":"https:\/\/atecordoba.org\/index.php?rest_route=\/wp\/v2\/posts\/30558\/revisions\/30572"}],"wp:featuredmedia":[{"embeddable":true,"href":"https:\/\/atecordoba.org\/index.php?rest_route=\/wp\/v2\/media\/30560"}],"wp:attachment":[{"href":"https:\/\/atecordoba.org\/index.php?rest_route=%2Fwp%2Fv2%2Fmedia&parent=30558"}],"wp:term":[{"taxonomy":"category","embeddable":true,"href":"https:\/\/atecordoba.org\/index.php?rest_route=%2Fwp%2Fv2%2Fcategories&post=30558"},{"taxonomy":"post_tag","embeddable":true,"href":"https:\/\/atecordoba.org\/index.php?rest_route=%2Fwp%2Fv2%2Ftags&post=30558"}],"curies":[{"name":"wp","href":"https:\/\/api.w.org\/{rel}","templated":true}]}}