{"id":30550,"date":"2022-03-09T12:53:45","date_gmt":"2022-03-09T15:53:45","guid":{"rendered":"https:\/\/atecordoba.org\/?p=30550"},"modified":"2022-03-09T12:55:02","modified_gmt":"2022-03-09T15:55:02","slug":"ate-acuerda-la-paritaria-en-almafuerte-alcanzando-un-50-para-2022-y-un-5-para-completar-2021-a-pagar-en-marzo","status":"publish","type":"post","link":"https:\/\/atecordoba.org\/?p=30550","title":{"rendered":"ATE acuerda la paritaria en Almafuerte alcanzando un 50% para 2022"},"content":{"rendered":"\n<div class=\"wp-block-image\"><figure class=\"aligncenter size-large is-resized\"><img loading=\"lazy\" decoding=\"async\" src=\"https:\/\/atecordoba.org\/wp-content\/uploads\/2022\/03\/almafuerte_reunionparitaria.jpg\" alt=\"\" class=\"wp-image-30551\" width=\"768\" height=\"576\" \/><\/figure><\/div>\n\n\n\n<p>En una audiencia llevada a cabo ayer con el ejecutivo de la Municipalidad de Almafuerte, ATE alcanz\u00f3 un acuerdo salarial para las y los trabajadores municipales de la localidad que alcanza el 50% de recomposici\u00f3n salarial para la paritaria 2022.<\/p>\n\n\n\n<p>La misma se pagar\u00e1 cinco cuotas en los meses de mayo, julio, septiembre, noviembre y diciembre. Adem\u00e1s, se acord\u00f3 el pago de un aumento del 5% en marzo para cumplimentar la paritaria del 2021.<\/p>\n\n\n\n<p>En la oportunidad, participaron el intendente de Almafuerte, Ruben Dagum , el secretario de Gobierno, Fernando Mart\u00ednez. En tanto, en representaci\u00f3n de nuestra organizaci\u00f3n gremial, estuvieron presentes el secretario General de ATE R\u00edo Tercero, Dami\u00e1n Albornoz, el secretario Gremial, David Salto, y las y los delegados Guillermo Assini, Giuliana Fussero, Alejandro Loduca y Fabiana Acevedo.<\/p>\n\n\n\n<p>Por otro lado, se acord\u00f3 la activaci\u00f3n del c\u00f3digo de descuento social, que permitir\u00e1 hacer uso de la acci\u00f3n social del gremio.<\/p>\n\n\n\n<p>De acuerdo a la solicitud de nuestra organizaci\u00f3n y al entendimiento del ejecutivo municipal se resolvi\u00f3 un reajuste salarial del 5% en una sola cuota para cerrar la paritaria 2021 en el mes de marzo del corriente.<\/p>\n\n\n\n<p>Cabe resaltar que el aumento de haberes ser\u00e1 de alcance para las y los compa\u00f1eros becados y contratados a pedido de nuestra organizaci\u00f3n, solicitud a la que accedi\u00f3 el municipio al mismo tiempo que ATE volvi\u00f3 a ratificar el pedido de un plan de regularizaci\u00f3n de empleo p\u00fablico que elimine la precariedad laboral en el estado municipal. Este acuerdo salarial alcanzar\u00e1 a m\u00e1s de 400 municipales.<\/p>\n","protected":false},"excerpt":{"rendered":"<p>En una audiencia llevada a cabo ayer con el ejecutivo de la Municipalidad de Almafuerte, ATE alcanz\u00f3 un acuerdo salarial para las y los trabajadores municipales de la localidad que alcanza el 50% de recomposici\u00f3n salarial para la paritaria 2022. La misma se pagar\u00e1 cinco cuotas en los meses de mayo, julio, septiembre, noviembre y [&hellip;]<\/p>\n","protected":false},"author":7,"featured_media":30551,"comment_status":"open","ping_status":"open","sticky":false,"template":"","format":"standard","meta":{"_exactmetrics_skip_tracking":false,"_exactmetrics_sitenote_active":false,"_exactmetrics_sitenote_note":"","_exactmetrics_sitenote_category":0,"jnews-multi-image_gallery":[],"jnews_single_post":{"subtitle":"A esa recomposici\u00f3n se suma un 5% para completar 2021 a pagar con los salarios de marzo.","format":"standard","video":"","gallery":"","source_name":"","source_url":"","via_name":"","via_url":"","override":[{"template":"1","single_blog_custom":"","parallax":"1","fullscreen":"1","layout":"right-sidebar","sidebar":"default-sidebar","second_sidebar":"default-sidebar","sticky_sidebar":"1","share_position":"top","share_float_style":"share-monocrhome","show_share_counter":"1","show_view_counter":"1","show_featured":"1","show_post_meta":"1","show_post_author":"1","show_post_author_image":"1","show_post_date":"1","post_date_format":"default","post_date_format_custom":"Y\/m\/d","show_post_category":"1","post_reading_time_wpm":"300","zoom_button_out_step":"2","zoom_button_in_step":"3","show_post_tag":"1","show_prev_next_post":"1","show_popup_post":"1","number_popup_post":"1"}],"image_override":[{"single_post_thumbnail_size":"crop-500","single_post_gallery_size":"crop-500"}],"trending_post_position":"meta","trending_post_label":"Trending","sponsored_post_label":"Sponsored by","sponsored_post_name":"","sponsored_post_url":"","sponsored_post_logo":"","sponsored_post_desc":""},"jnews_primary_category":{"id":""},"jnews_social_meta":[],"jnews_review":[],"enable_review":"","type":"","name":"","summary":"","brand":"","sku":"","good":[],"bad":[],"score_override":"","override_value":"","rating":[],"price":[],"jnews_override_counter":[],"jnews_post_split":[],"footnotes":""},"categories":[20],"tags":[1037,1038],"class_list":["post-30550","post","type-post","status-publish","format-standard","has-post-thumbnail","hentry","category-municipales","tag-almafuerte","tag-paritaria-municipal"],"jetpack_featured_media_url":"https:\/\/atecordoba.org\/wp-content\/uploads\/2022\/03\/almafuerte_reunionparitaria-e1646841218538.jpg","_links":{"self":[{"href":"https:\/\/atecordoba.org\/index.php?rest_route=\/wp\/v2\/posts\/30550","targetHints":{"allow":["GET"]}}],"collection":[{"href":"https:\/\/atecordoba.org\/index.php?rest_route=\/wp\/v2\/posts"}],"about":[{"href":"https:\/\/atecordoba.org\/index.php?rest_route=\/wp\/v2\/types\/post"}],"author":[{"embeddable":true,"href":"https:\/\/atecordoba.org\/index.php?rest_route=\/wp\/v2\/users\/7"}],"replies":[{"embeddable":true,"href":"https:\/\/atecordoba.org\/index.php?rest_route=%2Fwp%2Fv2%2Fcomments&post=30550"}],"version-history":[{"count":2,"href":"https:\/\/atecordoba.org\/index.php?rest_route=\/wp\/v2\/posts\/30550\/revisions"}],"predecessor-version":[{"id":30553,"href":"https:\/\/atecordoba.org\/index.php?rest_route=\/wp\/v2\/posts\/30550\/revisions\/30553"}],"wp:featuredmedia":[{"embeddable":true,"href":"https:\/\/atecordoba.org\/index.php?rest_route=\/wp\/v2\/media\/30551"}],"wp:attachment":[{"href":"https:\/\/atecordoba.org\/index.php?rest_route=%2Fwp%2Fv2%2Fmedia&parent=30550"}],"wp:term":[{"taxonomy":"category","embeddable":true,"href":"https:\/\/atecordoba.org\/index.php?rest_route=%2Fwp%2Fv2%2Fcategories&post=30550"},{"taxonomy":"post_tag","embeddable":true,"href":"https:\/\/atecordoba.org\/index.php?rest_route=%2Fwp%2Fv2%2Ftags&post=30550"}],"curies":[{"name":"wp","href":"https:\/\/api.w.org\/{rel}","templated":true}]}}