{"id":30540,"date":"2022-03-09T12:14:26","date_gmt":"2022-03-09T15:14:26","guid":{"rendered":"https:\/\/atecordoba.org\/?p=30540"},"modified":"2022-03-09T12:16:04","modified_gmt":"2022-03-09T15:16:04","slug":"con-la-instalacion-de-una-carpa-y-una-olla-popular-ate-profundiza-el-conflicto-en-fadea","status":"publish","type":"post","link":"https:\/\/atecordoba.org\/?p=30540","title":{"rendered":"Con la instalaci\u00f3n de una carpa y una olla popular ATE profundiza el conflicto en FADEA"},"content":{"rendered":"\n<div class=\"wp-block-image\"><figure class=\"aligncenter size-large is-resized\"><img loading=\"lazy\" decoding=\"async\" src=\"https:\/\/atecordoba.org\/wp-content\/uploads\/2022\/03\/FNaSsXOXsAQw1EP-1024x576.jpg\" alt=\"\" class=\"wp-image-30541\" width=\"768\" height=\"432\" \/><\/figure><\/div>\n\n\n\n<p>Esta ma\u00f1ana ATE inici\u00f3 una protesta frente al ingreso de la F\u00e1brica Argentina de Aviones (FADEA) para exigir que el gobierno cumpla con su promesa de campa\u00f1a, a mas de dos a\u00f1os de asumido, y reincorpore a los 300 trabajadores de la firma que sufrieron el despido durante la administraci\u00f3n macrista.<\/p>\n\n\n\n<p>Nuestro gremio lleva desde febrero de 2020 insistiendo con las autoridades de FADEA para concretar una mesa de trabajo que canalice este reclamo sin que hasta el momento la directora de la firma, Mirta iriondo, cumpla con su promesa inicial. <\/p>\n\n\n\n<div class=\"wp-block-image\"><figure class=\"alignright size-large is-resized\"><img loading=\"lazy\" decoding=\"async\" src=\"https:\/\/atecordoba.org\/wp-content\/uploads\/2022\/03\/WhatsApp-Image-2022-03-09-at-11.18.20-AM-1-1024x576.jpeg\" alt=\"\" class=\"wp-image-30542\" width=\"512\" height=\"288\" srcset=\"https:\/\/atecordoba.org\/wp-content\/uploads\/2022\/03\/WhatsApp-Image-2022-03-09-at-11.18.20-AM-1-1024x576.jpeg 1024w, https:\/\/atecordoba.org\/wp-content\/uploads\/2022\/03\/WhatsApp-Image-2022-03-09-at-11.18.20-AM-1-300x169.jpeg 300w, https:\/\/atecordoba.org\/wp-content\/uploads\/2022\/03\/WhatsApp-Image-2022-03-09-at-11.18.20-AM-1-768x432.jpeg 768w, https:\/\/atecordoba.org\/wp-content\/uploads\/2022\/03\/WhatsApp-Image-2022-03-09-at-11.18.20-AM-1-1536x864.jpeg 1536w, https:\/\/atecordoba.org\/wp-content\/uploads\/2022\/03\/WhatsApp-Image-2022-03-09-at-11.18.20-AM-1-750x422.jpeg 750w, https:\/\/atecordoba.org\/wp-content\/uploads\/2022\/03\/WhatsApp-Image-2022-03-09-at-11.18.20-AM-1-1140x641.jpeg 1140w, https:\/\/atecordoba.org\/wp-content\/uploads\/2022\/03\/WhatsApp-Image-2022-03-09-at-11.18.20-AM-1.jpeg 1600w\" sizes=\"auto, (max-width: 512px) 100vw, 512px\" \/><\/figure><\/div>\n\n\n\n<p>En tal sentido, el secretario General de ATE C\u00f3rdoba, Federico Giuliani, <a href=\"https:\/\/www.facebook.com\/watch\/?v=1375455676232472&amp;extid=CL-UNK-UNK-UNK-AN_GK0T-GK1C&amp;ref=sharing\">explic\u00f3 esta ma\u00f1ana<\/a> que las reincorporaciones fueron &#8220;una promesa de campa\u00f1a de Iriondo. Incluso el ex ministro de Defensa Agust\u00edn Rossi se jactaba, antes de dedicarse a su carrera pol\u00edtica en Santa Fe, que iba a reincorporarlos. Nada de eso sucedi\u00f3, no se arm\u00f3 la mesa de trabajo, no tenemos respuesta por lo cual, trabajadores que tuvieron 15 o 20 a\u00f1os de antig\u00fcedad en la empresa, que hoy superan la franja etaria de los 40 a\u00f1os, siguen sin trabajo, todos presa de la desesperaci\u00f3n para volver al sistema&#8221;.<\/p>\n\n\n\n<p>De esa forma el dirigente fundament\u00f3 la protesta. &#8220;Nada de eso sucedi\u00f3, no se arm\u00f3 la mesa de trabajo, no tenemos respuesta por lo cual, trabajadores que tuvieron 15 o 20 a\u00f1os de antig\u00fcedad en la empresa, que hoy superan la franja etaria de los 40 a\u00f1os, siguen sin trabajo, todos presa de la desesperaci\u00f3n para volver al sistema&#8221;.<\/p>\n\n\n\n<p>La medida de fuerza consiste en la instalaci\u00f3n de una carpa, bautizada \u201cNos falta el trabajo, pero la lucha nos da dignidad\u201d, que va a estar en el lugar 48 horas frente al arco de FADEA, junto a una olla popular, acompa\u00f1ada por actividades de culturales y de debate.<\/p>\n\n\n\n<p>&#8220;Ahora estamos pidiendo reunirnos con el Ministerio de Defensa,. La direcci\u00f3n de la f\u00e1brica demostr\u00f3 que no cumple y este plan de lucha se va a profundizar. En dos semanas vamos al Famaf, la facultad donde Mirta Iriondo supuestamente tiene un prestigio, para volantear y hablar con la comunidad universitaria, sobre cu\u00e1l es el comportamiento de esta funcionaria&#8221;.<\/p>\n\n\n\n<p>Durante el transcurso de la ma\u00f1ana se acercaron a mostrar su solidaridad compa\u00f1eros y compa\u00f1eras de distintos sectores estatales que apoyan el plan de lucha.<\/p>\n\n\n\n<p>En tanto, el Consejo Directivo Provincial curso una solicitud de audiencia con el ministro de Defensa Jorge Taiana.<\/p>\n\n\n\n<figure class=\"wp-block-gallery columns-3 is-cropped wp-block-gallery-1 is-layout-flex wp-block-gallery-is-layout-flex\"><ul class=\"blocks-gallery-grid\"><li class=\"blocks-gallery-item\"><figure><a href=\"https:\/\/atecordoba.org\/wp-content\/uploads\/2022\/03\/FNaTKLKXEAcL5R-.jpg\"><img loading=\"lazy\" decoding=\"async\" width=\"1024\" height=\"576\" src=\"https:\/\/atecordoba.org\/wp-content\/uploads\/2022\/03\/FNaTKLKXEAcL5R--1024x576.jpg\" alt=\"\" data-id=\"30543\" data-full-url=\"https:\/\/atecordoba.org\/wp-content\/uploads\/2022\/03\/FNaTKLKXEAcL5R-.jpg\" data-link=\"https:\/\/atecordoba.org\/?attachment_id=30543\" class=\"wp-image-30543\" srcset=\"https:\/\/atecordoba.org\/wp-content\/uploads\/2022\/03\/FNaTKLKXEAcL5R--1024x576.jpg 1024w, https:\/\/atecordoba.org\/wp-content\/uploads\/2022\/03\/FNaTKLKXEAcL5R--300x169.jpg 300w, https:\/\/atecordoba.org\/wp-content\/uploads\/2022\/03\/FNaTKLKXEAcL5R--768x432.jpg 768w, https:\/\/atecordoba.org\/wp-content\/uploads\/2022\/03\/FNaTKLKXEAcL5R--1536x864.jpg 1536w, https:\/\/atecordoba.org\/wp-content\/uploads\/2022\/03\/FNaTKLKXEAcL5R--2048x1152.jpg 2048w, https:\/\/atecordoba.org\/wp-content\/uploads\/2022\/03\/FNaTKLKXEAcL5R--750x422.jpg 750w, https:\/\/atecordoba.org\/wp-content\/uploads\/2022\/03\/FNaTKLKXEAcL5R--1140x641.jpg 1140w\" sizes=\"auto, (max-width: 1024px) 100vw, 1024px\" \/><\/a><\/figure><\/li><li class=\"blocks-gallery-item\"><figure><a href=\"https:\/\/atecordoba.org\/wp-content\/uploads\/2022\/03\/WhatsApp-Image-2022-03-09-at-11.18.20-AM.jpeg\"><img loading=\"lazy\" decoding=\"async\" width=\"1024\" height=\"576\" src=\"https:\/\/atecordoba.org\/wp-content\/uploads\/2022\/03\/WhatsApp-Image-2022-03-09-at-11.18.20-AM-1024x576.jpeg\" alt=\"\" data-id=\"30544\" data-full-url=\"https:\/\/atecordoba.org\/wp-content\/uploads\/2022\/03\/WhatsApp-Image-2022-03-09-at-11.18.20-AM.jpeg\" data-link=\"https:\/\/atecordoba.org\/?attachment_id=30544\" class=\"wp-image-30544\" srcset=\"https:\/\/atecordoba.org\/wp-content\/uploads\/2022\/03\/WhatsApp-Image-2022-03-09-at-11.18.20-AM-1024x576.jpeg 1024w, https:\/\/atecordoba.org\/wp-content\/uploads\/2022\/03\/WhatsApp-Image-2022-03-09-at-11.18.20-AM-300x169.jpeg 300w, https:\/\/atecordoba.org\/wp-content\/uploads\/2022\/03\/WhatsApp-Image-2022-03-09-at-11.18.20-AM-768x432.jpeg 768w, https:\/\/atecordoba.org\/wp-content\/uploads\/2022\/03\/WhatsApp-Image-2022-03-09-at-11.18.20-AM-1536x864.jpeg 1536w, https:\/\/atecordoba.org\/wp-content\/uploads\/2022\/03\/WhatsApp-Image-2022-03-09-at-11.18.20-AM-750x422.jpeg 750w, https:\/\/atecordoba.org\/wp-content\/uploads\/2022\/03\/WhatsApp-Image-2022-03-09-at-11.18.20-AM-1140x641.jpeg 1140w, https:\/\/atecordoba.org\/wp-content\/uploads\/2022\/03\/WhatsApp-Image-2022-03-09-at-11.18.20-AM.jpeg 1600w\" sizes=\"auto, (max-width: 1024px) 100vw, 1024px\" \/><\/a><\/figure><\/li><li class=\"blocks-gallery-item\"><figure><a href=\"https:\/\/atecordoba.org\/wp-content\/uploads\/2022\/03\/WhatsApp-Image-2022-03-09-at-11.18.21-AM.jpeg\"><img loading=\"lazy\" decoding=\"async\" width=\"1024\" height=\"576\" src=\"https:\/\/atecordoba.org\/wp-content\/uploads\/2022\/03\/WhatsApp-Image-2022-03-09-at-11.18.21-AM-1024x576.jpeg\" alt=\"\" data-id=\"30545\" data-full-url=\"https:\/\/atecordoba.org\/wp-content\/uploads\/2022\/03\/WhatsApp-Image-2022-03-09-at-11.18.21-AM.jpeg\" data-link=\"https:\/\/atecordoba.org\/?attachment_id=30545\" class=\"wp-image-30545\" srcset=\"https:\/\/atecordoba.org\/wp-content\/uploads\/2022\/03\/WhatsApp-Image-2022-03-09-at-11.18.21-AM-1024x576.jpeg 1024w, https:\/\/atecordoba.org\/wp-content\/uploads\/2022\/03\/WhatsApp-Image-2022-03-09-at-11.18.21-AM-300x169.jpeg 300w, https:\/\/atecordoba.org\/wp-content\/uploads\/2022\/03\/WhatsApp-Image-2022-03-09-at-11.18.21-AM-768x432.jpeg 768w, https:\/\/atecordoba.org\/wp-content\/uploads\/2022\/03\/WhatsApp-Image-2022-03-09-at-11.18.21-AM-1536x864.jpeg 1536w, https:\/\/atecordoba.org\/wp-content\/uploads\/2022\/03\/WhatsApp-Image-2022-03-09-at-11.18.21-AM-750x422.jpeg 750w, https:\/\/atecordoba.org\/wp-content\/uploads\/2022\/03\/WhatsApp-Image-2022-03-09-at-11.18.21-AM-1140x641.jpeg 1140w, https:\/\/atecordoba.org\/wp-content\/uploads\/2022\/03\/WhatsApp-Image-2022-03-09-at-11.18.21-AM.jpeg 1600w\" sizes=\"auto, (max-width: 1024px) 100vw, 1024px\" \/><\/a><\/figure><\/li><li class=\"blocks-gallery-item\"><figure><a href=\"https:\/\/atecordoba.org\/wp-content\/uploads\/2022\/03\/WhatsApp-Image-2022-03-09-at-11.18.22-AM.jpeg\"><img loading=\"lazy\" decoding=\"async\" width=\"1024\" height=\"576\" src=\"https:\/\/atecordoba.org\/wp-content\/uploads\/2022\/03\/WhatsApp-Image-2022-03-09-at-11.18.22-AM-1024x576.jpeg\" alt=\"\" data-id=\"30546\" data-full-url=\"https:\/\/atecordoba.org\/wp-content\/uploads\/2022\/03\/WhatsApp-Image-2022-03-09-at-11.18.22-AM.jpeg\" data-link=\"https:\/\/atecordoba.org\/?attachment_id=30546\" class=\"wp-image-30546\" srcset=\"https:\/\/atecordoba.org\/wp-content\/uploads\/2022\/03\/WhatsApp-Image-2022-03-09-at-11.18.22-AM-1024x576.jpeg 1024w, https:\/\/atecordoba.org\/wp-content\/uploads\/2022\/03\/WhatsApp-Image-2022-03-09-at-11.18.22-AM-300x169.jpeg 300w, https:\/\/atecordoba.org\/wp-content\/uploads\/2022\/03\/WhatsApp-Image-2022-03-09-at-11.18.22-AM-768x432.jpeg 768w, https:\/\/atecordoba.org\/wp-content\/uploads\/2022\/03\/WhatsApp-Image-2022-03-09-at-11.18.22-AM-1536x864.jpeg 1536w, https:\/\/atecordoba.org\/wp-content\/uploads\/2022\/03\/WhatsApp-Image-2022-03-09-at-11.18.22-AM-750x422.jpeg 750w, https:\/\/atecordoba.org\/wp-content\/uploads\/2022\/03\/WhatsApp-Image-2022-03-09-at-11.18.22-AM-1140x641.jpeg 1140w, https:\/\/atecordoba.org\/wp-content\/uploads\/2022\/03\/WhatsApp-Image-2022-03-09-at-11.18.22-AM.jpeg 1600w\" sizes=\"auto, (max-width: 1024px) 100vw, 1024px\" \/><\/a><\/figure><\/li><li class=\"blocks-gallery-item\"><figure><a href=\"https:\/\/atecordoba.org\/wp-content\/uploads\/2022\/03\/FNaStkAXIAEHTBU.jpg\"><img loading=\"lazy\" decoding=\"async\" width=\"1024\" height=\"576\" src=\"https:\/\/atecordoba.org\/wp-content\/uploads\/2022\/03\/FNaStkAXIAEHTBU-1024x576.jpg\" alt=\"\" data-id=\"30547\" data-full-url=\"https:\/\/atecordoba.org\/wp-content\/uploads\/2022\/03\/FNaStkAXIAEHTBU.jpg\" data-link=\"https:\/\/atecordoba.org\/?attachment_id=30547\" class=\"wp-image-30547\" srcset=\"https:\/\/atecordoba.org\/wp-content\/uploads\/2022\/03\/FNaStkAXIAEHTBU-1024x576.jpg 1024w, https:\/\/atecordoba.org\/wp-content\/uploads\/2022\/03\/FNaStkAXIAEHTBU-300x169.jpg 300w, https:\/\/atecordoba.org\/wp-content\/uploads\/2022\/03\/FNaStkAXIAEHTBU-768x432.jpg 768w, https:\/\/atecordoba.org\/wp-content\/uploads\/2022\/03\/FNaStkAXIAEHTBU-1536x864.jpg 1536w, https:\/\/atecordoba.org\/wp-content\/uploads\/2022\/03\/FNaStkAXIAEHTBU-750x422.jpg 750w, https:\/\/atecordoba.org\/wp-content\/uploads\/2022\/03\/FNaStkAXIAEHTBU-1140x641.jpg 1140w, https:\/\/atecordoba.org\/wp-content\/uploads\/2022\/03\/FNaStkAXIAEHTBU.jpg 2048w\" sizes=\"auto, (max-width: 1024px) 100vw, 1024px\" \/><\/a><\/figure><\/li><li class=\"blocks-gallery-item\"><figure><a href=\"https:\/\/atecordoba.org\/wp-content\/uploads\/2022\/03\/FNaTJLJXMAUHpXm.jpg\"><img loading=\"lazy\" decoding=\"async\" width=\"1024\" height=\"576\" src=\"https:\/\/atecordoba.org\/wp-content\/uploads\/2022\/03\/FNaTJLJXMAUHpXm-1024x576.jpg\" alt=\"\" data-id=\"30548\" data-full-url=\"https:\/\/atecordoba.org\/wp-content\/uploads\/2022\/03\/FNaTJLJXMAUHpXm.jpg\" data-link=\"https:\/\/atecordoba.org\/?attachment_id=30548\" class=\"wp-image-30548\" srcset=\"https:\/\/atecordoba.org\/wp-content\/uploads\/2022\/03\/FNaTJLJXMAUHpXm-1024x576.jpg 1024w, https:\/\/atecordoba.org\/wp-content\/uploads\/2022\/03\/FNaTJLJXMAUHpXm-300x169.jpg 300w, https:\/\/atecordoba.org\/wp-content\/uploads\/2022\/03\/FNaTJLJXMAUHpXm-768x432.jpg 768w, https:\/\/atecordoba.org\/wp-content\/uploads\/2022\/03\/FNaTJLJXMAUHpXm-1536x864.jpg 1536w, https:\/\/atecordoba.org\/wp-content\/uploads\/2022\/03\/FNaTJLJXMAUHpXm-750x422.jpg 750w, https:\/\/atecordoba.org\/wp-content\/uploads\/2022\/03\/FNaTJLJXMAUHpXm-1140x641.jpg 1140w, https:\/\/atecordoba.org\/wp-content\/uploads\/2022\/03\/FNaTJLJXMAUHpXm.jpg 2048w\" sizes=\"auto, (max-width: 1024px) 100vw, 1024px\" \/><\/a><\/figure><\/li><\/ul><\/figure>\n","protected":false},"excerpt":{"rendered":"<p>Esta ma\u00f1ana ATE inici\u00f3 una protesta frente al ingreso de la F\u00e1brica Argentina de Aviones (FADEA) para exigir que el gobierno cumpla con su promesa de campa\u00f1a, a mas de dos a\u00f1os de asumido, y reincorpore a los 300 trabajadores de la firma que sufrieron el despido durante la administraci\u00f3n macrista. Nuestro gremio lleva desde [&hellip;]<\/p>\n","protected":false},"author":7,"featured_media":30541,"comment_status":"open","ping_status":"open","sticky":false,"template":"","format":"standard","meta":{"_exactmetrics_skip_tracking":false,"_exactmetrics_sitenote_active":false,"_exactmetrics_sitenote_note":"","_exactmetrics_sitenote_category":0,"jnews-multi-image_gallery":[],"jnews_single_post":{"subtitle":"Son 300 trabajadores que aguardan ser reincorporados. El secretario General de ATE C\u00f3rdoba Federico Giuliani dijo que nuestro gremio ya curs\u00f3 una solicitud de audiencia con el ministro de Defensa Jorge Taiana.","format":"standard","video":"","gallery":"","source_name":"","source_url":"","via_name":"","via_url":"","override":[{"template":"1","single_blog_custom":"","parallax":"1","fullscreen":"1","layout":"right-sidebar","sidebar":"default-sidebar","second_sidebar":"default-sidebar","sticky_sidebar":"1","share_position":"top","share_float_style":"share-monocrhome","show_share_counter":"1","show_view_counter":"1","show_featured":"1","show_post_meta":"1","show_post_author":"1","show_post_author_image":"1","show_post_date":"1","post_date_format":"default","post_date_format_custom":"Y\/m\/d","show_post_category":"1","post_reading_time_wpm":"300","zoom_button_out_step":"2","zoom_button_in_step":"3","show_post_tag":"1","show_prev_next_post":"1","show_popup_post":"1","number_popup_post":"1"}],"image_override":[{"single_post_thumbnail_size":"crop-500","single_post_gallery_size":"crop-500"}],"trending_post_position":"meta","trending_post_label":"Trending","sponsored_post_label":"Sponsored by","sponsored_post_name":"","sponsored_post_url":"","sponsored_post_logo":"","sponsored_post_desc":""},"jnews_primary_category":{"id":""},"jnews_social_meta":[],"jnews_review":[],"enable_review":"","type":"","name":"","summary":"","brand":"","sku":"","good":[],"bad":[],"score_override":"","override_value":"","rating":[],"price":[],"jnews_override_counter":[],"jnews_post_split":[],"footnotes":""},"categories":[18],"tags":[165],"class_list":["post-30540","post","type-post","status-publish","format-standard","has-post-thumbnail","hentry","category-nacionales","tag-fadea"],"jetpack_featured_media_url":"https:\/\/atecordoba.org\/wp-content\/uploads\/2022\/03\/FNaSsXOXsAQw1EP-e1646838848153.jpg","_links":{"self":[{"href":"https:\/\/atecordoba.org\/index.php?rest_route=\/wp\/v2\/posts\/30540","targetHints":{"allow":["GET"]}}],"collection":[{"href":"https:\/\/atecordoba.org\/index.php?rest_route=\/wp\/v2\/posts"}],"about":[{"href":"https:\/\/atecordoba.org\/index.php?rest_route=\/wp\/v2\/types\/post"}],"author":[{"embeddable":true,"href":"https:\/\/atecordoba.org\/index.php?rest_route=\/wp\/v2\/users\/7"}],"replies":[{"embeddable":true,"href":"https:\/\/atecordoba.org\/index.php?rest_route=%2Fwp%2Fv2%2Fcomments&post=30540"}],"version-history":[{"count":1,"href":"https:\/\/atecordoba.org\/index.php?rest_route=\/wp\/v2\/posts\/30540\/revisions"}],"predecessor-version":[{"id":30549,"href":"https:\/\/atecordoba.org\/index.php?rest_route=\/wp\/v2\/posts\/30540\/revisions\/30549"}],"wp:featuredmedia":[{"embeddable":true,"href":"https:\/\/atecordoba.org\/index.php?rest_route=\/wp\/v2\/media\/30541"}],"wp:attachment":[{"href":"https:\/\/atecordoba.org\/index.php?rest_route=%2Fwp%2Fv2%2Fmedia&parent=30540"}],"wp:term":[{"taxonomy":"category","embeddable":true,"href":"https:\/\/atecordoba.org\/index.php?rest_route=%2Fwp%2Fv2%2Fcategories&post=30540"},{"taxonomy":"post_tag","embeddable":true,"href":"https:\/\/atecordoba.org\/index.php?rest_route=%2Fwp%2Fv2%2Ftags&post=30540"}],"curies":[{"name":"wp","href":"https:\/\/api.w.org\/{rel}","templated":true}]}}