{"id":30526,"date":"2022-03-09T10:33:52","date_gmt":"2022-03-09T13:33:52","guid":{"rendered":"https:\/\/atecordoba.org\/?p=30526"},"modified":"2022-03-09T13:08:23","modified_gmt":"2022-03-09T16:08:23","slug":"ate-marcho-ayer-las-calles-de-cordoba-junto-a-una-multitud-por-el-paro-internacional-de-mujeres","status":"publish","type":"post","link":"https:\/\/atecordoba.org\/?p=30526","title":{"rendered":"ATE march\u00f3 ayer las calles de C\u00f3rdoba junto a una multitud por el Paro Internacional de Mujeres"},"content":{"rendered":"\n<div class=\"wp-block-image\"><figure class=\"aligncenter size-large is-resized\"><img loading=\"lazy\" decoding=\"async\" src=\"https:\/\/atecordoba.org\/wp-content\/uploads\/2022\/03\/IMG-20220308-WA0272-1024x768.jpg\" alt=\"\" class=\"wp-image-30527\" width=\"768\" height=\"576\" \/><\/figure><\/div>\n\n\n\n<p>ATE particip\u00f3 ayer de la multitudinaria marcha que se moviliz\u00f3 por las calles de C\u00f3rdoba en el marco del D\u00eda Internacional de la Mujer Trabajadora 8M, este a\u00f1o bajo la consigna \u2018que la deuda la paguen quienes la fugaron\u2019.<\/p>\n\n\n\n<p>La concentraci\u00f3n se realiz\u00f3 en la esquina de avenida Col\u00f3n y Fraguerio y una multitudinaria columna, como viene sucediendo en todo el pa\u00eds cada 8 de marzo, grit\u00f3 contra los feminicidios \u2013que siguen sucediendo fatalmente a lo largo y ancho del pa\u00eds- y reclam\u00f3 la conquista de derechos para mujeres, lesbianas, travestis, trans y disidencias.<\/p>\n\n\n\n<p>La directora del Departamento de G\u00e9neros y Diversidades, Gabriela Alcoba, explic\u00f3 que &#8220;ATE convoc\u00f3 a paro y movilizaci\u00f3n en todo el pa\u00eds. Cubrimos con las notificaciones a todos los organismos estatales \u2013nacionales, provinciales y municipales- a las compa\u00f1eras para que puedan adherir al paro nacional feminista&#8221;.<\/p>\n\n\n\n<div class=\"wp-block-image\"><figure class=\"alignright size-large is-resized\"><img loading=\"lazy\" decoding=\"async\" src=\"https:\/\/atecordoba.org\/wp-content\/uploads\/2022\/03\/IMG-20220308-WA0230-1024x768.jpg\" alt=\"\" class=\"wp-image-30528\" width=\"512\" height=\"384\" srcset=\"https:\/\/atecordoba.org\/wp-content\/uploads\/2022\/03\/IMG-20220308-WA0230-1024x768.jpg 1024w, https:\/\/atecordoba.org\/wp-content\/uploads\/2022\/03\/IMG-20220308-WA0230-300x225.jpg 300w, https:\/\/atecordoba.org\/wp-content\/uploads\/2022\/03\/IMG-20220308-WA0230-768x576.jpg 768w, https:\/\/atecordoba.org\/wp-content\/uploads\/2022\/03\/IMG-20220308-WA0230-1536x1152.jpg 1536w, https:\/\/atecordoba.org\/wp-content\/uploads\/2022\/03\/IMG-20220308-WA0230-750x563.jpg 750w, https:\/\/atecordoba.org\/wp-content\/uploads\/2022\/03\/IMG-20220308-WA0230-1140x855.jpg 1140w, https:\/\/atecordoba.org\/wp-content\/uploads\/2022\/03\/IMG-20220308-WA0230.jpg 1600w\" sizes=\"auto, (max-width: 512px) 100vw, 512px\" \/><\/figure><\/div>\n\n\n\n<p>La dirigente se\u00f1al\u00f3 que el reclamo hist\u00f3rico contra los feminicidios y por los derechos de las mujeres y diversidades confluye este a\u00f1o con el rechazo al pago de la deuda con el FMI &#8220;porque la deuda es con nosotras, con nosotros, con nosotres, con las mujeres, con las diversidades, que somos siempre las m\u00e1s perjudicadas. Nos movilizamos para reclamar por nuestros derechos, para decir que vivas nos queremos, por una reforma judicial feminista urgente, para exigir que no nos precaricen la vida, el trabajo, la salud porque queremos una vida digna para todos y todas&#8221;.<\/p>\n\n\n\n<p>En esa l\u00ednea, la secretaria de Prensa, Julia Giuliani, dijo que entre los reclamos de ATE y la Intersindical de Mujeres est\u00e1 la necesidad \u201cde instar a las patronales estatales provinciales y municipales para que adhieran el paro, porque es una forma de demostrar que estamos ac\u00e1 vivas\u201d.<\/p>\n\n\n\n<p>\u201cAdem\u00e1s, planteamos que se termine la precarizaci\u00f3n, de nuestras vidas, de nuestros salarios, y ratificar el convenio 190 de la OIT para que se aplique en cada lugar de trabajo\u201d, afirm\u00f3 Giuliani.<\/p>\n\n\n\n<p>Estuvo presente el reclamo por justicia para el caso de Ivana Modica, trabajadora de la Escuela de Suboficiales de la Fuerza A\u00e9rea, v\u00edctima de un feminicidio hace poco m\u00e1s de un a\u00f1o, sin que la justicia haya elevado a juicio la causa que se sustancia en los tribunales de Cruz del Eje. <\/p>\n\n\n\n<p>Las seccionales ATE R\u00edo Tercero y ATE R\u00edo Cuarto tambi\u00e9n participaron de actividades en las respectivas ciudades.<\/p>\n\n\n\n<figure class=\"wp-block-gallery columns-4 is-cropped wp-block-gallery-1 is-layout-flex wp-block-gallery-is-layout-flex\"><ul class=\"blocks-gallery-grid\"><li class=\"blocks-gallery-item\"><figure><a href=\"https:\/\/atecordoba.org\/wp-content\/uploads\/2022\/03\/IMG-20220308-WA0241-768x1024.jpg\"><img loading=\"lazy\" decoding=\"async\" width=\"768\" height=\"1024\" src=\"https:\/\/atecordoba.org\/wp-content\/uploads\/2022\/03\/IMG-20220308-WA0241-768x1024.jpg\" alt=\"\" data-id=\"30531\" data-link=\"https:\/\/atecordoba.org\/?attachment_id=30531\" class=\"wp-image-30531\" srcset=\"https:\/\/atecordoba.org\/wp-content\/uploads\/2022\/03\/IMG-20220308-WA0241-768x1024.jpg 768w, https:\/\/atecordoba.org\/wp-content\/uploads\/2022\/03\/IMG-20220308-WA0241-225x300.jpg 225w, https:\/\/atecordoba.org\/wp-content\/uploads\/2022\/03\/IMG-20220308-WA0241-1152x1536.jpg 1152w, https:\/\/atecordoba.org\/wp-content\/uploads\/2022\/03\/IMG-20220308-WA0241-750x1000.jpg 750w, https:\/\/atecordoba.org\/wp-content\/uploads\/2022\/03\/IMG-20220308-WA0241-1140x1520.jpg 1140w, https:\/\/atecordoba.org\/wp-content\/uploads\/2022\/03\/IMG-20220308-WA0241.jpg 1200w\" sizes=\"auto, (max-width: 768px) 100vw, 768px\" \/><\/a><\/figure><\/li><li class=\"blocks-gallery-item\"><figure><a href=\"https:\/\/atecordoba.org\/wp-content\/uploads\/2022\/03\/IMG-20220308-WA0253-768x1024.jpg\"><img loading=\"lazy\" decoding=\"async\" width=\"768\" height=\"1024\" src=\"https:\/\/atecordoba.org\/wp-content\/uploads\/2022\/03\/IMG-20220308-WA0253-768x1024.jpg\" alt=\"\" data-id=\"30532\" data-link=\"https:\/\/atecordoba.org\/?attachment_id=30532\" class=\"wp-image-30532\" srcset=\"https:\/\/atecordoba.org\/wp-content\/uploads\/2022\/03\/IMG-20220308-WA0253-768x1024.jpg 768w, https:\/\/atecordoba.org\/wp-content\/uploads\/2022\/03\/IMG-20220308-WA0253-225x300.jpg 225w, https:\/\/atecordoba.org\/wp-content\/uploads\/2022\/03\/IMG-20220308-WA0253-750x1000.jpg 750w, https:\/\/atecordoba.org\/wp-content\/uploads\/2022\/03\/IMG-20220308-WA0253.jpg 960w\" sizes=\"auto, (max-width: 768px) 100vw, 768px\" \/><\/a><\/figure><\/li><li class=\"blocks-gallery-item\"><figure><a href=\"https:\/\/atecordoba.org\/wp-content\/uploads\/2022\/03\/IMG-20220308-WA0270-1-760x1024.jpg\"><img loading=\"lazy\" decoding=\"async\" width=\"760\" height=\"1024\" src=\"https:\/\/atecordoba.org\/wp-content\/uploads\/2022\/03\/IMG-20220308-WA0270-1-760x1024.jpg\" alt=\"\" data-id=\"30533\" data-link=\"https:\/\/atecordoba.org\/?attachment_id=30533\" class=\"wp-image-30533\" srcset=\"https:\/\/atecordoba.org\/wp-content\/uploads\/2022\/03\/IMG-20220308-WA0270-1-760x1024.jpg 760w, https:\/\/atecordoba.org\/wp-content\/uploads\/2022\/03\/IMG-20220308-WA0270-1-223x300.jpg 223w, https:\/\/atecordoba.org\/wp-content\/uploads\/2022\/03\/IMG-20220308-WA0270-1-768x1035.jpg 768w, https:\/\/atecordoba.org\/wp-content\/uploads\/2022\/03\/IMG-20220308-WA0270-1-1140x1536.jpg 1140w, https:\/\/atecordoba.org\/wp-content\/uploads\/2022\/03\/IMG-20220308-WA0270-1-750x1010.jpg 750w, https:\/\/atecordoba.org\/wp-content\/uploads\/2022\/03\/IMG-20220308-WA0270-1.jpg 1187w\" sizes=\"auto, (max-width: 760px) 100vw, 760px\" \/><\/a><\/figure><\/li><li class=\"blocks-gallery-item\"><figure><a href=\"https:\/\/atecordoba.org\/wp-content\/uploads\/2022\/03\/rio-3.jpg\"><img loading=\"lazy\" decoding=\"async\" width=\"960\" height=\"540\" src=\"https:\/\/atecordoba.org\/wp-content\/uploads\/2022\/03\/rio-3.jpg\" alt=\"\" data-id=\"30555\" data-link=\"https:\/\/atecordoba.org\/?attachment_id=30555\" class=\"wp-image-30555\" srcset=\"https:\/\/atecordoba.org\/wp-content\/uploads\/2022\/03\/rio-3.jpg 960w, https:\/\/atecordoba.org\/wp-content\/uploads\/2022\/03\/rio-3-300x169.jpg 300w, https:\/\/atecordoba.org\/wp-content\/uploads\/2022\/03\/rio-3-768x432.jpg 768w, https:\/\/atecordoba.org\/wp-content\/uploads\/2022\/03\/rio-3-750x422.jpg 750w\" sizes=\"auto, (max-width: 960px) 100vw, 960px\" \/><\/a><\/figure><\/li><\/ul><\/figure>\n\n\n\n<p><strong>Anac<\/strong><\/p>\n\n\n\n<p>En ese marco, ayer por la ma\u00f1ana compa\u00f1eras y compa\u00f1eros de la Administraci\u00f3n Nacional de la Aviaci\u00f3n Civil (ANAC) en C\u00f3rdoba realizaron un acto en referencia al 8M, instalando una placa en el organismo, al lado de donde el a\u00f1o pasado como s\u00edmbolo de reivindicaci\u00f3n de la lucha feminista.<\/p>\n\n\n\n<div class=\"wp-block-image\"><figure class=\"aligncenter size-large is-resized\"><img loading=\"lazy\" decoding=\"async\" src=\"https:\/\/atecordoba.org\/wp-content\/uploads\/2022\/03\/IMG-20220308-WA0108-1024x461.jpg\" alt=\"\" class=\"wp-image-30510\" width=\"768\" height=\"346\" srcset=\"https:\/\/atecordoba.org\/wp-content\/uploads\/2022\/03\/IMG-20220308-WA0108-1024x461.jpg 1024w, https:\/\/atecordoba.org\/wp-content\/uploads\/2022\/03\/IMG-20220308-WA0108-300x135.jpg 300w, https:\/\/atecordoba.org\/wp-content\/uploads\/2022\/03\/IMG-20220308-WA0108-768x346.jpg 768w, https:\/\/atecordoba.org\/wp-content\/uploads\/2022\/03\/IMG-20220308-WA0108-1536x691.jpg 1536w, https:\/\/atecordoba.org\/wp-content\/uploads\/2022\/03\/IMG-20220308-WA0108-750x338.jpg 750w, https:\/\/atecordoba.org\/wp-content\/uploads\/2022\/03\/IMG-20220308-WA0108-1140x513.jpg 1140w, https:\/\/atecordoba.org\/wp-content\/uploads\/2022\/03\/IMG-20220308-WA0108.jpg 1600w\" sizes=\"auto, (max-width: 768px) 100vw, 768px\" \/><\/figure><\/div>\n\n\n\n<p>La delegada Carina Arg\u00fcello afirm\u00f3 que &#8220;nos reunimos compa\u00f1eras y compa\u00f1eros para hablar de la problem\u00e1tica de la mujer dentro del organismo. Hablamos sobre la necesidad de protocolo de violencia y de implementar algunos procedimientos. Y pusimos esta placa recordatoria, cerca del banco violeta del a\u00f1o pasado, con la leyenda \u2018por un ambiente laboral y sindical libre de violencia\u2019&#8221;.<\/p>\n\n\n\n<figure class=\"wp-block-gallery columns-2 is-cropped wp-block-gallery-2 is-layout-flex wp-block-gallery-is-layout-flex\"><ul class=\"blocks-gallery-grid\"><li class=\"blocks-gallery-item\"><figure><a href=\"https:\/\/atecordoba.org\/wp-content\/uploads\/2022\/03\/anac_placafeminista-e1646760792115.png\"><img loading=\"lazy\" decoding=\"async\" width=\"374\" height=\"200\" src=\"https:\/\/atecordoba.org\/wp-content\/uploads\/2022\/03\/anac_placafeminista-e1646760792115.png\" alt=\"\" data-id=\"30511\" data-full-url=\"https:\/\/atecordoba.org\/wp-content\/uploads\/2022\/03\/anac_placafeminista-e1646760792115.png\" data-link=\"https:\/\/atecordoba.org\/?attachment_id=30511\" class=\"wp-image-30511\" \/><\/a><\/figure><\/li><li class=\"blocks-gallery-item\"><figure><a href=\"https:\/\/atecordoba.org\/wp-content\/uploads\/2022\/03\/IMG-20220308-WA0104.jpg\"><img loading=\"lazy\" decoding=\"async\" width=\"1024\" height=\"461\" src=\"https:\/\/atecordoba.org\/wp-content\/uploads\/2022\/03\/IMG-20220308-WA0104-1024x461.jpg\" alt=\"\" data-id=\"30512\" data-full-url=\"https:\/\/atecordoba.org\/wp-content\/uploads\/2022\/03\/IMG-20220308-WA0104.jpg\" data-link=\"https:\/\/atecordoba.org\/?attachment_id=30512\" class=\"wp-image-30512\" srcset=\"https:\/\/atecordoba.org\/wp-content\/uploads\/2022\/03\/IMG-20220308-WA0104-1024x461.jpg 1024w, https:\/\/atecordoba.org\/wp-content\/uploads\/2022\/03\/IMG-20220308-WA0104-300x135.jpg 300w, https:\/\/atecordoba.org\/wp-content\/uploads\/2022\/03\/IMG-20220308-WA0104-768x346.jpg 768w, https:\/\/atecordoba.org\/wp-content\/uploads\/2022\/03\/IMG-20220308-WA0104-1536x691.jpg 1536w, https:\/\/atecordoba.org\/wp-content\/uploads\/2022\/03\/IMG-20220308-WA0104-750x338.jpg 750w, https:\/\/atecordoba.org\/wp-content\/uploads\/2022\/03\/IMG-20220308-WA0104-1140x513.jpg 1140w, https:\/\/atecordoba.org\/wp-content\/uploads\/2022\/03\/IMG-20220308-WA0104.jpg 1600w\" sizes=\"auto, (max-width: 1024px) 100vw, 1024px\" \/><\/a><\/figure><\/li><\/ul><\/figure>\n","protected":false},"excerpt":{"rendered":"<p>ATE particip\u00f3 ayer de la multitudinaria marcha que se moviliz\u00f3 por las calles de C\u00f3rdoba en el marco del D\u00eda Internacional de la Mujer Trabajadora 8M, este a\u00f1o bajo la consigna \u2018que la deuda la paguen quienes la fugaron\u2019. La concentraci\u00f3n se realiz\u00f3 en la esquina de avenida Col\u00f3n y Fraguerio y una multitudinaria columna, [&hellip;]<\/p>\n","protected":false},"author":7,"featured_media":30527,"comment_status":"open","ping_status":"open","sticky":false,"template":"","format":"standard","meta":{"_exactmetrics_skip_tracking":false,"_exactmetrics_sitenote_active":false,"_exactmetrics_sitenote_note":"","_exactmetrics_sitenote_category":0,"jnews-multi-image_gallery":[],"jnews_single_post":{"subtitle":"\"Planteamos que se termine la precarizaci\u00f3n, de nuestras vidas, de nuestros salarios, y ratificar el convenio 190 de la OIT para que se aplique en cada lugar de trabajo\u201d, afirm\u00f3 Julia Giuliani, secretaria de Prensa de ATE C\u00f3rdoba.","format":"standard","video":"","gallery":"","source_name":"","source_url":"","via_name":"","via_url":"","override":[{"template":"1","single_blog_custom":"","parallax":"1","fullscreen":"1","layout":"right-sidebar","sidebar":"default-sidebar","second_sidebar":"default-sidebar","sticky_sidebar":"1","share_position":"top","share_float_style":"share-monocrhome","show_share_counter":"1","show_view_counter":"1","show_featured":"1","show_post_meta":"1","show_post_author":"1","show_post_author_image":"1","show_post_date":"1","post_date_format":"default","post_date_format_custom":"Y\/m\/d","show_post_category":"1","post_reading_time_wpm":"300","zoom_button_out_step":"2","zoom_button_in_step":"3","show_post_tag":"1","show_prev_next_post":"1","show_popup_post":"1","number_popup_post":"1"}],"image_override":[{"single_post_thumbnail_size":"crop-500","single_post_gallery_size":"crop-500"}],"trending_post_position":"meta","trending_post_label":"Trending","sponsored_post_label":"Sponsored by","sponsored_post_name":"","sponsored_post_url":"","sponsored_post_logo":"","sponsored_post_desc":""},"jnews_primary_category":{"id":""},"jnews_social_meta":[],"jnews_review":[],"enable_review":"","type":"","name":"","summary":"","brand":"","sku":"","good":[],"bad":[],"score_override":"","override_value":"","rating":[],"price":[],"jnews_override_counter":[],"jnews_post_split":[],"footnotes":""},"categories":[325],"tags":[778],"class_list":["post-30526","post","type-post","status-publish","format-standard","has-post-thumbnail","hentry","category-generos-y-diversidades","tag-8m"],"jetpack_featured_media_url":"https:\/\/atecordoba.org\/wp-content\/uploads\/2022\/03\/IMG-20220308-WA0272-e1646832823990.jpg","_links":{"self":[{"href":"https:\/\/atecordoba.org\/index.php?rest_route=\/wp\/v2\/posts\/30526","targetHints":{"allow":["GET"]}}],"collection":[{"href":"https:\/\/atecordoba.org\/index.php?rest_route=\/wp\/v2\/posts"}],"about":[{"href":"https:\/\/atecordoba.org\/index.php?rest_route=\/wp\/v2\/types\/post"}],"author":[{"embeddable":true,"href":"https:\/\/atecordoba.org\/index.php?rest_route=\/wp\/v2\/users\/7"}],"replies":[{"embeddable":true,"href":"https:\/\/atecordoba.org\/index.php?rest_route=%2Fwp%2Fv2%2Fcomments&post=30526"}],"version-history":[{"count":3,"href":"https:\/\/atecordoba.org\/index.php?rest_route=\/wp\/v2\/posts\/30526\/revisions"}],"predecessor-version":[{"id":30557,"href":"https:\/\/atecordoba.org\/index.php?rest_route=\/wp\/v2\/posts\/30526\/revisions\/30557"}],"wp:featuredmedia":[{"embeddable":true,"href":"https:\/\/atecordoba.org\/index.php?rest_route=\/wp\/v2\/media\/30527"}],"wp:attachment":[{"href":"https:\/\/atecordoba.org\/index.php?rest_route=%2Fwp%2Fv2%2Fmedia&parent=30526"}],"wp:term":[{"taxonomy":"category","embeddable":true,"href":"https:\/\/atecordoba.org\/index.php?rest_route=%2Fwp%2Fv2%2Fcategories&post=30526"},{"taxonomy":"post_tag","embeddable":true,"href":"https:\/\/atecordoba.org\/index.php?rest_route=%2Fwp%2Fv2%2Ftags&post=30526"}],"curies":[{"name":"wp","href":"https:\/\/api.w.org\/{rel}","templated":true}]}}