{"id":3051,"date":"2013-08-12T19:33:03","date_gmt":"2013-08-12T22:33:03","guid":{"rendered":"http:\/\/www.atecordoba.org\/?p=3051"},"modified":"2013-08-12T19:33:03","modified_gmt":"2013-08-12T22:33:03","slug":"cacho-mengarelli-la-solidaridad-que-se-lleva-en-la-sangre","status":"publish","type":"post","link":"https:\/\/atecordoba.org\/?p=3051","title":{"rendered":"Cacho Mengarelli: la solidaridad que se lleva en la sangre"},"content":{"rendered":"<p><em>Tras el accidente sufrido en la ruta Rosario-Buenos Aires el pasado 23 de julio por Oscar \u201cCacho\u201d Mengarelli, Secretario Adjunto del Consejo Directivo Provincial de ATE C\u00f3rdoba y Secretario General de la CTA cordobesa, y otros cuatro compa\u00f1eros, los presos pol\u00edticos de Corral de Bustos les enviaron una carta titulada \u201cLa solidaridad que se lleva en la sangre\u201d que alienta la recuperaci\u00f3n del dirigente. El compa\u00f1ero Mengarelli sigue internado en terapia intensiva en Rosario, pero el informe del m\u00e9dico es muy positivo y dice que se recupera progresivamente, mientras que las lesiones de los otros cuatro compa\u00f1eros fueron m\u00e1s leves.<\/em><\/p>\n<div>\n<p style=\"text-align: center;\"><a href=\"http:\/\/www.atecordoba.org\/wp-content\/uploads\/2013\/08\/corral-de-bustos.jpg\"><img loading=\"lazy\" decoding=\"async\" class=\"aligncenter  wp-image-3052\" title=\"corral de bustos\" src=\"http:\/\/www.atecordoba.org\/wp-content\/uploads\/2013\/08\/corral-de-bustos.jpg\" alt=\"\" width=\"540\" height=\"406\" \/><\/a><\/p>\n<p>El pasado 23 de julio, Mengarelli y otros cuatro compa\u00f1eros sufrieron un grave accidente en la ruta Rosario-Buenos Aires, a la altura de la localidad de Arroyo Seco. La comitiva se dirig\u00eda a Capital Federal para participar en una actividad en reclamo de la libertad de los presos pol\u00edticos de Corral de Bustos.<\/p>\n<p>Los seis presos pol\u00edticos de Corral de Bustos enviaron al dirigente una carta muy sentida en la que agradecen el apoyo y el sacrificio.<\/p>\n<p>En el choque, al Secretario General de la CTA cordobesa se le quebraron algunas costillas, y una de ellas le perfor\u00f3 el pulm\u00f3n. Los otros cuatro compa\u00f1eros que viajaban junto a \u00e9l eran Jes\u00fas Chirino, Le\u00f3n Etchegaray, Derna Montero y Adriana Revol. Todos ellos sufrieron distintas contusiones que obligaron a la atenci\u00f3n m\u00e9dica, pero ninguno tuvo lesiones graves.<\/p>\n<p>El Secretario Adjunto del Consejo Directivo Nacional de ATE, Hugo Godoy, dijo: \u201cLa carta es muy linda, y representa un verdadero homenaje a los compa\u00f1eros que, como Cacho, se est\u00e1n movilizando para denunciar la situaci\u00f3n en Corral de Bustos y, al mismo tiempo, es una buena expresi\u00f3n de aliento para su recuperaci\u00f3n\u201d.<\/p>\n<p>A continuaci\u00f3n la carta:<\/p>\n<p><strong>La solidaridad que se lleva en la sangre<\/strong><\/p>\n<p>La memoria deja huellas que el olvido pretende borrar. Sin embargo el recuerdo mancomunado de un colectivo de amigos y familiares de presos pol\u00edticos dio lugar para que el camino entre el pasado y el futuro se haga presente en cada caso.<\/p>\n<p>Los compa\u00f1eros Oscar \u201cCacho\u201d Mengarelli, Jes\u00fas Chirino, Derna Montero, Adriana Revol y Fabi\u00e1n Etchegaray, se propusieron sacar a luz la injusticia del terrorismo judicial del que somos v\u00edctimas los vecinos de Corral de Bustos por parte de la corporaci\u00f3n judicial y como dijo Vicente Zito Lema, en su reciente visita a Villa Mar\u00eda el 25 de junio de 2013: \u201cLos presos pol\u00edticos de Corral de Bustos son presos simb\u00f3licos que se constituyen a partir de circunstancias hist\u00f3ricas, como los fueron y son los presos de Trelew\u2026 y a pesar de que haya gente a la que no le guste\u2026. son presos de todos\u2026\u201d.<\/p>\n<p>Los sindicalistas accidentados est\u00e1n llevando adelante un proceso de construcci\u00f3n desde lo simb\u00f3lico hasta lo real y concreto: lograr que se declare la nulidad del juicio que fue un mamarracho con la sola finalidad de encarcelar a los vecinos inocentes. Los compa\u00f1eros sindicalistas viajaban a la Ciudad Aut\u00f3noma de Buenos Aires para participar en la proyecci\u00f3n y debate de la pel\u00edcula del cineasta local Sergio Stocchero \u201cSe me ha perdido una ni\u00f1a\u201d, que se llev\u00f3 a cabo en la Legislatura porte\u00f1a, a pesar del doloroso accidente. Esta mesa-debate se realiz\u00f3 por la libertad de los presos pol\u00edticos de Corral de Bustos porque en la pel\u00edcula est\u00e1 la prueba que ninguno de los seis presos instig\u00f3 ni prendi\u00f3 fuego, neg\u00e1ndose el Poder Judicial a investigar a quienes estaban dentro del edificio herm\u00e9ticamente cerrado en vez de encarcelar a quienes estaban afuera del edificio y alguno a m\u00e1s de 200 km del lugar del hecho tambi\u00e9n fue encarcelado.<\/p>\n<p>Los sindicalistas llevaban una reivindicaci\u00f3n social, porque antes sufrimos el silencio, pero en la actualidad los porte\u00f1os nos dan un lugar de encuentro a los provincianos, y no es poco, la Legislatura de su ciudad es espacio para un trabajo de m\u00faltiples efectos, porque no es s\u00f3lo la memoria del pasado, es para el presente y el futuro, para el nunca m\u00e1s, que el pueblo inocente no sea encarcelado por ejercer su leg\u00edtimo derecho de expresi\u00f3n y hacer ver que quien es aplazado en su examen ante el Consejo de la Magistratura no cumple con el requisito constitucional para ser designado juez de la provincia y que quien padece una discapacidad psiqui\u00e1trica, permanente y progresiva del 72% no debe ser designado fiscal. Al pueblo hay que escucharlo, la solidaridad de los compa\u00f1eros accidentados es altamente significativa para quienes estamos tras los muros y las rejas por el s\u00f3lo hecho de pensar distinto, siendo para los poderosos los chivos expiatorios y as\u00ed ellos pueden expresar que se hizo justicia y adem\u00e1s para que el pueblo lea: \u201cCon nosotros no se metan\u201d, sabiendo fehacientemente que somos inocentes.<\/p>\n<p>La solidaridad de nuestros compa\u00f1eros Cacho Mengarelli, Jes\u00fas Chirino, Derna Montero, Adriana Revol y Fabi\u00e1n Etchegaray, la llevan en la sangre y hace del 31 de diciembre de 2006 que est\u00e1n a nuestro lado, cuando nos visitaron en la c\u00e1rcel por primera vez en esta injusta e ilegal privaci\u00f3n de la libertad. Sirva esta humilde nota como un profundo acto de homenaje y agradecimiento para quienes llevan la solidaridad en la sangre, que hasta ponen en riesgo su vida por sus semejantes\u2026 Ellos son los que dejan la huella en su paso por la vida y no como aquellos que recibiendo \u00f3rdenes y sin dignidad act\u00faan en contra de la ley olvid\u00e1ndose del otro, que ni siquiera pueden mirar a los ojos a su propia familia.<\/p>\n<p>\u00a1Muchas gracias! Oscar \u201cCacho\u201d Mengarelli, Jes\u00fas Chirino, Derna Montero, Adriana Revol y Fabi\u00e1n Etchegaray por ser la voz de los sin voces, por combatir la persecuci\u00f3n, por acompa\u00f1arnos en el dolor oscuro de la opresi\u00f3n de los poderosos y por mantener encendido el tiempo de la lucha.<\/p>\n<p>\u00a1Eternamente agradecidos y fuerza en la recuperaci\u00f3n!<\/p>\n<p>Presos pol\u00edticos de Corral de Bustos:<\/p>\n<p><em>Astudillo, Rub\u00e9n Omar<\/em><\/p>\n<p><em>Barbero, V\u00edctor Luis<\/em><\/p>\n<p><em>Far\u00edas, Juan Marcelo<\/em><\/p>\n<p><em>Guayanes, Horacio<\/em><\/p>\n<p><em>Guayanes, Juan Jos\u00e9<\/em><\/p>\n<p><em>Pasquini, N\u00e9stor Omar<\/em><\/p>\n<\/div>\n","protected":false},"excerpt":{"rendered":"<p>Tras el accidente sufrido en la ruta Rosario-Buenos Aires el pasado 23 de julio por Oscar \u201cCacho\u201d Mengarelli, Secretario Adjunto del Consejo Directivo Provincial de ATE C\u00f3rdoba y Secretario General de la CTA cordobesa, y otros cuatro compa\u00f1eros, los presos pol\u00edticos de Corral de Bustos les enviaron una carta titulada \u201cLa solidaridad que se lleva [&hellip;]<\/p>\n","protected":false},"author":1,"featured_media":19220,"comment_status":"open","ping_status":"open","sticky":false,"template":"","format":"standard","meta":{"_exactmetrics_skip_tracking":false,"_exactmetrics_sitenote_active":false,"_exactmetrics_sitenote_note":"","_exactmetrics_sitenote_category":0,"jnews-multi-image_gallery":[],"jnews_single_post":[],"jnews_primary_category":[],"jnews_social_meta":[],"jnews_review":[],"enable_review":"","type":"","name":"","summary":"","brand":"","sku":"","good":[],"bad":[],"score_override":"","override_value":"","rating":[],"price":[],"jnews_override_counter":[],"jnews_post_split":[],"footnotes":""},"categories":[1],"tags":[],"class_list":["post-3051","post","type-post","status-publish","format-standard","has-post-thumbnail","hentry","category-sin-categoria"],"jetpack_featured_media_url":"https:\/\/atecordoba.org\/wp-content\/uploads\/2020\/05\/logo-nuevochico-e1561581322808.png","_links":{"self":[{"href":"https:\/\/atecordoba.org\/index.php?rest_route=\/wp\/v2\/posts\/3051","targetHints":{"allow":["GET"]}}],"collection":[{"href":"https:\/\/atecordoba.org\/index.php?rest_route=\/wp\/v2\/posts"}],"about":[{"href":"https:\/\/atecordoba.org\/index.php?rest_route=\/wp\/v2\/types\/post"}],"author":[{"embeddable":true,"href":"https:\/\/atecordoba.org\/index.php?rest_route=\/wp\/v2\/users\/1"}],"replies":[{"embeddable":true,"href":"https:\/\/atecordoba.org\/index.php?rest_route=%2Fwp%2Fv2%2Fcomments&post=3051"}],"version-history":[{"count":0,"href":"https:\/\/atecordoba.org\/index.php?rest_route=\/wp\/v2\/posts\/3051\/revisions"}],"wp:featuredmedia":[{"embeddable":true,"href":"https:\/\/atecordoba.org\/index.php?rest_route=\/wp\/v2\/media\/19220"}],"wp:attachment":[{"href":"https:\/\/atecordoba.org\/index.php?rest_route=%2Fwp%2Fv2%2Fmedia&parent=3051"}],"wp:term":[{"taxonomy":"category","embeddable":true,"href":"https:\/\/atecordoba.org\/index.php?rest_route=%2Fwp%2Fv2%2Fcategories&post=3051"},{"taxonomy":"post_tag","embeddable":true,"href":"https:\/\/atecordoba.org\/index.php?rest_route=%2Fwp%2Fv2%2Ftags&post=3051"}],"curies":[{"name":"wp","href":"https:\/\/api.w.org\/{rel}","templated":true}]}}