{"id":30493,"date":"2022-03-08T13:21:37","date_gmt":"2022-03-08T16:21:37","guid":{"rendered":"https:\/\/atecordoba.org\/?p=30493"},"modified":"2022-03-08T14:12:06","modified_gmt":"2022-03-08T17:12:06","slug":"giuliani-encabezo-un-emotivo-homenaje-a-sonia-torres-y-a-abuelas-de-plaza-de-mayo-en-el-dia-de-la-mujer-trabajadora","status":"publish","type":"post","link":"https:\/\/atecordoba.org\/?p=30493","title":{"rendered":"Giuliani encabez\u00f3 un emotivo homenaje a Sonia Torres y a Abuelas de Plaza de Mayo en el D\u00eda de la Mujer Trabajadora"},"content":{"rendered":"\n<div class=\"wp-block-image\"><figure class=\"aligncenter size-large is-resized\"><img loading=\"lazy\" decoding=\"async\" src=\"https:\/\/atecordoba.org\/wp-content\/uploads\/2022\/03\/WhatsApp-Image-2022-03-08-at-11.24.23-AM-1024x768.jpeg\" alt=\"\" class=\"wp-image-30494\" width=\"768\" height=\"576\" \/><\/figure><\/div>\n\n\n\n<p>En un clima de mucha emoci\u00f3n y cari\u00f1o, la referente principal de Abuelas de Plaza de Mayo-C\u00f3rdoba, recibi\u00f3 esta ma\u00f1ana un sentido homenaje donde se realiz\u00f3  un reconocimiento a su lucha y su trayectoria como figura indiscutible de los DDHH en la provincia. El secretario General de ATE C\u00f3rdoba, Federico Giuliani, encabez\u00f3 el acto que cont\u00f3 con la presencia de dirigentes y activistas de nuestro gremio, as\u00ed como de la CTA Aut\u00f3noma. <\/p>\n\n\n\n<p>Sonia, de 92 a\u00f1os y admirable estado de \u00e1nimo, agradeci\u00f3 el reconocimiento y sonri\u00f3 bajo el barbijo cuando recibi\u00f3, entre varios presentes, una remera estampada donde confluyen las im\u00e1genes de ATE y de Abuelas de Plaza de Mayo. &#8220;Hoy me la pongo en la marcha&#8221;, dijo y despert\u00f3 el aplauso general. <\/p>\n\n\n\n<div class=\"wp-block-image\"><figure class=\"alignright size-large is-resized\"><img loading=\"lazy\" decoding=\"async\" src=\"https:\/\/atecordoba.org\/wp-content\/uploads\/2022\/03\/20220308_103527-1024x577.jpg\" alt=\"\" class=\"wp-image-30495\" width=\"768\" height=\"433\" srcset=\"https:\/\/atecordoba.org\/wp-content\/uploads\/2022\/03\/20220308_103527-1024x577.jpg 1024w, https:\/\/atecordoba.org\/wp-content\/uploads\/2022\/03\/20220308_103527-300x169.jpg 300w, https:\/\/atecordoba.org\/wp-content\/uploads\/2022\/03\/20220308_103527-768x433.jpg 768w, https:\/\/atecordoba.org\/wp-content\/uploads\/2022\/03\/20220308_103527-1536x866.jpg 1536w, https:\/\/atecordoba.org\/wp-content\/uploads\/2022\/03\/20220308_103527-2048x1155.jpg 2048w, https:\/\/atecordoba.org\/wp-content\/uploads\/2022\/03\/20220308_103527-750x423.jpg 750w, https:\/\/atecordoba.org\/wp-content\/uploads\/2022\/03\/20220308_103527-1140x643.jpg 1140w\" sizes=\"auto, (max-width: 768px) 100vw, 768px\" \/><\/figure><\/div>\n\n\n\n<p>Junto a Giuliani y Sonia, en la mesa que presidi\u00f3 el acto en el Sal\u00f3n H\u00e9ctor &#8216;la perra&#8217; Castro, de la sede del Consejo Directivo Provincial (CDP), estuvieron la secretaria de Prensa Julia Giuliani, la directora del Departamento de G\u00e9neros y Diversidades, Gabriela Alcoba, y la abogada de Abuelas, Patricia Chalub, hermano Jorge Chalub, que integra el equipo de la Secretar\u00eda de DDHH del CDP y fue uno de los motores del homenaje. <\/p>\n\n\n\n<p>En la presentaci\u00f3n de la acto, Julia Giuliani, explic\u00f3 que &#8220;en el D\u00eda de la Mujer Trabajadora,  y en el marco del 8M y del mes de la memoria, tenemos la satisfacci\u00f3n de homenajear a Sonia Torres y en su figura a nuestras abuelas de Plaza de Mayo, faro y gu\u00eda para allanarnos el camino a quienes transitamos este andar de la militancia en la b\u00fasqueda de la unidad y de construir un pa\u00eds m\u00e1s justo&#8221;.<\/p>\n\n\n\n<p>La secretaria de Prensa del CDP dijo tambi\u00e9n que &#8220;hay un paralelismo entre las abuelas y el movimiento feminista en el sindicalismo. Hicimos nuestra la consigna \u2018agradezcan que pedimos justicia y no venganza\u2019 que nos ense\u00f1aron las Madres y las Abuelas y que se\u00f1alan constantemente, para construir desde el amor y no desde el odio, para bregar por Memoria, Verdad y Justicia&#8221;.<\/p>\n\n\n\n<div class=\"wp-block-image\"><figure class=\"alignleft size-large is-resized\"><img loading=\"lazy\" decoding=\"async\" src=\"https:\/\/atecordoba.org\/wp-content\/uploads\/2022\/03\/20220308_104308-1024x577.jpg\" alt=\"\" class=\"wp-image-30496\" width=\"768\" height=\"433\" \/><\/figure><\/div>\n\n\n\n<p>Posteriormente, Federico Giuliani dio la bienvenida &#8220;a Sonia a nuestra casa. Tenemos el orgullo que est\u00e9s ac\u00e1 porque creemos que un sindicato debe desplegar una pol\u00edtica integral, que no se limite al convenio colectivo y el reclamo salarial, sino que difunda la pol\u00edtica de DDHH en nuestro \u00e1mbito de actuaci\u00f3n territorial. En ese sentido, creamos el Departamento de DDHH apenas asumimos, a cargo de C\u00e9sar Theaux, porque de esa manera pasamos de las actividades reivindicativas para tener pol\u00edticas concretas desde el sindicato&#8221;.<\/p>\n\n\n\n<p>El dirigente record\u00f3 que &#8220;hay m\u00e1s de 100 trabajadores y trabajadoras estatales de la provincia de C\u00f3rdoba \u2013nacionales, provinciales y municipales- que fueron detenidos desaparecidos durante la \u00faltima dictadura genocida militar. Por eso, en este d\u00eda tan importante que determina el rol de la mujer trabajadora y la mujer luchadora, Sonia Torres sintetiza hoy en su figura estos roles que queremos destacar&#8221;.<\/p>\n\n\n\n<p>Tambi\u00e9n afirm\u00f3 en otro tramo que &#8220;Sonia nos ense\u00f1a que la \u00fanica pelea que se pierde es la que se abandona. Como hijo de un preso pol\u00edtico quiero transmitir el orgullo que nos genera en el sindicato poder hacer este reconocimiento y destacar la valent\u00eda de las madres en plena dictadura de haber denunciado lo que suced\u00eda&#8221;.<\/p>\n\n\n\n<p>Luego, Giuliani apunt\u00f3 que &#8220;esto es importante articularlo con la pelea del movimiento obrero en aquellos a\u00f1os. Recordemos los paros y movilizaciones por \u2018Paz, pan y trabajo\u2019 y que generaron puntos de inflexi\u00f3n en un momento, junto con los organismos de DDHH, que junto a Malvinas, fueron hechos fundamentales para que la dictadura no siguiera m\u00e1s tiempo, como sucedi\u00f3 en pa\u00edses hermanos como Chile, Paraguay, Brasil o Uruguay&#8221;.<\/p>\n\n\n\n<p>Por \u00faltimo, en otro p\u00e1rrafo, destac\u00f3 &#8220;la recuperaci\u00f3n de La perla para transformarlo en un sitio de memoria, al igual que sucedi\u00f3 con el Campo de la Ribera, o haber juzgado a un asesino cobarde como Luciano Benjam\u00edn Men\u00e9ndez, con Sonia como s\u00edntesis de muchos compa\u00f1eros y compa\u00f1eras que dejaron su vida para que hoy podamos hablar de justicia&#8221;. Y adelant\u00f3 que el 17 de este mes la comisi\u00f3n directiva de ATE C\u00f3rdoba har\u00e1 una visita guiada a La Perla como forma de capacitar a las y los compa\u00f1eros que aun no conocen en profundidad qu\u00e9 sucedi\u00f3 durante el genocidio de la dictadura c\u00edvico-militar a escasos kil\u00f3metros de la ciudad de C\u00f3rdoba. &#8220;El dirigente gremial tiene que saber organizar una asamblea, tiene que saber transmitir lo que pasa en una nota de prensa pero tambi\u00e9n debe for4marse en historia para tener una mirada integral. Esta visita al ex campo clandestino tiene por objetivo esa formaci\u00f3n&#8221;, concluy\u00f3.<\/p>\n\n\n\n<div class=\"wp-block-image\"><figure class=\"alignright size-large is-resized\"><img loading=\"lazy\" decoding=\"async\" src=\"https:\/\/atecordoba.org\/wp-content\/uploads\/2022\/03\/20220308_110006-1024x577.jpg\" alt=\"\" class=\"wp-image-30498\" width=\"768\" height=\"433\" srcset=\"https:\/\/atecordoba.org\/wp-content\/uploads\/2022\/03\/20220308_110006-1024x577.jpg 1024w, https:\/\/atecordoba.org\/wp-content\/uploads\/2022\/03\/20220308_110006-300x169.jpg 300w, https:\/\/atecordoba.org\/wp-content\/uploads\/2022\/03\/20220308_110006-768x433.jpg 768w, https:\/\/atecordoba.org\/wp-content\/uploads\/2022\/03\/20220308_110006-1536x866.jpg 1536w, https:\/\/atecordoba.org\/wp-content\/uploads\/2022\/03\/20220308_110006-2048x1155.jpg 2048w, https:\/\/atecordoba.org\/wp-content\/uploads\/2022\/03\/20220308_110006-750x423.jpg 750w, https:\/\/atecordoba.org\/wp-content\/uploads\/2022\/03\/20220308_110006-1140x643.jpg 1140w\" sizes=\"auto, (max-width: 768px) 100vw, 768px\" \/><\/figure><\/div>\n\n\n\n<p><strong>No hay odio<\/strong><\/p>\n\n\n\n<p>Seguidamente, tom\u00f3 la palabra la homenajeada para recordar que ATE la recibi\u00f3 cuando, junto a otras madres, buscaba apoyo para encontrar a su hija Silvina, secuestrada junto a su compa\u00f1ero cuando estaba embarazada y fusilada en La Perla, no sin antes parir a su hijo en la Maternidad Provincial, ni\u00f1o que hoy es un adulto que sufre el robo de su identidad. <\/p>\n\n\n\n<p>&#8220;Supe del ni\u00f1o por una presa com\u00fan que estaba all\u00ed en el hospital durante el parto. Despu\u00e9s de parir Silvina fue devuelta a La Perla donde la fusilaron. Al ni\u00f1o lo llevaron a la Casa Cuna y no sabemos que m\u00e1s pas\u00f3. Hace m\u00e1s de 40 a\u00f1os que lo buscamos&#8221;, rememor\u00f3 Sonia Torres, ante la atenci\u00f3n general.<\/p>\n\n\n\n<p>La referente de DDHH valor\u00f3 el trabajo realizado por Abuelas de Plaza de Mayo para que 130 hijas e hijos de desaparecidos robados recuperen su identidad, pero record\u00f3 que fueron 500 los y las ni\u00f1as robados por lo que falta ubicar e identificar a cientos aun, entre tantos a su propio nieto. Por eso, repiti\u00f3 el pedido hist\u00f3rico que hace en cada acto p\u00fablico: &#8220;si saben de alguien que dude de su identidad m\u00e1ndenlo a Abuelas que lo vamos a recibir con mucho amor y lo vamos a contener para ayudar a saber qui\u00e9n es realmente&#8221;.<\/p>\n\n\n\n<p>Sonia cont\u00f3 como fueron los primeros pasos del organismos de DDHH durante la dictadura, sus viajes al exterior para pedir solidaridad y c\u00f3mo se actuaba &#8220;en una \u00e9poca donde no exist\u00eda la lectura del ADN humano y era m\u00e1s dif\u00edcil determinar la identidad de una persona&#8221;. <\/p>\n\n\n\n<p>En el recorrido por su trayectoria personal y de Abuelas en la b\u00fasqueda de las y los hijos robados, al tiempo que exig\u00edan memoria, verdad y justicia, relat\u00f3 que &#8220;la principio la gente no nos quer\u00eda pero con el tiempo aprendieron que nos moviliza el amor y no el odio, Yo tengo amor. Cuando veo lo que hemos vivido todos estos a\u00f1os s\u00e9 que solo hice lo que ten\u00eda que hacer&#8221;. Para luego recibir los regalos y agradecer el cari\u00f1o de todos los presentes. La foto final sell\u00f3 el acto que quedar\u00e1 en la memoria de todos en ATE C\u00f3rdoba. <\/p>\n\n\n\n<p><\/p>\n\n\n\n<figure class=\"wp-block-gallery columns-3 is-cropped wp-block-gallery-1 is-layout-flex wp-block-gallery-is-layout-flex\"><ul class=\"blocks-gallery-grid\"><li class=\"blocks-gallery-item\"><figure><a href=\"https:\/\/atecordoba.org\/wp-content\/uploads\/2022\/03\/20220308_103550-1024x577.jpg\"><img loading=\"lazy\" decoding=\"async\" width=\"1024\" height=\"577\" src=\"https:\/\/atecordoba.org\/wp-content\/uploads\/2022\/03\/20220308_103550-1024x577.jpg\" alt=\"\" data-id=\"30499\" data-link=\"https:\/\/atecordoba.org\/?attachment_id=30499\" class=\"wp-image-30499\" srcset=\"https:\/\/atecordoba.org\/wp-content\/uploads\/2022\/03\/20220308_103550-1024x577.jpg 1024w, https:\/\/atecordoba.org\/wp-content\/uploads\/2022\/03\/20220308_103550-300x169.jpg 300w, https:\/\/atecordoba.org\/wp-content\/uploads\/2022\/03\/20220308_103550-768x433.jpg 768w, https:\/\/atecordoba.org\/wp-content\/uploads\/2022\/03\/20220308_103550-1536x866.jpg 1536w, https:\/\/atecordoba.org\/wp-content\/uploads\/2022\/03\/20220308_103550-2048x1155.jpg 2048w, https:\/\/atecordoba.org\/wp-content\/uploads\/2022\/03\/20220308_103550-750x423.jpg 750w, https:\/\/atecordoba.org\/wp-content\/uploads\/2022\/03\/20220308_103550-1140x643.jpg 1140w\" sizes=\"auto, (max-width: 1024px) 100vw, 1024px\" \/><\/a><\/figure><\/li><li class=\"blocks-gallery-item\"><figure><a href=\"https:\/\/atecordoba.org\/wp-content\/uploads\/2022\/03\/20220308_103613-1024x577.jpg\"><img loading=\"lazy\" decoding=\"async\" width=\"1024\" height=\"577\" src=\"https:\/\/atecordoba.org\/wp-content\/uploads\/2022\/03\/20220308_103613-1024x577.jpg\" alt=\"\" data-id=\"30500\" data-link=\"https:\/\/atecordoba.org\/?attachment_id=30500\" class=\"wp-image-30500\" srcset=\"https:\/\/atecordoba.org\/wp-content\/uploads\/2022\/03\/20220308_103613-1024x577.jpg 1024w, https:\/\/atecordoba.org\/wp-content\/uploads\/2022\/03\/20220308_103613-300x169.jpg 300w, https:\/\/atecordoba.org\/wp-content\/uploads\/2022\/03\/20220308_103613-768x433.jpg 768w, https:\/\/atecordoba.org\/wp-content\/uploads\/2022\/03\/20220308_103613-1536x866.jpg 1536w, https:\/\/atecordoba.org\/wp-content\/uploads\/2022\/03\/20220308_103613-2048x1155.jpg 2048w, https:\/\/atecordoba.org\/wp-content\/uploads\/2022\/03\/20220308_103613-750x423.jpg 750w, https:\/\/atecordoba.org\/wp-content\/uploads\/2022\/03\/20220308_103613-1140x643.jpg 1140w\" sizes=\"auto, (max-width: 1024px) 100vw, 1024px\" \/><\/a><\/figure><\/li><li class=\"blocks-gallery-item\"><figure><a href=\"https:\/\/atecordoba.org\/wp-content\/uploads\/2022\/03\/20220308_103714-1024x577.jpg\"><img loading=\"lazy\" decoding=\"async\" width=\"1024\" height=\"577\" src=\"https:\/\/atecordoba.org\/wp-content\/uploads\/2022\/03\/20220308_103714-1024x577.jpg\" alt=\"\" data-id=\"30501\" data-link=\"https:\/\/atecordoba.org\/?attachment_id=30501\" class=\"wp-image-30501\" srcset=\"https:\/\/atecordoba.org\/wp-content\/uploads\/2022\/03\/20220308_103714-1024x577.jpg 1024w, https:\/\/atecordoba.org\/wp-content\/uploads\/2022\/03\/20220308_103714-300x169.jpg 300w, https:\/\/atecordoba.org\/wp-content\/uploads\/2022\/03\/20220308_103714-768x433.jpg 768w, https:\/\/atecordoba.org\/wp-content\/uploads\/2022\/03\/20220308_103714-1536x866.jpg 1536w, https:\/\/atecordoba.org\/wp-content\/uploads\/2022\/03\/20220308_103714-2048x1155.jpg 2048w, https:\/\/atecordoba.org\/wp-content\/uploads\/2022\/03\/20220308_103714-750x423.jpg 750w, https:\/\/atecordoba.org\/wp-content\/uploads\/2022\/03\/20220308_103714-1140x643.jpg 1140w\" sizes=\"auto, (max-width: 1024px) 100vw, 1024px\" \/><\/a><\/figure><\/li><li class=\"blocks-gallery-item\"><figure><a href=\"https:\/\/atecordoba.org\/wp-content\/uploads\/2022\/03\/20220308_1058541-1024x577.jpg\"><img loading=\"lazy\" decoding=\"async\" width=\"1024\" height=\"577\" src=\"https:\/\/atecordoba.org\/wp-content\/uploads\/2022\/03\/20220308_1058541-1024x577.jpg\" alt=\"\" data-id=\"30502\" data-link=\"https:\/\/atecordoba.org\/?attachment_id=30502\" class=\"wp-image-30502\" srcset=\"https:\/\/atecordoba.org\/wp-content\/uploads\/2022\/03\/20220308_1058541-1024x577.jpg 1024w, https:\/\/atecordoba.org\/wp-content\/uploads\/2022\/03\/20220308_1058541-300x169.jpg 300w, https:\/\/atecordoba.org\/wp-content\/uploads\/2022\/03\/20220308_1058541-768x433.jpg 768w, https:\/\/atecordoba.org\/wp-content\/uploads\/2022\/03\/20220308_1058541-1536x866.jpg 1536w, https:\/\/atecordoba.org\/wp-content\/uploads\/2022\/03\/20220308_1058541-2048x1155.jpg 2048w, https:\/\/atecordoba.org\/wp-content\/uploads\/2022\/03\/20220308_1058541-750x423.jpg 750w, https:\/\/atecordoba.org\/wp-content\/uploads\/2022\/03\/20220308_1058541-1140x643.jpg 1140w\" sizes=\"auto, (max-width: 1024px) 100vw, 1024px\" \/><\/a><\/figure><\/li><li class=\"blocks-gallery-item\"><figure><a href=\"https:\/\/atecordoba.org\/wp-content\/uploads\/2022\/03\/20220308_110006-1-1024x577.jpg\"><img loading=\"lazy\" decoding=\"async\" width=\"1024\" height=\"577\" src=\"https:\/\/atecordoba.org\/wp-content\/uploads\/2022\/03\/20220308_110006-1-1024x577.jpg\" alt=\"\" data-id=\"30503\" data-link=\"https:\/\/atecordoba.org\/?attachment_id=30503\" class=\"wp-image-30503\" srcset=\"https:\/\/atecordoba.org\/wp-content\/uploads\/2022\/03\/20220308_110006-1-1024x577.jpg 1024w, https:\/\/atecordoba.org\/wp-content\/uploads\/2022\/03\/20220308_110006-1-300x169.jpg 300w, https:\/\/atecordoba.org\/wp-content\/uploads\/2022\/03\/20220308_110006-1-768x433.jpg 768w, https:\/\/atecordoba.org\/wp-content\/uploads\/2022\/03\/20220308_110006-1-1536x866.jpg 1536w, https:\/\/atecordoba.org\/wp-content\/uploads\/2022\/03\/20220308_110006-1-2048x1155.jpg 2048w, https:\/\/atecordoba.org\/wp-content\/uploads\/2022\/03\/20220308_110006-1-750x423.jpg 750w, https:\/\/atecordoba.org\/wp-content\/uploads\/2022\/03\/20220308_110006-1-1140x643.jpg 1140w\" sizes=\"auto, (max-width: 1024px) 100vw, 1024px\" \/><\/a><\/figure><\/li><li class=\"blocks-gallery-item\"><figure><a href=\"https:\/\/atecordoba.org\/wp-content\/uploads\/2022\/03\/20220308_110022-1024x577.jpg\"><img loading=\"lazy\" decoding=\"async\" width=\"1024\" height=\"577\" src=\"https:\/\/atecordoba.org\/wp-content\/uploads\/2022\/03\/20220308_110022-1024x577.jpg\" alt=\"\" data-id=\"30504\" data-link=\"https:\/\/atecordoba.org\/?attachment_id=30504\" class=\"wp-image-30504\" srcset=\"https:\/\/atecordoba.org\/wp-content\/uploads\/2022\/03\/20220308_110022-1024x577.jpg 1024w, https:\/\/atecordoba.org\/wp-content\/uploads\/2022\/03\/20220308_110022-300x169.jpg 300w, https:\/\/atecordoba.org\/wp-content\/uploads\/2022\/03\/20220308_110022-768x433.jpg 768w, https:\/\/atecordoba.org\/wp-content\/uploads\/2022\/03\/20220308_110022-1536x866.jpg 1536w, https:\/\/atecordoba.org\/wp-content\/uploads\/2022\/03\/20220308_110022-2048x1155.jpg 2048w, https:\/\/atecordoba.org\/wp-content\/uploads\/2022\/03\/20220308_110022-750x423.jpg 750w, https:\/\/atecordoba.org\/wp-content\/uploads\/2022\/03\/20220308_110022-1140x643.jpg 1140w\" sizes=\"auto, (max-width: 1024px) 100vw, 1024px\" \/><\/a><\/figure><\/li><li class=\"blocks-gallery-item\"><figure><a href=\"https:\/\/atecordoba.org\/wp-content\/uploads\/2022\/03\/20220308_110157-scaled.jpg\"><img loading=\"lazy\" decoding=\"async\" width=\"1024\" height=\"577\" src=\"https:\/\/atecordoba.org\/wp-content\/uploads\/2022\/03\/20220308_110157-1024x577.jpg\" alt=\"\" data-id=\"30506\" data-full-url=\"https:\/\/atecordoba.org\/wp-content\/uploads\/2022\/03\/20220308_110157-scaled.jpg\" data-link=\"https:\/\/atecordoba.org\/?attachment_id=30506\" class=\"wp-image-30506\" srcset=\"https:\/\/atecordoba.org\/wp-content\/uploads\/2022\/03\/20220308_110157-1024x577.jpg 1024w, https:\/\/atecordoba.org\/wp-content\/uploads\/2022\/03\/20220308_110157-300x169.jpg 300w, https:\/\/atecordoba.org\/wp-content\/uploads\/2022\/03\/20220308_110157-768x433.jpg 768w, https:\/\/atecordoba.org\/wp-content\/uploads\/2022\/03\/20220308_110157-1536x866.jpg 1536w, https:\/\/atecordoba.org\/wp-content\/uploads\/2022\/03\/20220308_110157-2048x1155.jpg 2048w, https:\/\/atecordoba.org\/wp-content\/uploads\/2022\/03\/20220308_110157-750x423.jpg 750w, https:\/\/atecordoba.org\/wp-content\/uploads\/2022\/03\/20220308_110157-1140x643.jpg 1140w\" sizes=\"auto, (max-width: 1024px) 100vw, 1024px\" \/><\/a><\/figure><\/li><\/ul><\/figure>\n\n\n\n<p><\/p>\n","protected":false},"excerpt":{"rendered":"<p>En un clima de mucha emoci\u00f3n y cari\u00f1o, la referente principal de Abuelas de Plaza de Mayo-C\u00f3rdoba, recibi\u00f3 esta ma\u00f1ana un sentido homenaje donde se realiz\u00f3 un reconocimiento a su lucha y su trayectoria como figura indiscutible de los DDHH en la provincia. El secretario General de ATE C\u00f3rdoba, Federico Giuliani, encabez\u00f3 el acto que [&hellip;]<\/p>\n","protected":false},"author":7,"featured_media":30496,"comment_status":"open","ping_status":"open","sticky":false,"template":"","format":"standard","meta":{"_exactmetrics_skip_tracking":false,"_exactmetrics_sitenote_active":false,"_exactmetrics_sitenote_note":"","_exactmetrics_sitenote_category":0,"jnews-multi-image_gallery":[],"jnews_single_post":{"subtitle":"La referente recibi\u00f3 el cari\u00f1o de ATE, record\u00f3 la historia de su hija fusilada en La Perla y de su nieto robado en la ex Casa Cuna y agradeci\u00f3 el reconocimiento de las y los estatales de C\u00f3rdoba. En tanto, Giuliani record\u00f3 que \u201chay m\u00e1s de 100 trabajadores y trabajadoras estatales de la provincia de C\u00f3rdoba \u2013nacionales, provinciales y municipales- que fueron detenidos desaparecidos durante la \u00faltima dictadura genocida militar. Por eso, en este d\u00eda tan importante que determina el rol de la mujer trabajadora y la mujer luchadora, Sonia Torres sintetiza hoy en su figura estos roles que queremos destacar\u201d.","format":"standard","video":"","gallery":"","source_name":"","source_url":"","via_name":"","via_url":"","override":[{"template":"1","single_blog_custom":"","parallax":"1","fullscreen":"1","layout":"right-sidebar","sidebar":"default-sidebar","second_sidebar":"default-sidebar","sticky_sidebar":"1","share_position":"top","share_float_style":"share-monocrhome","show_share_counter":"1","show_view_counter":"1","show_featured":"1","show_post_meta":"1","show_post_author":"1","show_post_author_image":"1","show_post_date":"1","post_date_format":"default","post_date_format_custom":"Y\/m\/d","show_post_category":"1","post_reading_time_wpm":"300","zoom_button_out_step":"2","zoom_button_in_step":"3","show_post_tag":"1","show_prev_next_post":"1","show_popup_post":"1","number_popup_post":"1"}],"image_override":[{"single_post_thumbnail_size":"crop-500","single_post_gallery_size":"crop-500"}],"trending_post_position":"meta","trending_post_label":"Trending","sponsored_post_label":"Sponsored by","sponsored_post_name":"","sponsored_post_url":"","sponsored_post_logo":"","sponsored_post_desc":""},"jnews_primary_category":{"id":""},"jnews_social_meta":[],"jnews_review":[],"enable_review":"","type":"","name":"","summary":"","brand":"","sku":"","good":[],"bad":[],"score_override":"","override_value":"","rating":[],"price":[],"jnews_override_counter":[],"jnews_post_split":[],"footnotes":""},"categories":[341,122,325],"tags":[1031,1032],"class_list":["post-30493","post","type-post","status-publish","format-standard","has-post-thumbnail","hentry","category-cdp","category-ddhh","category-generos-y-diversidades","tag-abuelas-de-plaza-de-mayo","tag-homenaje-a-sonia-torres"],"jetpack_featured_media_url":"https:\/\/atecordoba.org\/wp-content\/uploads\/2022\/03\/20220308_104308-scaled-e1646756482503.jpg","_links":{"self":[{"href":"https:\/\/atecordoba.org\/index.php?rest_route=\/wp\/v2\/posts\/30493","targetHints":{"allow":["GET"]}}],"collection":[{"href":"https:\/\/atecordoba.org\/index.php?rest_route=\/wp\/v2\/posts"}],"about":[{"href":"https:\/\/atecordoba.org\/index.php?rest_route=\/wp\/v2\/types\/post"}],"author":[{"embeddable":true,"href":"https:\/\/atecordoba.org\/index.php?rest_route=\/wp\/v2\/users\/7"}],"replies":[{"embeddable":true,"href":"https:\/\/atecordoba.org\/index.php?rest_route=%2Fwp%2Fv2%2Fcomments&post=30493"}],"version-history":[{"count":2,"href":"https:\/\/atecordoba.org\/index.php?rest_route=\/wp\/v2\/posts\/30493\/revisions"}],"predecessor-version":[{"id":30508,"href":"https:\/\/atecordoba.org\/index.php?rest_route=\/wp\/v2\/posts\/30493\/revisions\/30508"}],"wp:featuredmedia":[{"embeddable":true,"href":"https:\/\/atecordoba.org\/index.php?rest_route=\/wp\/v2\/media\/30496"}],"wp:attachment":[{"href":"https:\/\/atecordoba.org\/index.php?rest_route=%2Fwp%2Fv2%2Fmedia&parent=30493"}],"wp:term":[{"taxonomy":"category","embeddable":true,"href":"https:\/\/atecordoba.org\/index.php?rest_route=%2Fwp%2Fv2%2Fcategories&post=30493"},{"taxonomy":"post_tag","embeddable":true,"href":"https:\/\/atecordoba.org\/index.php?rest_route=%2Fwp%2Fv2%2Ftags&post=30493"}],"curies":[{"name":"wp","href":"https:\/\/api.w.org\/{rel}","templated":true}]}}