{"id":30483,"date":"2022-03-07T12:37:02","date_gmt":"2022-03-07T15:37:02","guid":{"rendered":"https:\/\/atecordoba.org\/?p=30483"},"modified":"2022-03-07T12:38:26","modified_gmt":"2022-03-07T15:38:26","slug":"30483","status":"publish","type":"post","link":"https:\/\/atecordoba.org\/?p=30483","title":{"rendered":"Homenaje a Abuelas de Plaza de Mayo en ATE C\u00f3rdoba"},"content":{"rendered":"\n<figure class=\"wp-block-gallery aligncenter columns-2 is-cropped wp-block-gallery-1 is-layout-flex wp-block-gallery-is-layout-flex\"><ul class=\"blocks-gallery-grid\"><li class=\"blocks-gallery-item\"><figure><a href=\"https:\/\/atecordoba.org\/wp-content\/uploads\/2022\/03\/IMG-20220303-WA0177-1-908x1024.jpg\"><img loading=\"lazy\" decoding=\"async\" width=\"908\" height=\"1024\" src=\"https:\/\/atecordoba.org\/wp-content\/uploads\/2022\/03\/IMG-20220303-WA0177-1-908x1024.jpg\" alt=\"\" data-id=\"30487\" data-link=\"https:\/\/atecordoba.org\/?attachment_id=30487\" class=\"wp-image-30487\" \/><\/a><\/figure><\/li><li class=\"blocks-gallery-item\"><figure><a href=\"https:\/\/atecordoba.org\/wp-content\/uploads\/2022\/03\/IMG-20220303-WA0178-2.jpg\"><img loading=\"lazy\" decoding=\"async\" width=\"755\" height=\"1024\" src=\"https:\/\/atecordoba.org\/wp-content\/uploads\/2022\/03\/IMG-20220303-WA0178-2-755x1024.jpg\" alt=\"\" data-id=\"30488\" data-full-url=\"https:\/\/atecordoba.org\/wp-content\/uploads\/2022\/03\/IMG-20220303-WA0178-2.jpg\" data-link=\"https:\/\/atecordoba.org\/?attachment_id=30488\" class=\"wp-image-30488\" srcset=\"https:\/\/atecordoba.org\/wp-content\/uploads\/2022\/03\/IMG-20220303-WA0178-2-755x1024.jpg 755w, https:\/\/atecordoba.org\/wp-content\/uploads\/2022\/03\/IMG-20220303-WA0178-2-221x300.jpg 221w, https:\/\/atecordoba.org\/wp-content\/uploads\/2022\/03\/IMG-20220303-WA0178-2-768x1041.jpg 768w, https:\/\/atecordoba.org\/wp-content\/uploads\/2022\/03\/IMG-20220303-WA0178-2-750x1017.jpg 750w, https:\/\/atecordoba.org\/wp-content\/uploads\/2022\/03\/IMG-20220303-WA0178-2.jpg 944w\" sizes=\"auto, (max-width: 755px) 100vw, 755px\" \/><\/a><\/figure><\/li><\/ul><\/figure>\n\n\n\n<p>Ma\u00f1ana a las 10 horas, en sede de ATE C\u00f3rdoba, se realizar\u00e1 una actividad conjunta organizada entre la Secretaria de DDHH y el Departamento de G\u00e9neros y Diversidades del Consejo Directivo Provincial, en el marco del mes por los DDHH y entendiendo que la lucha por los DDHH del siglo XXI est\u00e1 integrada por la Memoria, Verdad y Justicia, junto a los derechos de g\u00e9neros y de las personas con discapacidades.<\/p>\n\n\n\n<p>\u201cQueremos unir lazos entre Abuelas de Plaza de Mayo con las y los trabajadores estatales, tambi\u00e9n diezmados por la \u00faltima dictadura c\u00edvico-militar, haciendo un homenaje y reconociendo la lucha de todos estos a\u00f1os y reafirmando el compromiso para seguir llevando esa antorcha que las Abuelas han llevado con tanta dignidad todos estos a\u00f1os\u201d, explic\u00f3 el secretario de DDHH de ATE C\u00f3rdoba, C\u00e9sar Theaux.<\/p>\n\n\n\n<p>\u201cDesde el primer d\u00eda de su mandato el secretario General de ATE C\u00f3rdoba, Federico Giuliani, le dio a la conducci\u00f3n de nuestro sindicato una mirada especial sobre los DDHH, las diversidades, los g\u00e9neros y las discapacidades\u201d agreg\u00f3 Theaux.<\/p>\n\n\n\n<p>El equipo de trabajo de la Secretar\u00eda de DDHH se completa con Eugenio Talbot, Marlene Baronetto y Jorge Chalub.<\/p>\n","protected":false},"excerpt":{"rendered":"<p>Ma\u00f1ana a las 10 horas, en sede de ATE C\u00f3rdoba, se realizar\u00e1 una actividad conjunta organizada entre la Secretaria de DDHH y el Departamento de G\u00e9neros y Diversidades del Consejo Directivo Provincial, en el marco del mes por los DDHH y entendiendo que la lucha por los DDHH del siglo XXI est\u00e1 integrada por la [&hellip;]<\/p>\n","protected":false},"author":7,"featured_media":30487,"comment_status":"open","ping_status":"open","sticky":false,"template":"","format":"standard","meta":{"_exactmetrics_skip_tracking":false,"_exactmetrics_sitenote_active":false,"_exactmetrics_sitenote_note":"","_exactmetrics_sitenote_category":0,"jnews-multi-image_gallery":[],"jnews_single_post":{"subtitle":"\u201cQueremos unir lazos entre Abuelas de Plaza de Mayo con las y los trabajadores estatales\", el secretario de DDHH del CDP, C\u00e9sar Theaux.","format":"standard","video":"","gallery":"","source_name":"","source_url":"","via_name":"","via_url":"","override":[{"template":"1","single_blog_custom":"","parallax":"1","fullscreen":"1","layout":"right-sidebar","sidebar":"default-sidebar","second_sidebar":"default-sidebar","sticky_sidebar":"1","share_position":"top","share_float_style":"share-monocrhome","show_share_counter":"1","show_view_counter":"1","show_featured":"1","show_post_meta":"1","show_post_author":"1","show_post_author_image":"1","show_post_date":"1","post_date_format":"default","post_date_format_custom":"Y\/m\/d","show_post_category":"1","post_reading_time_wpm":"300","zoom_button_out_step":"2","zoom_button_in_step":"3","show_post_tag":"1","show_prev_next_post":"1","show_popup_post":"1","number_popup_post":"1"}],"image_override":[{"single_post_thumbnail_size":"crop-500","single_post_gallery_size":"crop-500"}],"trending_post_position":"meta","trending_post_label":"Trending","sponsored_post_label":"Sponsored by","sponsored_post_name":"","sponsored_post_url":"","sponsored_post_logo":"","sponsored_post_desc":""},"jnews_primary_category":{"id":""},"jnews_social_meta":[],"jnews_review":[],"enable_review":"","type":"","name":"","summary":"","brand":"","sku":"","good":[],"bad":[],"score_override":"","override_value":"","rating":[],"price":[],"jnews_override_counter":[],"jnews_post_split":[],"footnotes":""},"categories":[341,122,625,325],"tags":[1031],"class_list":["post-30483","post","type-post","status-publish","format-standard","has-post-thumbnail","hentry","category-cdp","category-ddhh","category-discapacidad","category-generos-y-diversidades","tag-abuelas-de-plaza-de-mayo"],"jetpack_featured_media_url":"https:\/\/atecordoba.org\/wp-content\/uploads\/2022\/03\/IMG-20220303-WA0177-1-e1646667413518.jpg","_links":{"self":[{"href":"https:\/\/atecordoba.org\/index.php?rest_route=\/wp\/v2\/posts\/30483","targetHints":{"allow":["GET"]}}],"collection":[{"href":"https:\/\/atecordoba.org\/index.php?rest_route=\/wp\/v2\/posts"}],"about":[{"href":"https:\/\/atecordoba.org\/index.php?rest_route=\/wp\/v2\/types\/post"}],"author":[{"embeddable":true,"href":"https:\/\/atecordoba.org\/index.php?rest_route=\/wp\/v2\/users\/7"}],"replies":[{"embeddable":true,"href":"https:\/\/atecordoba.org\/index.php?rest_route=%2Fwp%2Fv2%2Fcomments&post=30483"}],"version-history":[{"count":2,"href":"https:\/\/atecordoba.org\/index.php?rest_route=\/wp\/v2\/posts\/30483\/revisions"}],"predecessor-version":[{"id":30490,"href":"https:\/\/atecordoba.org\/index.php?rest_route=\/wp\/v2\/posts\/30483\/revisions\/30490"}],"wp:featuredmedia":[{"embeddable":true,"href":"https:\/\/atecordoba.org\/index.php?rest_route=\/wp\/v2\/media\/30487"}],"wp:attachment":[{"href":"https:\/\/atecordoba.org\/index.php?rest_route=%2Fwp%2Fv2%2Fmedia&parent=30483"}],"wp:term":[{"taxonomy":"category","embeddable":true,"href":"https:\/\/atecordoba.org\/index.php?rest_route=%2Fwp%2Fv2%2Fcategories&post=30483"},{"taxonomy":"post_tag","embeddable":true,"href":"https:\/\/atecordoba.org\/index.php?rest_route=%2Fwp%2Fv2%2Ftags&post=30483"}],"curies":[{"name":"wp","href":"https:\/\/api.w.org\/{rel}","templated":true}]}}