{"id":30480,"date":"2022-03-07T12:08:58","date_gmt":"2022-03-07T15:08:58","guid":{"rendered":"https:\/\/atecordoba.org\/?p=30480"},"modified":"2022-03-07T12:10:06","modified_gmt":"2022-03-07T15:10:06","slug":"manana-se-realizara-la-movilizacion-del-8m-paro-internacional-de-mujeres-travestis-trans-y-no-binaries","status":"publish","type":"post","link":"https:\/\/atecordoba.org\/?p=30480","title":{"rendered":"Ma\u00f1ana se realizar\u00e1 la movilizaci\u00f3n del 8M, Paro Internacional de Mujeres, Travestis, Trans y No Binaries"},"content":{"rendered":"\n<div class=\"wp-block-image\"><figure class=\"aligncenter size-large is-resized\"><img loading=\"lazy\" decoding=\"async\" src=\"https:\/\/atecordoba.org\/wp-content\/uploads\/2022\/03\/IMG-20220304-WA0151-778x1024.jpg\" alt=\"\" class=\"wp-image-30481\" width=\"584\" height=\"768\" \/><\/figure><\/div>\n\n\n\n<p>Ma\u00f1ana 8 de marzo se llevar\u00e1 a cabo una masiva movilizaci\u00f3n en C\u00f3rdoba -en el marco del Paro Internacional de Mujeres, Lesbianas, Travestis, Trans y No Binaries- que convocan organizaciones de g\u00e9neros y diversidades, con la participaci\u00f3n de ATE C\u00f3rdoba y la Intersindical de Mujeres de C\u00f3rdoba, junto a la agrupaci\u00f3n Alerta Feminista.<\/p>\n\n\n\n<p>La marcha se realizar\u00e1 a partir de las 17 horas, desde la esquina de Col\u00f3n y Fraguerio.<\/p>\n\n\n\n<p>\u201cEstamos en huelga. \u00bfPor qu\u00e9 paramos? Por una vida libre de violencias\u201d, llaman a participar las convocantes.<\/p>\n\n\n\n<p>\u201cLa primera violencia a la que nos someten es la pobreza estructural que hace a\u00f1os sostenemos con nuestros cuerpos. Y las situaciones de violencia siempre caen sobre nosotras. Porque trabajadoras y trabajadores somos todes. Queremos trabajo con derechos. Que nos permita comer, tener salud y techo, proyectar y ser libres. Bancamos las tareas de cuidado en la casa y en el barrio. 16 mil pesos no alcanzan\u201d, denuncian las organizaciones.<\/p>\n\n\n\n<p>Y ubican la convocatoria en la coyuntura de acuerdo con el FMI, que ATE y la CTAA rechazamos por tratarse de una clara entrega de soberan\u00eda.<\/p>\n\n\n\n<p>\u201cEl ajuste del FMI nos afecta particularmente\u201d, prosigue la convocatoria. \u201cA las crisis siempre las pagamos las mujeres, j\u00f3venes y ni\u00f1eces de barrios empobrecidos. Exigimos el Impuesto Permanente a las Grandes Fortunas. Por la justa redistribuci\u00f3n de la riqueza\u201d.<\/p>\n\n\n\n<p>\u201cNo hablar\u00e1n ni decidir\u00e1n m\u00e1s en nuestro nombre. La Deuda es con nosotras y nosotres. Vivas, libres y desendeudadas nos queremos\u201d, concluye la convocatoria al Paro de este 8 de marzo, D\u00eda Internacional de la Mujer Trabajadora.<\/p>\n","protected":false},"excerpt":{"rendered":"<p>Ma\u00f1ana 8 de marzo se llevar\u00e1 a cabo una masiva movilizaci\u00f3n en C\u00f3rdoba -en el marco del Paro Internacional de Mujeres, Lesbianas, Travestis, Trans y No Binaries- que convocan organizaciones de g\u00e9neros y diversidades, con la participaci\u00f3n de ATE C\u00f3rdoba y la Intersindical de Mujeres de C\u00f3rdoba, junto a la agrupaci\u00f3n Alerta Feminista. La marcha [&hellip;]<\/p>\n","protected":false},"author":7,"featured_media":30481,"comment_status":"open","ping_status":"open","sticky":false,"template":"","format":"standard","meta":{"_exactmetrics_skip_tracking":false,"_exactmetrics_sitenote_active":false,"_exactmetrics_sitenote_note":"","_exactmetrics_sitenote_category":0,"jnews-multi-image_gallery":[],"jnews_single_post":{"subtitle":"La marcha parte de Col\u00f3n y Fragueiro. Concentraci\u00f3n a partir de las 17 horas.","format":"standard","video":"","gallery":"","source_name":"","source_url":"","via_name":"","via_url":"","override":[{"template":"1","single_blog_custom":"","parallax":"1","fullscreen":"1","layout":"right-sidebar","sidebar":"default-sidebar","second_sidebar":"default-sidebar","sticky_sidebar":"1","share_position":"top","share_float_style":"share-monocrhome","show_share_counter":"1","show_view_counter":"1","show_featured":"1","show_post_meta":"1","show_post_author":"1","show_post_author_image":"1","show_post_date":"1","post_date_format":"default","post_date_format_custom":"Y\/m\/d","show_post_category":"1","post_reading_time_wpm":"300","zoom_button_out_step":"2","zoom_button_in_step":"3","show_post_tag":"1","show_prev_next_post":"1","show_popup_post":"1","number_popup_post":"1"}],"image_override":[{"single_post_thumbnail_size":"crop-500","single_post_gallery_size":"crop-500"}],"trending_post_position":"meta","trending_post_label":"Trending","sponsored_post_label":"Sponsored by","sponsored_post_name":"","sponsored_post_url":"","sponsored_post_logo":"","sponsored_post_desc":""},"jnews_primary_category":{"id":""},"jnews_social_meta":[],"jnews_review":[],"enable_review":"","type":"","name":"","summary":"","brand":"","sku":"","good":[],"bad":[],"score_override":"","override_value":"","rating":[],"price":[],"jnews_override_counter":[],"jnews_post_split":[],"footnotes":""},"categories":[325],"tags":[778],"class_list":["post-30480","post","type-post","status-publish","format-standard","has-post-thumbnail","hentry","category-generos-y-diversidades","tag-8m"],"jetpack_featured_media_url":"https:\/\/atecordoba.org\/wp-content\/uploads\/2022\/03\/IMG-20220304-WA0151-e1646665712422.jpg","_links":{"self":[{"href":"https:\/\/atecordoba.org\/index.php?rest_route=\/wp\/v2\/posts\/30480","targetHints":{"allow":["GET"]}}],"collection":[{"href":"https:\/\/atecordoba.org\/index.php?rest_route=\/wp\/v2\/posts"}],"about":[{"href":"https:\/\/atecordoba.org\/index.php?rest_route=\/wp\/v2\/types\/post"}],"author":[{"embeddable":true,"href":"https:\/\/atecordoba.org\/index.php?rest_route=\/wp\/v2\/users\/7"}],"replies":[{"embeddable":true,"href":"https:\/\/atecordoba.org\/index.php?rest_route=%2Fwp%2Fv2%2Fcomments&post=30480"}],"version-history":[{"count":1,"href":"https:\/\/atecordoba.org\/index.php?rest_route=\/wp\/v2\/posts\/30480\/revisions"}],"predecessor-version":[{"id":30482,"href":"https:\/\/atecordoba.org\/index.php?rest_route=\/wp\/v2\/posts\/30480\/revisions\/30482"}],"wp:featuredmedia":[{"embeddable":true,"href":"https:\/\/atecordoba.org\/index.php?rest_route=\/wp\/v2\/media\/30481"}],"wp:attachment":[{"href":"https:\/\/atecordoba.org\/index.php?rest_route=%2Fwp%2Fv2%2Fmedia&parent=30480"}],"wp:term":[{"taxonomy":"category","embeddable":true,"href":"https:\/\/atecordoba.org\/index.php?rest_route=%2Fwp%2Fv2%2Fcategories&post=30480"},{"taxonomy":"post_tag","embeddable":true,"href":"https:\/\/atecordoba.org\/index.php?rest_route=%2Fwp%2Fv2%2Ftags&post=30480"}],"curies":[{"name":"wp","href":"https:\/\/api.w.org\/{rel}","templated":true}]}}