{"id":30472,"date":"2022-03-07T10:51:06","date_gmt":"2022-03-07T13:51:06","guid":{"rendered":"https:\/\/atecordoba.org\/?p=30472"},"modified":"2022-03-07T10:52:36","modified_gmt":"2022-03-07T13:52:36","slug":"se-realizo-un-taller-de-capacitacion-para-delegados-y-delegadas-en-traslasierra","status":"publish","type":"post","link":"https:\/\/atecordoba.org\/?p=30472","title":{"rendered":"Taller de capacitaci\u00f3n para delegados y delegadas en Traslasierra"},"content":{"rendered":"\n<div class=\"wp-block-image\"><figure class=\"aligncenter size-large is-resized\"><img loading=\"lazy\" decoding=\"async\" src=\"https:\/\/atecordoba.org\/wp-content\/uploads\/2022\/03\/grupoformacion-1024x567.png\" alt=\"\" class=\"wp-image-30474\" width=\"768\" height=\"425\" \/><\/figure><\/div>\n\n\n\n<p>El pasado viernes 4 de marzo se realiz\u00f3 el Primer Encuentro Formativo para Delegados y Delegadas de la Delegaci\u00f3n de la Asociaci\u00f3n Trabajadores del Estado (ATE-CTA) Traslasierra en el local sindical de Villa Dolores. <\/p>\n\n\n\n<p>Organizada por el Consejo Directivo Provincial (CDP) de ATE C\u00f3rdoba, estuvieron presentes C\u00e9sar Theaux, secretario de Formaci\u00f3n, Julia Giuliani, secretaria de Prensa y Comunicaci\u00f3n y Carlos Rang, vocal y delegado de la Secretar\u00eda de Agricultura Familiar (SAF).<\/p>\n\n\n\n<figure class=\"wp-block-gallery aligncenter columns-2 is-cropped wp-block-gallery-1 is-layout-flex wp-block-gallery-is-layout-flex\"><ul class=\"blocks-gallery-grid\"><li class=\"blocks-gallery-item\"><figure><a href=\"https:\/\/atecordoba.org\/wp-content\/uploads\/2022\/03\/275260579_5436016963109066_7080462524709681360_n-300x225-1.jpg\"><img loading=\"lazy\" decoding=\"async\" width=\"300\" height=\"225\" src=\"https:\/\/atecordoba.org\/wp-content\/uploads\/2022\/03\/275260579_5436016963109066_7080462524709681360_n-300x225-1.jpg\" alt=\"\" data-id=\"30475\" data-full-url=\"https:\/\/atecordoba.org\/wp-content\/uploads\/2022\/03\/275260579_5436016963109066_7080462524709681360_n-300x225-1.jpg\" data-link=\"https:\/\/atecordoba.org\/?attachment_id=30475\" class=\"wp-image-30475\" \/><\/a><\/figure><\/li><li class=\"blocks-gallery-item\"><figure><a href=\"https:\/\/atecordoba.org\/wp-content\/uploads\/2022\/03\/275329298_5436017313109031_9044150324558952547_n-300x225-1.jpg\"><img loading=\"lazy\" decoding=\"async\" width=\"300\" height=\"225\" src=\"https:\/\/atecordoba.org\/wp-content\/uploads\/2022\/03\/275329298_5436017313109031_9044150324558952547_n-300x225-1.jpg\" alt=\"\" data-id=\"30476\" data-full-url=\"https:\/\/atecordoba.org\/wp-content\/uploads\/2022\/03\/275329298_5436017313109031_9044150324558952547_n-300x225-1.jpg\" data-link=\"https:\/\/atecordoba.org\/?attachment_id=30476\" class=\"wp-image-30476\" \/><\/a><\/figure><\/li><\/ul><figcaption class=\"blocks-gallery-caption\">La actividad se desarroll\u00f3 en el local de ATE de Villa Dolores.<\/figcaption><\/figure>\n\n\n\n<p>Con referentes de sectores provinciales, nacionales y de distintos municipios de la zona, se hizo un an\u00e1lisis hist\u00f3rico del movimiento obrero, la necesidad de conocer nuestros derechos como clase trabajadora, el rol de los delegados y delegadas, organizaci\u00f3n, lucha, planificaci\u00f3n y estrategia. <\/p>\n\n\n\n<p>&#8220;Vamos avanzando en la formaci\u00f3n de nuestros cuadros pol\u00edticos en cada territorio\u201d, comentaron los organizadores del Taller.<\/p>\n","protected":false},"excerpt":{"rendered":"<p>El pasado viernes 4 de marzo se realiz\u00f3 el Primer Encuentro Formativo para Delegados y Delegadas de la Delegaci\u00f3n de la Asociaci\u00f3n Trabajadores del Estado (ATE-CTA) Traslasierra en el local sindical de Villa Dolores. Organizada por el Consejo Directivo Provincial (CDP) de ATE C\u00f3rdoba, estuvieron presentes C\u00e9sar Theaux, secretario de Formaci\u00f3n, Julia Giuliani, secretaria de [&hellip;]<\/p>\n","protected":false},"author":7,"featured_media":30474,"comment_status":"open","ping_status":"open","sticky":false,"template":"","format":"standard","meta":{"_exactmetrics_skip_tracking":false,"_exactmetrics_sitenote_active":false,"_exactmetrics_sitenote_note":"","_exactmetrics_sitenote_category":0,"jnews-multi-image_gallery":[],"jnews_single_post":{"subtitle":"Se realiz\u00f3 un abordaje hist\u00f3rico del movimiento obrero, la necesidad de conocer nuestros derechos como clase trabajadora, el rol de los delegados y delegadas, organizaci\u00f3n, lucha, planificaci\u00f3n y estrategia.","format":"standard","video":"","gallery":"","source_name":"","source_url":"","via_name":"","via_url":"","override":[{"template":"1","single_blog_custom":"","parallax":"1","fullscreen":"1","layout":"right-sidebar","sidebar":"default-sidebar","second_sidebar":"default-sidebar","sticky_sidebar":"1","share_position":"top","share_float_style":"share-monocrhome","show_share_counter":"1","show_view_counter":"1","show_featured":"1","show_post_meta":"1","show_post_author":"1","show_post_author_image":"1","show_post_date":"1","post_date_format":"default","post_date_format_custom":"Y\/m\/d","show_post_category":"1","post_reading_time_wpm":"300","zoom_button_out_step":"2","zoom_button_in_step":"3","show_post_tag":"1","show_prev_next_post":"1","show_popup_post":"1","number_popup_post":"1"}],"image_override":[{"single_post_thumbnail_size":"crop-500","single_post_gallery_size":"crop-500"}],"trending_post_position":"meta","trending_post_label":"Trending","sponsored_post_label":"Sponsored by","sponsored_post_name":"","sponsored_post_url":"","sponsored_post_logo":"","sponsored_post_desc":""},"jnews_primary_category":{"id":""},"jnews_social_meta":[],"jnews_review":[],"enable_review":"","type":"","name":"","summary":"","brand":"","sku":"","good":[],"bad":[],"score_override":"","override_value":"","rating":[],"price":[],"jnews_override_counter":[],"jnews_post_split":[],"footnotes":""},"categories":[88],"tags":[929],"class_list":["post-30472","post","type-post","status-publish","format-standard","has-post-thumbnail","hentry","category-formacion","tag-ate-traslasierra"],"jetpack_featured_media_url":"https:\/\/atecordoba.org\/wp-content\/uploads\/2022\/03\/grupoformacion-e1646661057697.png","_links":{"self":[{"href":"https:\/\/atecordoba.org\/index.php?rest_route=\/wp\/v2\/posts\/30472","targetHints":{"allow":["GET"]}}],"collection":[{"href":"https:\/\/atecordoba.org\/index.php?rest_route=\/wp\/v2\/posts"}],"about":[{"href":"https:\/\/atecordoba.org\/index.php?rest_route=\/wp\/v2\/types\/post"}],"author":[{"embeddable":true,"href":"https:\/\/atecordoba.org\/index.php?rest_route=\/wp\/v2\/users\/7"}],"replies":[{"embeddable":true,"href":"https:\/\/atecordoba.org\/index.php?rest_route=%2Fwp%2Fv2%2Fcomments&post=30472"}],"version-history":[{"count":3,"href":"https:\/\/atecordoba.org\/index.php?rest_route=\/wp\/v2\/posts\/30472\/revisions"}],"predecessor-version":[{"id":30479,"href":"https:\/\/atecordoba.org\/index.php?rest_route=\/wp\/v2\/posts\/30472\/revisions\/30479"}],"wp:featuredmedia":[{"embeddable":true,"href":"https:\/\/atecordoba.org\/index.php?rest_route=\/wp\/v2\/media\/30474"}],"wp:attachment":[{"href":"https:\/\/atecordoba.org\/index.php?rest_route=%2Fwp%2Fv2%2Fmedia&parent=30472"}],"wp:term":[{"taxonomy":"category","embeddable":true,"href":"https:\/\/atecordoba.org\/index.php?rest_route=%2Fwp%2Fv2%2Fcategories&post=30472"},{"taxonomy":"post_tag","embeddable":true,"href":"https:\/\/atecordoba.org\/index.php?rest_route=%2Fwp%2Fv2%2Ftags&post=30472"}],"curies":[{"name":"wp","href":"https:\/\/api.w.org\/{rel}","templated":true}]}}