{"id":3047,"date":"2013-08-12T16:49:24","date_gmt":"2013-08-12T19:49:24","guid":{"rendered":"http:\/\/www.atecordoba.org\/?p=3047"},"modified":"2013-08-12T16:49:24","modified_gmt":"2013-08-12T19:49:24","slug":"villa-maria-ate-manifesto-su-preocupacion-por-la-renuncia-de-tres-pediatras-del-hospital-pasteur","status":"publish","type":"post","link":"https:\/\/atecordoba.org\/?p=3047","title":{"rendered":"Villa Mar\u00eda: ATE manifest\u00f3 su preocupaci\u00f3n por la renuncia de tres pediatras del hospital Pasteur"},"content":{"rendered":"<p><em>Arnaldo Molina, adjunto de la seccional, denunci\u00f3 &#8220;una situaci\u00f3n que se agrava porque la din\u00e1mica es muy r\u00e1pida y los que tienen que dar respuesta andan en tortuga&#8221;.<\/em><\/p>\n<p><a href=\"http:\/\/www.atecordoba.org\/wp-content\/uploads\/2013\/08\/arnaldo-molina-villa-mar\u00eda.jpg\"><img loading=\"lazy\" decoding=\"async\" class=\"aligncenter size-full wp-image-3048\" title=\"arnaldo molina - villa mar\u00eda\" src=\"http:\/\/www.atecordoba.org\/wp-content\/uploads\/2013\/08\/arnaldo-molina-villa-mar\u00eda.jpg\" alt=\"\" width=\"600\" height=\"401\" \/><\/a><\/p>\n<p>(fuente: El Diario de Villa Mar\u00eda)<\/p>\n<p>\u201cNos enteramos por la prensa que estuvo el gobernador (Jos\u00e9 Manuel de la Sota) en Villa Mar\u00eda, una visita camuflada sin dar respuestas a las necesidades de salud.\u201d<\/p>\n<p>Las palabras textuales fueron expresadas por el secretario adjunto de ATE, Arnaldo Molina, el pasado 6 de agosto.<\/p>\n<p>Con mucha preocupaci\u00f3n Molina habl\u00f3 con la periodista de EL DIARIO sobre una nueva renuncia de un m\u00e9dico de ni\u00f1os del Hospital Pasteur.<\/p>\n<p>\u201cEn el t\u00e9rmino de un mes renunciaron tres pediatras y esperamos que pueda haber m\u00e1s bajas. Estamos en una situaci\u00f3n que se agrava y hablan del nuevo Hospital\u201d, afirm\u00f3 Molina.<\/p>\n<p>La nueva deserci\u00f3n de un facultativo obedece a varias razones que Molina explic\u00f3 en su charla con la cronista.<\/p>\n<p>\u201cNo tienen respuesta, no les hacen los contratos, reciben mal trato (de parte de uno de los jefes) y terminan agot\u00e1ndose\u201d, se\u00f1al\u00f3 el sindicalista.<\/p>\n<p>De acuerdo a sus expresiones, est\u00e1n a la espera de m\u00e1s de veinte contratos que no llegan y los haberes son \u00ednfimos.<\/p>\n<p>Las renuncias se est\u00e1n dando entre las pediatras que cumplen guardia las 24 horas y eso genera un serio inconveniente en la atenci\u00f3n de los chicos y m\u00e1s en \u00e9poca invernal con fuerte demanda.<\/p>\n<p>La visita del mandatario provincial a la ciudad para inspeccionar la obra les cay\u00f3 muy mal a los representantes de los trabajadores y Molina se despach\u00f3 con todo.<\/p>\n<p>\u201cLa din\u00e1mica que tiene el Hospital es r\u00e1pida y los que tienen que dar las respuestas andan en tortuga\u201d, dijo el referente de ATE.<\/p>\n<p>Los trabajadores ya tienen programada una asamblea para ma\u00f1ana y estos reclamos estar\u00e1n en el centro del debate.<\/p>\n<p>\u201cEn la asamblea vamos a repudiar la visita del gobernador y vamos a alertar a la poblaci\u00f3n de la situaci\u00f3n cr\u00edtica que est\u00e1 pasando el Hospital\u201d, se\u00f1al\u00f3 Molina.<\/p>\n<p>Finalmente, el secretario adjunto remarc\u00f3 que la situaci\u00f3n se est\u00e1 agravando y puso \u00e9nfasis en lo que llam\u00f3 \u201cel mal manejo de la pol\u00edtica de salud\u201d.<\/p>\n<p>Declaraciones para la tv local.\u00a0<a title=\"Asamblea Hospital Pasteur\" href=\"http:\/\/www.youtube.com\/watch?v=KwE7iAaM094&amp;noredirect=1#at=33\">http:\/\/www.youtube.com\/watch?v=KwE7iAaM094&amp;noredirect=1#at=33<\/a><\/p>\n<h1 id=\"watch-headline-title\"><\/h1>\n<p>&nbsp;<\/p>\n","protected":false},"excerpt":{"rendered":"<p>Arnaldo Molina, adjunto de la seccional, denunci\u00f3 &#8220;una situaci\u00f3n que se agrava porque la din\u00e1mica es muy r\u00e1pida y los que tienen que dar respuesta andan en tortuga&#8221;. (fuente: El Diario de Villa Mar\u00eda) \u201cNos enteramos por la prensa que estuvo el gobernador (Jos\u00e9 Manuel de la Sota) en Villa Mar\u00eda, una visita camuflada sin [&hellip;]<\/p>\n","protected":false},"author":1,"featured_media":19220,"comment_status":"open","ping_status":"open","sticky":false,"template":"","format":"standard","meta":{"_exactmetrics_skip_tracking":false,"_exactmetrics_sitenote_active":false,"_exactmetrics_sitenote_note":"","_exactmetrics_sitenote_category":0,"jnews-multi-image_gallery":[],"jnews_single_post":[],"jnews_primary_category":[],"jnews_social_meta":[],"jnews_review":[],"enable_review":"","type":"","name":"","summary":"","brand":"","sku":"","good":[],"bad":[],"score_override":"","override_value":"","rating":[],"price":[],"jnews_override_counter":[],"jnews_post_split":[],"footnotes":""},"categories":[34,14],"tags":[],"class_list":["post-3047","post","type-post","status-publish","format-standard","has-post-thumbnail","hentry","category-seccionales","category-villa-maria"],"jetpack_featured_media_url":"https:\/\/atecordoba.org\/wp-content\/uploads\/2020\/05\/logo-nuevochico-e1561581322808.png","_links":{"self":[{"href":"https:\/\/atecordoba.org\/index.php?rest_route=\/wp\/v2\/posts\/3047","targetHints":{"allow":["GET"]}}],"collection":[{"href":"https:\/\/atecordoba.org\/index.php?rest_route=\/wp\/v2\/posts"}],"about":[{"href":"https:\/\/atecordoba.org\/index.php?rest_route=\/wp\/v2\/types\/post"}],"author":[{"embeddable":true,"href":"https:\/\/atecordoba.org\/index.php?rest_route=\/wp\/v2\/users\/1"}],"replies":[{"embeddable":true,"href":"https:\/\/atecordoba.org\/index.php?rest_route=%2Fwp%2Fv2%2Fcomments&post=3047"}],"version-history":[{"count":0,"href":"https:\/\/atecordoba.org\/index.php?rest_route=\/wp\/v2\/posts\/3047\/revisions"}],"wp:featuredmedia":[{"embeddable":true,"href":"https:\/\/atecordoba.org\/index.php?rest_route=\/wp\/v2\/media\/19220"}],"wp:attachment":[{"href":"https:\/\/atecordoba.org\/index.php?rest_route=%2Fwp%2Fv2%2Fmedia&parent=3047"}],"wp:term":[{"taxonomy":"category","embeddable":true,"href":"https:\/\/atecordoba.org\/index.php?rest_route=%2Fwp%2Fv2%2Fcategories&post=3047"},{"taxonomy":"post_tag","embeddable":true,"href":"https:\/\/atecordoba.org\/index.php?rest_route=%2Fwp%2Fv2%2Ftags&post=3047"}],"curies":[{"name":"wp","href":"https:\/\/api.w.org\/{rel}","templated":true}]}}