{"id":30463,"date":"2022-03-04T13:25:40","date_gmt":"2022-03-04T16:25:40","guid":{"rendered":"https:\/\/atecordoba.org\/?p=30463"},"modified":"2022-03-04T13:31:54","modified_gmt":"2022-03-04T16:31:54","slug":"8m-un-libro-recopila-el-debate-sobre-el-derecho-laboral-desde-la-mirada-feminista","status":"publish","type":"post","link":"https:\/\/atecordoba.org\/?p=30463","title":{"rendered":"8M: un libro recopila el debate sobre el derecho laboral desde la mirada feminista"},"content":{"rendered":"\n<div class=\"wp-block-image\"><figure class=\"alignright size-large is-resized\"><img loading=\"lazy\" decoding=\"async\" src=\"https:\/\/atecordoba.org\/wp-content\/uploads\/2022\/03\/IMG-20220304-WA0047-731x1024.jpg\" alt=\"\" class=\"wp-image-30464\" width=\"548\" height=\"768\" \/><\/figure><\/div>\n\n\n\n<p>En el marco de lo que se espera sea una multitudinaria movilizaci\u00f3n en todo el pa\u00eds el pr\u00f3ximo 8 de marzo -8M- por la reivindicaci\u00f3n y reclamo de los derechos de las mujeres y las diversidades en Argentina, al igual que en el resto del mundo, la librer\u00edas pondr\u00e1n a la venta ese d\u00eda un importante trabajo recopilatorio, titulado &#8220;Derecho Laboral Feminista&#8221;. <\/p>\n\n\n\n<p>La obra re\u00fane un conjunto de art\u00edculos de un equipo de abogadas, historiadoras, soci\u00f3logas, economistas, docentes m\u00e1s activistas y dirigentas sindicales que elaboraron art\u00edculos bajo el horizonte de (re)pensar el Derecho del Trabajo cl\u00e1sico, un producto del Siglo XX, bajo una nueva perspectiva, tan movilizadora como inc\u00f3moda.<\/p>\n\n\n\n<p>El libro est\u00e1 coordinado por tres abogadas laboralistas de reconocida trayectoria en el mundo sindical, como son Mar\u00eda Paula Lozano, Luciana Censi y la asesora letrada de ATE Mar\u00eda Martha Terragno. <\/p>\n\n\n\n<p>&#8220;El movimiento feminista transform\u00f3 la vida de millones de personas y atraves\u00f3 a todos los sectores de la sociedad. Sin embargo, una disciplina fundamental de la vida social y pol\u00edtica argentina, el Derecho del Trabajo, casi no registr\u00f3 en su normativa el impacto de esa transformaci\u00f3n&#8221;, provoca la presentaci\u00f3n de la Editorial Mil Campanas, que ya est\u00e1 en venta en modalidad de E.Book desde el 1\u00b0 de marzo, mientras aguarda la aparici\u00f3n en las estanter\u00edas del cl\u00e1sico formato en papel el pr\u00f3ximo 8M.<\/p>\n\n\n\n<p>\u201cSi la raz\u00f3n de ser del Derecho del Trabajo ha sido hist\u00f3ricamente la de proteger a la persona que trabaja frente a la asimetr\u00eda estructural de la relaci\u00f3n capital-trabajo, ese precepto s\u00f3lo tiene valor y vigencia si incorpora una perspectiva de g\u00e9nero\u201d, escriben las coordinadoras en el pr\u00f3logo del libro.<\/p>\n\n\n\n<p><strong>Las coordinadoras<\/strong><\/p>\n\n\n\n<p>Mar\u00eda Terragno es abogada (UBA). Especialista en Derecho del Trabajo (UNC\/UNL\/UCC). Asesora sindical. Asesora legislativa. Colaboradora en la Intersindical de Mujeres de C\u00f3rdoba. Integra desde su fundaci\u00f3n la Comisi\u00f3n de la Mujer Trabajadora (Co.Mu.Tra) en la Asociaci\u00f3n de Abogados y Abogadas Laboralistas. Integra el Consejo de Redacci\u00f3n de la Revista \u201cLa Causa Laboral\u201d. Integrante de \u201cPasionarias\u201d Mesa de G\u00e9nero de Mendiolaza.<\/p>\n\n\n\n<p>Mar\u00eda Paula Lozano es Abogada y licenciada en Sociolog\u00eda, egresada de la UBA. Es profesora adjunta en derecho social (Facultad de Ciencias Jur\u00eddicas y Sociales de la Universidad Nacional de La Plata). Se especializ\u00f3 en derecho social en la UNLP y es mag\u00edster en Igualdad de G\u00e9nero: Formaci\u00f3n de Agentes para la Igualdad en la Facultad de Ciencias Sociales de Cuenca, UCLM. Es vicepresidenta de la Asociaci\u00f3n de Abogados y Abogadas Laboralistas e integra la comisi\u00f3n directiva de la ALAL. Asesora diversos sindicatos y entidades civiles. Integra desde su fundaci\u00f3n la Comisi\u00f3n de la Mujer Trabajadora (COMUTRA- AAL)<\/p>\n\n\n\n<p>Luciana Censi es abogada graduada en la Universidad Nacional de Rosario, especialista en Derecho Laboral (Universidad Nacional del Litoral). Distinci\u00f3n al mejor promedio como abogada (promoci\u00f3n 2005-UNR). Asesora de sindicatos del sector p\u00fablico y del sector privado. Miembro de \u201cUMANO\u201d (organismo de Derechos Humanos) y del equipo de asesoramiento sindical \u201cNON DELEGA\u201d.<\/p>\n\n\n\n<p><strong>Los art\u00edculos y sus autoras.<\/strong><\/p>\n\n\n\n<figure class=\"wp-block-gallery columns-2 is-cropped wp-block-gallery-1 is-layout-flex wp-block-gallery-is-layout-flex\"><ul class=\"blocks-gallery-grid\"><li class=\"blocks-gallery-item\"><figure><img loading=\"lazy\" decoding=\"async\" width=\"709\" height=\"895\" src=\"https:\/\/atecordoba.org\/wp-content\/uploads\/2022\/03\/IMG-20220304-WA0046.jpg\" alt=\"\" data-id=\"30465\" data-full-url=\"https:\/\/atecordoba.org\/wp-content\/uploads\/2022\/03\/IMG-20220304-WA0046.jpg\" data-link=\"https:\/\/atecordoba.org\/?attachment_id=30465\" class=\"wp-image-30465\" srcset=\"https:\/\/atecordoba.org\/wp-content\/uploads\/2022\/03\/IMG-20220304-WA0046.jpg 709w, https:\/\/atecordoba.org\/wp-content\/uploads\/2022\/03\/IMG-20220304-WA0046-238x300.jpg 238w\" sizes=\"auto, (max-width: 709px) 100vw, 709px\" \/><\/figure><\/li><li class=\"blocks-gallery-item\"><figure><img loading=\"lazy\" decoding=\"async\" width=\"676\" height=\"837\" src=\"https:\/\/atecordoba.org\/wp-content\/uploads\/2022\/03\/IMG-20220304-WA0048.jpg\" alt=\"\" data-id=\"30466\" data-full-url=\"https:\/\/atecordoba.org\/wp-content\/uploads\/2022\/03\/IMG-20220304-WA0048.jpg\" data-link=\"https:\/\/atecordoba.org\/?attachment_id=30466\" class=\"wp-image-30466\" srcset=\"https:\/\/atecordoba.org\/wp-content\/uploads\/2022\/03\/IMG-20220304-WA0048.jpg 676w, https:\/\/atecordoba.org\/wp-content\/uploads\/2022\/03\/IMG-20220304-WA0048-242x300.jpg 242w\" sizes=\"auto, (max-width: 676px) 100vw, 676px\" \/><\/figure><\/li><\/ul><\/figure>\n\n\n\n<p><\/p>\n","protected":false},"excerpt":{"rendered":"<p>En el marco de lo que se espera sea una multitudinaria movilizaci\u00f3n en todo el pa\u00eds el pr\u00f3ximo 8 de marzo -8M- por la reivindicaci\u00f3n y reclamo de los derechos de las mujeres y las diversidades en Argentina, al igual que en el resto del mundo, la librer\u00edas pondr\u00e1n a la venta ese d\u00eda un [&hellip;]<\/p>\n","protected":false},"author":7,"featured_media":30464,"comment_status":"open","ping_status":"open","sticky":false,"template":"","format":"standard","meta":{"_exactmetrics_skip_tracking":false,"_exactmetrics_sitenote_active":false,"_exactmetrics_sitenote_note":"","_exactmetrics_sitenote_category":0,"jnews-multi-image_gallery":[],"jnews_single_post":{"subtitle":"Se trata de un auspicioso aporte al debate sobre los derechos laborales en el marco del campo feminista, que tiene la participaci\u00f3n como coordinadora y autora de un art\u00edculo a la abogada de ATE Mar\u00eda Martha Terragno.","format":"standard","video":"","gallery":"","source_name":"","source_url":"","via_name":"","via_url":"","override":[{"template":"1","single_blog_custom":"","parallax":"1","fullscreen":"1","layout":"right-sidebar","sidebar":"default-sidebar","second_sidebar":"default-sidebar","sticky_sidebar":"1","share_position":"top","share_float_style":"share-monocrhome","show_share_counter":"1","show_view_counter":"1","show_featured":"1","show_post_meta":"1","show_post_author":"1","show_post_author_image":"1","show_post_date":"1","post_date_format":"default","post_date_format_custom":"Y\/m\/d","show_post_category":"1","post_reading_time_wpm":"300","zoom_button_out_step":"2","zoom_button_in_step":"3","show_post_tag":"1","show_prev_next_post":"1","show_popup_post":"1","number_popup_post":"1"}],"image_override":[{"single_post_thumbnail_size":"crop-500","single_post_gallery_size":"crop-500"}],"trending_post_position":"meta","trending_post_label":"Trending","sponsored_post_label":"Sponsored by","sponsored_post_name":"","sponsored_post_url":"","sponsored_post_logo":"","sponsored_post_desc":""},"jnews_primary_category":{"id":""},"jnews_social_meta":[],"jnews_review":[],"enable_review":"","type":"","name":"","summary":"","brand":"","sku":"","good":[],"bad":[],"score_override":"","override_value":"","rating":[],"price":[],"jnews_override_counter":[],"jnews_post_split":[],"footnotes":""},"categories":[325],"tags":[1030,524],"class_list":["post-30463","post","type-post","status-publish","format-standard","has-post-thumbnail","hentry","category-generos-y-diversidades","tag-derecho-laboral","tag-feminismo"],"jetpack_featured_media_url":"https:\/\/atecordoba.org\/wp-content\/uploads\/2022\/03\/IMG-20220304-WA0047-e1646411128467.jpg","_links":{"self":[{"href":"https:\/\/atecordoba.org\/index.php?rest_route=\/wp\/v2\/posts\/30463","targetHints":{"allow":["GET"]}}],"collection":[{"href":"https:\/\/atecordoba.org\/index.php?rest_route=\/wp\/v2\/posts"}],"about":[{"href":"https:\/\/atecordoba.org\/index.php?rest_route=\/wp\/v2\/types\/post"}],"author":[{"embeddable":true,"href":"https:\/\/atecordoba.org\/index.php?rest_route=\/wp\/v2\/users\/7"}],"replies":[{"embeddable":true,"href":"https:\/\/atecordoba.org\/index.php?rest_route=%2Fwp%2Fv2%2Fcomments&post=30463"}],"version-history":[{"count":4,"href":"https:\/\/atecordoba.org\/index.php?rest_route=\/wp\/v2\/posts\/30463\/revisions"}],"predecessor-version":[{"id":30471,"href":"https:\/\/atecordoba.org\/index.php?rest_route=\/wp\/v2\/posts\/30463\/revisions\/30471"}],"wp:featuredmedia":[{"embeddable":true,"href":"https:\/\/atecordoba.org\/index.php?rest_route=\/wp\/v2\/media\/30464"}],"wp:attachment":[{"href":"https:\/\/atecordoba.org\/index.php?rest_route=%2Fwp%2Fv2%2Fmedia&parent=30463"}],"wp:term":[{"taxonomy":"category","embeddable":true,"href":"https:\/\/atecordoba.org\/index.php?rest_route=%2Fwp%2Fv2%2Fcategories&post=30463"},{"taxonomy":"post_tag","embeddable":true,"href":"https:\/\/atecordoba.org\/index.php?rest_route=%2Fwp%2Fv2%2Ftags&post=30463"}],"curies":[{"name":"wp","href":"https:\/\/api.w.org\/{rel}","templated":true}]}}