{"id":30457,"date":"2022-03-03T13:37:45","date_gmt":"2022-03-03T16:37:45","guid":{"rendered":"https:\/\/atecordoba.org\/?p=30457"},"modified":"2022-03-03T13:38:35","modified_gmt":"2022-03-03T16:38:35","slug":"sindicalismo-y-feminismo-charla-debate-sobre-el-rol-de-las-mujeres-y-las-diversidades","status":"publish","type":"post","link":"https:\/\/atecordoba.org\/?p=30457","title":{"rendered":"Sindicalismo y feminismo: charla debate sobre el rol de las mujeres y las diversidades"},"content":{"rendered":"\n<div class=\"wp-block-image\"><figure class=\"aligncenter size-large is-resized\"><img loading=\"lazy\" decoding=\"async\" src=\"https:\/\/atecordoba.org\/wp-content\/uploads\/2022\/03\/IMG-20220302-WA0075-1024x1024.jpg\" alt=\"\" class=\"wp-image-30458\" width=\"768\" height=\"768\" \/><\/figure><\/div>\n\n\n\n<p>Organizado por la seccional ATE R\u00edo Cuarto y el Departamento de G\u00e9neros y Diversidades del Consejo Directivo Provincial, hoy se llevar\u00e1 a cabo de forma presencial una charla debate titulada &#8220;Sindicalismo y Feminismo&#8221;, a realizarse en sede de la seccional, San Mart\u00edn 374, a partir de las 18 horas.<\/p>\n\n\n\n<p>El panel estar\u00e1 conformado por la secretaria General de la seccional R\u00edo Cuarto de Cispren, Marta Maezo, la secretaria General de la Asociaci\u00f3n Gremial Docente de la UNRC, Florencia Granato, la integrante de Cooperativas de Trabajo Federadas, mariana Ju\u00e1rez, junto a la secretaria General de ATE R\u00edo Cuarto, Rafaela Alcoba.<\/p>\n\n\n\n<p>A la hora de anticipar la agenda de la actividad, las organizadoras adelantaron que &#8220;se abordar\u00e1n aspectos hist\u00f3ricos que hacen la relaci\u00f3n entre sindicalismo y feminismo, el recorrido de las ramas femeninas de algunos gremios, para alcanzar la actualidad y el nuevo rol, muy activo, de las mujeres en los sindicatos&#8221;.<\/p>\n\n\n\n<p>&#8220;La realidad es que hay dificultades porque los gremios est\u00e1n estructurados en base a par\u00e1metros masculinos, hasta en los horarios eso se nota. Nuestra sociedad impregn\u00f3 estos espacios de militancia con las l\u00f3gicas patriarcales y las mujeres quedaron relegadas, porque ha tenido mayormente el cuidado y la responsabilidad de las actividades dom\u00e9sticas, adem\u00e1s del trabajo formal que haya elegido por fuera del hogar&#8221;, dijo Florencia Granato.<\/p>\n\n\n\n<p>Y agreg\u00f3: &#8220;este repensar el gremialismo tambi\u00e9n incluye a las diversidades y por eso seguramente estaremos hablando de los nuevos desaf\u00edos que tiene el sindicalismo en cuanto a las necesidades de las trabajadoras y las diversidades en el trabajo&#8221;.<\/p>\n","protected":false},"excerpt":{"rendered":"<p>Organizado por la seccional ATE R\u00edo Cuarto y el Departamento de G\u00e9neros y Diversidades del Consejo Directivo Provincial, hoy se llevar\u00e1 a cabo de forma presencial una charla debate titulada &#8220;Sindicalismo y Feminismo&#8221;, a realizarse en sede de la seccional, San Mart\u00edn 374, a partir de las 18 horas. El panel estar\u00e1 conformado por la [&hellip;]<\/p>\n","protected":false},"author":7,"featured_media":30458,"comment_status":"open","ping_status":"open","sticky":false,"template":"","format":"standard","meta":{"_exactmetrics_skip_tracking":false,"_exactmetrics_sitenote_active":false,"_exactmetrics_sitenote_note":"","_exactmetrics_sitenote_category":0,"jnews-multi-image_gallery":[],"jnews_single_post":{"subtitle":"La actividad se realizar\u00e1 a partir de las 18 horas en sede de ATE R\u00edo Cuarto y tendr\u00e1 car\u00e1cter presencial.","format":"standard","video":"","gallery":"","source_name":"","source_url":"","via_name":"","via_url":"","override":[{"template":"1","single_blog_custom":"","parallax":"1","fullscreen":"1","layout":"right-sidebar","sidebar":"default-sidebar","second_sidebar":"default-sidebar","sticky_sidebar":"1","share_position":"top","share_float_style":"share-monocrhome","show_share_counter":"1","show_view_counter":"1","show_featured":"1","show_post_meta":"1","show_post_author":"1","show_post_author_image":"1","show_post_date":"1","post_date_format":"default","post_date_format_custom":"Y\/m\/d","show_post_category":"1","post_reading_time_wpm":"300","zoom_button_out_step":"2","zoom_button_in_step":"3","show_post_tag":"1","show_prev_next_post":"1","show_popup_post":"1","number_popup_post":"1"}],"image_override":[{"single_post_thumbnail_size":"crop-500","single_post_gallery_size":"crop-500"}],"trending_post_position":"meta","trending_post_label":"Trending","sponsored_post_label":"Sponsored by","sponsored_post_name":"","sponsored_post_url":"","sponsored_post_logo":"","sponsored_post_desc":""},"jnews_primary_category":{"id":""},"jnews_social_meta":[],"jnews_review":[],"enable_review":"","type":"","name":"","summary":"","brand":"","sku":"","good":[],"bad":[],"score_override":"","override_value":"","rating":[],"price":[],"jnews_override_counter":[],"jnews_post_split":[],"footnotes":""},"categories":[325,12],"tags":[524],"class_list":["post-30457","post","type-post","status-publish","format-standard","has-post-thumbnail","hentry","category-generos-y-diversidades","category-rio-cuarto","tag-feminismo"],"jetpack_featured_media_url":"https:\/\/atecordoba.org\/wp-content\/uploads\/2022\/03\/IMG-20220302-WA0075-e1646325454622.jpg","_links":{"self":[{"href":"https:\/\/atecordoba.org\/index.php?rest_route=\/wp\/v2\/posts\/30457","targetHints":{"allow":["GET"]}}],"collection":[{"href":"https:\/\/atecordoba.org\/index.php?rest_route=\/wp\/v2\/posts"}],"about":[{"href":"https:\/\/atecordoba.org\/index.php?rest_route=\/wp\/v2\/types\/post"}],"author":[{"embeddable":true,"href":"https:\/\/atecordoba.org\/index.php?rest_route=\/wp\/v2\/users\/7"}],"replies":[{"embeddable":true,"href":"https:\/\/atecordoba.org\/index.php?rest_route=%2Fwp%2Fv2%2Fcomments&post=30457"}],"version-history":[{"count":1,"href":"https:\/\/atecordoba.org\/index.php?rest_route=\/wp\/v2\/posts\/30457\/revisions"}],"predecessor-version":[{"id":30459,"href":"https:\/\/atecordoba.org\/index.php?rest_route=\/wp\/v2\/posts\/30457\/revisions\/30459"}],"wp:featuredmedia":[{"embeddable":true,"href":"https:\/\/atecordoba.org\/index.php?rest_route=\/wp\/v2\/media\/30458"}],"wp:attachment":[{"href":"https:\/\/atecordoba.org\/index.php?rest_route=%2Fwp%2Fv2%2Fmedia&parent=30457"}],"wp:term":[{"taxonomy":"category","embeddable":true,"href":"https:\/\/atecordoba.org\/index.php?rest_route=%2Fwp%2Fv2%2Fcategories&post=30457"},{"taxonomy":"post_tag","embeddable":true,"href":"https:\/\/atecordoba.org\/index.php?rest_route=%2Fwp%2Fv2%2Ftags&post=30457"}],"curies":[{"name":"wp","href":"https:\/\/api.w.org\/{rel}","templated":true}]}}