{"id":30420,"date":"2022-02-25T12:16:43","date_gmt":"2022-02-25T15:16:43","guid":{"rendered":"https:\/\/atecordoba.org\/?p=30420"},"modified":"2022-02-25T12:17:48","modified_gmt":"2022-02-25T15:17:48","slug":"anac-estado-de-alerta-por-discriminacion-salarial-al-servicio-de-sanidad","status":"publish","type":"post","link":"https:\/\/atecordoba.org\/?p=30420","title":{"rendered":"ANAC: estado de alerta por discriminaci\u00f3n salarial al Servicio de Sanidad"},"content":{"rendered":"\n<div class=\"wp-block-image\"><figure class=\"aligncenter size-large is-resized\"><img loading=\"lazy\" decoding=\"async\" src=\"https:\/\/atecordoba.org\/wp-content\/uploads\/2022\/02\/25_02_Asambleas_quite_de_colaboracion_ANAC-1024x576.jpeg\" alt=\"\" class=\"wp-image-30421\" width=\"768\" height=\"432\" srcset=\"https:\/\/atecordoba.org\/wp-content\/uploads\/2022\/02\/25_02_Asambleas_quite_de_colaboracion_ANAC-1024x576.jpeg 1024w, https:\/\/atecordoba.org\/wp-content\/uploads\/2022\/02\/25_02_Asambleas_quite_de_colaboracion_ANAC-300x169.jpeg 300w, https:\/\/atecordoba.org\/wp-content\/uploads\/2022\/02\/25_02_Asambleas_quite_de_colaboracion_ANAC-768x432.jpeg 768w, https:\/\/atecordoba.org\/wp-content\/uploads\/2022\/02\/25_02_Asambleas_quite_de_colaboracion_ANAC-1536x864.jpeg 1536w, https:\/\/atecordoba.org\/wp-content\/uploads\/2022\/02\/25_02_Asambleas_quite_de_colaboracion_ANAC-750x422.jpeg 750w, https:\/\/atecordoba.org\/wp-content\/uploads\/2022\/02\/25_02_Asambleas_quite_de_colaboracion_ANAC-1140x641.jpeg 1140w, https:\/\/atecordoba.org\/wp-content\/uploads\/2022\/02\/25_02_Asambleas_quite_de_colaboracion_ANAC.jpeg 1600w\" sizes=\"auto, (max-width: 768px) 100vw, 768px\" \/><figcaption>La delegada de ATE Carina Arg\u00fcello (izquierda), junto a personal de Sanidad Aeron\u00e1utica. <\/figcaption><\/figure><\/div>\n\n\n\n<p>La Coordinaci\u00f3n Nacional y Delegados C\u00f3rdoba de ATE \u2013 ANAC inform\u00f3 sobre el estado de alerta y quite de colaboraci\u00f3n de las y los trabajadores del sector en el Aeropuerto Internacional C\u00f3rdoba, a partir de lo resuelto en diversas asambleas realizadas durante los meses de enero y febrero de este a\u00f1o, a consecuencia de la discriminaci\u00f3n salarial que sufren las y los trabajadores del Sanidad Aeron\u00e1utica en C\u00f3rdoba, \u00fanico sector que no cobra en su haberes el &#8220;reconocimiento de Guardias Pasivas&#8221; que si recibe el resto de los servicios, como el Servicio de Salvamento y Extinci\u00f3n de Incendios (SSEI)  y el servicio de fiscalizaci\u00f3n (Conter).<\/p>\n\n\n\n<p>&#8220;ATE entiende que la ANAC debe brindar igual trato y oportunidades para las y los trabajadores de todo el aeropuerto. Al no recibir una respuesta pronta y oportuna de parte de las autoridades del organismo es que se resolvieron medidas como el quite de colaboraci\u00f3n, no cobertura de licencias y otra serie de medidas que van a profundizar el conflicto si no obtenemos las respuestas adecuadas&#8221;, explic\u00f3 la delegada de ATE Carina Arg\u00fcello.<\/p>\n\n\n\n<div class=\"wp-block-image\"><figure class=\"alignleft size-large is-resized\"><img loading=\"lazy\" decoding=\"async\" src=\"https:\/\/atecordoba.org\/wp-content\/uploads\/2022\/02\/25_02_Asambleas_quite_de_colaboracion_ANAC2-1024x576.jpeg\" alt=\"\" class=\"wp-image-30422\" width=\"512\" height=\"288\" \/><\/figure><\/div>\n\n\n\n<p>Cabe se\u00f1alar que, seg\u00fan los acuerdos mantenidos en diciembre del a\u00f1o pasado, se logr\u00f3 a instancias de ATE ANAC el pago, para todos los servicios operativos. de las llamadas \u201cGuardias Pasivas\u201d como el reconocimiento de un obligaci\u00f3n laboral que cumplen los compa\u00f1eros durante todo el a\u00f1o y que se acentu\u00f3 aun mas&nbsp; en \u00e9poca de pandemia. Lamentablemente y sin el argumento de una explicaci\u00f3n razonable ni de un fundamento normativo aceptable, quedo excluido de aquel reconocimiento el \u201cServicio de Sanidad\u201d.<\/p>\n\n\n\n<p>En comunicado del sector detalla que &#8220;el pago a un solo sector de los compa\u00f1eros operativos es altamente discriminatorio, violando de por si principios de raigambre constitucional, como lo es el de \u201cigual remuneraci\u00f3n por igual tarea,\u201d y otros de \u00edndole laboral como lo es el de \u201cno discriminaci\u00f3n\u201d y de \u201cbuena Fe\u201d. Sabemos que nuestro r\u00e9gimen laboral est\u00e1 enmarcado por el Dto. 2314 de por si obsoleto e inaplicable a esta situaci\u00f3n pero con plena vigencia del CCT 214\/06 para la Administraci\u00f3n P\u00fablica y que establece pautas claras al respecto&#8221;.<\/p>\n\n\n\n<p>&#8220;Es m\u00e1s -agrega-, creemos que la normativa especifica, la Resoluci\u00f3n 783\/14 que aprueba el \u201cReglamento Interno de Funcionamiento de los Servicios M\u00e9dicos\u201d &nbsp;para la Sanidad Aeron\u00e1utica, regulando la funci\u00f3n que debe cumplir el equipo m\u00e9dico, en caso de existir alguna incongruencia, deber\u00eda ser modificada para su adecuaci\u00f3n al CCT 214\/06, ya que este prevalece por jerarqu\u00eda normativa y siempre debe estarse a la norma m\u00e1s favorable al trabajador&#8221;. &nbsp;<\/p>\n\n\n\n<p>En esa l\u00ednea, ATE ANAC Reitera que no surgen incompatibilidades, contradicciones o discrepancias que puedan excluir a un sector de trabajadores (Sanidad Aeron\u00e1utica) de la recomposici\u00f3n, reconocimiento o retribuci\u00f3n que se otorga a otro sector de trabajadores como SSEI y Conter, cuya modalidad principal y com\u00fan a todos es la operatividad.<\/p>\n\n\n\n<p>&#8220;A ra\u00edz de esta situaci\u00f3n solicitamos una reuni\u00f3n urgente con las autoridades y su tratamiento en los \u00e1mbitos paritarios de comisi\u00f3n, Comisi\u00f3n de Igualdad de Oportunidades y Trato (CIOT).&nbsp;&nbsp;Adem\u00e1s, en la \u00faltima asamblea particip\u00f3 el coordinador nacional Mario Arce por lo que esperamos que esta lucha se extienda a nivel nacional. Creemos que a igual tarea debe haber igual salario&#8221;, concluy\u00f3 la delegada Ag\u00fcello.<\/p>\n","protected":false},"excerpt":{"rendered":"<p>La Coordinaci\u00f3n Nacional y Delegados C\u00f3rdoba de ATE \u2013 ANAC inform\u00f3 sobre el estado de alerta y quite de colaboraci\u00f3n de las y los trabajadores del sector en el Aeropuerto Internacional C\u00f3rdoba, a partir de lo resuelto en diversas asambleas realizadas durante los meses de enero y febrero de este a\u00f1o, a consecuencia de la [&hellip;]<\/p>\n","protected":false},"author":7,"featured_media":30422,"comment_status":"open","ping_status":"open","sticky":false,"template":"","format":"standard","meta":{"_exactmetrics_skip_tracking":false,"_exactmetrics_sitenote_active":false,"_exactmetrics_sitenote_note":"","_exactmetrics_sitenote_category":0,"jnews-multi-image_gallery":[],"jnews_single_post":{"subtitle":"El sector no recibe el pago del suplemento de 'Guardias Pasivas' como el resto de los sectores de la ANAC en C\u00f3rdoba.","format":"standard","video":"","gallery":"","source_name":"","source_url":"","via_name":"","via_url":"","override":[{"template":"1","single_blog_custom":"","parallax":"1","fullscreen":"1","layout":"right-sidebar","sidebar":"default-sidebar","second_sidebar":"default-sidebar","sticky_sidebar":"1","share_position":"top","share_float_style":"share-monocrhome","show_share_counter":"1","show_view_counter":"1","show_featured":"1","show_post_meta":"1","show_post_author":"1","show_post_author_image":"1","show_post_date":"1","post_date_format":"default","post_date_format_custom":"Y\/m\/d","show_post_category":"1","post_reading_time_wpm":"300","zoom_button_out_step":"2","zoom_button_in_step":"3","show_post_tag":"1","show_prev_next_post":"1","show_popup_post":"1","number_popup_post":"1"}],"image_override":[{"single_post_thumbnail_size":"crop-500","single_post_gallery_size":"crop-500"}],"trending_post_position":"meta","trending_post_label":"Trending","sponsored_post_label":"Sponsored by","sponsored_post_name":"","sponsored_post_url":"","sponsored_post_logo":"","sponsored_post_desc":""},"jnews_primary_category":{"id":""},"jnews_social_meta":[],"jnews_review":[],"enable_review":"","type":"","name":"","summary":"","brand":"","sku":"","good":[],"bad":[],"score_override":"","override_value":"","rating":[],"price":[],"jnews_override_counter":[],"jnews_post_split":[],"footnotes":""},"categories":[18],"tags":[33,1028],"class_list":["post-30420","post","type-post","status-publish","format-standard","has-post-thumbnail","hentry","category-nacionales","tag-anac","tag-servicio-sanidad-aeroportuaria"],"jetpack_featured_media_url":"https:\/\/atecordoba.org\/wp-content\/uploads\/2022\/02\/25_02_Asambleas_quite_de_colaboracion_ANAC2-e1645802186731.jpeg","_links":{"self":[{"href":"https:\/\/atecordoba.org\/index.php?rest_route=\/wp\/v2\/posts\/30420","targetHints":{"allow":["GET"]}}],"collection":[{"href":"https:\/\/atecordoba.org\/index.php?rest_route=\/wp\/v2\/posts"}],"about":[{"href":"https:\/\/atecordoba.org\/index.php?rest_route=\/wp\/v2\/types\/post"}],"author":[{"embeddable":true,"href":"https:\/\/atecordoba.org\/index.php?rest_route=\/wp\/v2\/users\/7"}],"replies":[{"embeddable":true,"href":"https:\/\/atecordoba.org\/index.php?rest_route=%2Fwp%2Fv2%2Fcomments&post=30420"}],"version-history":[{"count":2,"href":"https:\/\/atecordoba.org\/index.php?rest_route=\/wp\/v2\/posts\/30420\/revisions"}],"predecessor-version":[{"id":30424,"href":"https:\/\/atecordoba.org\/index.php?rest_route=\/wp\/v2\/posts\/30420\/revisions\/30424"}],"wp:featuredmedia":[{"embeddable":true,"href":"https:\/\/atecordoba.org\/index.php?rest_route=\/wp\/v2\/media\/30422"}],"wp:attachment":[{"href":"https:\/\/atecordoba.org\/index.php?rest_route=%2Fwp%2Fv2%2Fmedia&parent=30420"}],"wp:term":[{"taxonomy":"category","embeddable":true,"href":"https:\/\/atecordoba.org\/index.php?rest_route=%2Fwp%2Fv2%2Fcategories&post=30420"},{"taxonomy":"post_tag","embeddable":true,"href":"https:\/\/atecordoba.org\/index.php?rest_route=%2Fwp%2Fv2%2Ftags&post=30420"}],"curies":[{"name":"wp","href":"https:\/\/api.w.org\/{rel}","templated":true}]}}