{"id":30407,"date":"2022-02-24T16:51:56","date_gmt":"2022-02-24T19:51:56","guid":{"rendered":"https:\/\/atecordoba.org\/?p=30407"},"modified":"2022-02-24T16:53:59","modified_gmt":"2022-02-24T19:53:59","slug":"giuliani-hace-falta-un-nuevo-proyecto-politico-que-defienda-nuestra-soberania","status":"publish","type":"post","link":"https:\/\/atecordoba.org\/?p=30407","title":{"rendered":"Giuliani: &#8220;hace falta un nuevo proyecto pol\u00edtico que defienda nuestra soberan\u00eda&#8221;"},"content":{"rendered":"\n<div class=\"wp-block-image\"><figure class=\"alignright size-large is-resized\"><img loading=\"lazy\" decoding=\"async\" src=\"https:\/\/atecordoba.org\/wp-content\/uploads\/2022\/02\/federico-3-1024x682.jpeg\" alt=\"\" class=\"wp-image-30408\" width=\"768\" height=\"512\" \/><\/figure><\/div>\n\n\n\n<p>En una entrevista concedida a la AM 980 Radio LU37 de General Pico, provincia de La Pampa, que conduce el periodista Alberto Bast\u00eda, el secretario General de ATE C\u00f3rdoba, Federico Giuliani, repas\u00f3 la actualidad que que atraviesa transversalmente la Argentina y dio lagunas definiciones precisas sobre su mirada en rechazo al acuerdo con el FMI, las tensiones alrededor del modelo productivo y la disputa de la tierra, el rol del Estado y el fracaso del proyecto de estatizar la empresa cerealera Vicent\u00edn. <\/p>\n\n\n\n<p>En primer t\u00e9rmino, Giuliani relat\u00f3 la experiencia de la delegaci\u00f3n de ATE C\u00f3rdoba en R\u00edo Negro, donde fue a solidarizarse con las y los compa\u00f1eros que llevaron adelante el gesto patriota de llegar hasta Lago Escondido para reclamar soberan\u00eda sobre el territorio nacional en manos de millonario ingl\u00e9s Joe Lewis. <\/p>\n\n\n\n<p>&#8220;Estuvimos en R\u00edo Negro acompa\u00f1ando al compa\u00f1ero Jorge Rachid, a ATE y CTA de esa provincia, para que vuelva nuestra soberan\u00eda sobre Lago Escondido porque estos conflictos tienen que ver con la propiedad de la tierra y se suceden en todo el pa\u00eds. En C\u00f3rdoba pasa lo mismo con los incendios: despu\u00e9s que el fuego consume y devasta miles de hect\u00e1reas al poco tiempo aparecen emprendimientos megainmobiliarios o se sigue corriendo la frontera agr\u00edcola sobre el bosque nativo. Nada es casual&#8221;, analiz\u00f3 Giulani.<\/p>\n\n\n\n<p><strong>Deuda Externa y rechazo al acuerdo<\/strong><\/p>\n\n\n\n<p>Sobre la deuda externa, el secretario General de ATE C\u00f3doba declar\u00f3 que &#8220;estamos en contra de cualquier acuerdo con el FMI. Pagar la estafa ser\u00eda legitimar el robo de Macri. Nos parece importante que se audite porque puede haber una porci\u00f3n de esa deuda que sea leg\u00edtima, pero hay que separarla de la que no lo es. Un acuerdo como est\u00e1 planteado significa hacerse cargo de una estafa, inmoral y fraudulenta, cuando el 50% de las y los argentinos son pobres. Esto nos pone en condiciones de salir a pedir la urgente suspensi\u00f3n de los pagos al FMI&#8221;.<\/p>\n\n\n\n<p>Giuliani explic\u00f3 que &#8220;para pagar esa deuda de alg\u00fan lado va a salir la plata y eso nos pone frente a un Estado que nuevamente va a instrumentar una transferencia fenomenal de recursos a los sectores concentrados y para que paguemos esta deuda ileg\u00edtima. La verdadera deuda es con el pueblo, con los vastos sectores sin servicios b\u00e1sicos, el gran d\u00e9ficit habitacional que existe, la mayor inversi\u00f3n que deber\u00eda hacerse en educaci\u00f3n y salud, generar fuentes de trabajo dignas&#8221;.<\/p>\n\n\n\n<div class=\"wp-block-image\"><figure class=\"alignleft size-large is-resized\"><img loading=\"lazy\" decoding=\"async\" src=\"https:\/\/atecordoba.org\/wp-content\/uploads\/2022\/02\/IMG-20220207-WA0064-1-1024x768.jpg\" alt=\"\" class=\"wp-image-30409\" width=\"512\" height=\"384\" srcset=\"https:\/\/atecordoba.org\/wp-content\/uploads\/2022\/02\/IMG-20220207-WA0064-1-1024x768.jpg 1024w, https:\/\/atecordoba.org\/wp-content\/uploads\/2022\/02\/IMG-20220207-WA0064-1-300x225.jpg 300w, https:\/\/atecordoba.org\/wp-content\/uploads\/2022\/02\/IMG-20220207-WA0064-1-768x576.jpg 768w, https:\/\/atecordoba.org\/wp-content\/uploads\/2022\/02\/IMG-20220207-WA0064-1-1536x1152.jpg 1536w, https:\/\/atecordoba.org\/wp-content\/uploads\/2022\/02\/IMG-20220207-WA0064-1-750x563.jpg 750w, https:\/\/atecordoba.org\/wp-content\/uploads\/2022\/02\/IMG-20220207-WA0064-1-1140x855.jpg 1140w, https:\/\/atecordoba.org\/wp-content\/uploads\/2022\/02\/IMG-20220207-WA0064-1.jpg 1600w\" sizes=\"auto, (max-width: 512px) 100vw, 512px\" \/><figcaption>Giuliani, en R\u00edo Negro.<\/figcaption><\/figure><\/div>\n\n\n\n<p>&#8220;Tambi\u00e9n hay cuestiones referidas a la soberan\u00eda con esta deuda, como dice Eduardo Barcesat, porque el acuerdo con el Fondo termina significando pr\u00e1cticamente un cogobierno en la Argentina, con auditor\u00edas trimestrales, con la presencia de un emisario brit\u00e1nico del FMI justo cuando est\u00e1n por cumplirse 40 a\u00f1os de la Guerra de Malvinas. Esta presencia del FMI en nuestro pa\u00eds estar\u00eda hasta el 2034. Es decir, cuando uno ya pone como garant\u00eda la soberan\u00eda nacional y nuestros bienes naturales ah\u00ed es donde el campo popular debe unirse para evitar esta entrega&#8221;, agreg\u00f3.<\/p>\n\n\n\n<p><strong>Vicent\u00edn y el proyecto pol\u00edtico<\/strong><\/p>\n\n\n\n<p>Respecto a la versi\u00f3n que circula sobre un proyecto de Empresa Nacional de Alimentos, Giuliani dijo que &#8220;analizando lo de Vicent\u00edn, podemos ver hoy que en su momento se hizo todo mal, hemos perdido dos a\u00f1os, pero esperamos que esa empresa se pueda poner en marcha. Yo no s\u00e9 qu\u00e9 caracter\u00edsticas tendr\u00e1, pero demuestra que la expropiaci\u00f3n de Vicent\u00edn no solo era justa sino tambi\u00e9n necesaria&#8221;.<\/p>\n\n\n\n<p>&#8220;Adem\u00e1s, una parte de Vicent\u00edn la van a comprar los fondos buitres a trav\u00e9s de la firma Glencore, situaci\u00f3n que demuestra que el gobierno perdi\u00f3 la iniciativa pol\u00edtica y lamentablemente con Vicent\u00edn retrocedimos varios pasos&#8221;. <\/p>\n\n\n\n<p>&#8220;Todo lo cual hace necesario el reagrupamiento del campo popular para comenzar la reconfiguraci\u00f3n de un nuevo proyecto pol\u00edtico con caracter\u00edsticas nacionales, pero tambi\u00e9n de independencia econ\u00f3mica y soberan\u00eda de nuestros bienes comunes. No se puede hacer pol\u00edtica desde el peronismo con tibieza. O est\u00e1s del lado de los que menos tienen o de los que m\u00e1s tienen, no hay medias tintas. Por eso creo que este gobierno nacional est\u00e1 haciendo agua por todos lados&#8221;, concluy\u00f3.<\/p>\n\n\n\n<p>Para escuchar la entrevista completa utilizar el reproductor.<\/p>\n\n\n\n<figure class=\"wp-block-audio\"><audio controls src=\"https:\/\/atecordoba.org\/wp-content\/uploads\/2022\/02\/bastia-11-1.mp3\"><\/audio><\/figure>\n","protected":false},"excerpt":{"rendered":"<p>En una entrevista concedida a la AM 980 Radio LU37 de General Pico, provincia de La Pampa, que conduce el periodista Alberto Bast\u00eda, el secretario General de ATE C\u00f3rdoba, Federico Giuliani, repas\u00f3 la actualidad que que atraviesa transversalmente la Argentina y dio lagunas definiciones precisas sobre su mirada en rechazo al acuerdo con el FMI, [&hellip;]<\/p>\n","protected":false},"author":7,"featured_media":30408,"comment_status":"open","ping_status":"open","sticky":false,"template":"","format":"standard","meta":{"_exactmetrics_skip_tracking":false,"_exactmetrics_sitenote_active":false,"_exactmetrics_sitenote_note":"","_exactmetrics_sitenote_category":0,"jnews-multi-image_gallery":[],"jnews_single_post":{"subtitle":"El secretario General de ATE C\u00f3rdoba analiz\u00f3 el panorama pol\u00edtico, dando un repaso a temas como la fallida expropiaci\u00f3n de Vicent\u00edn, el rol del Estado, el rechazo al acuerdo con el FMI y el modelo productivo. ","format":"standard","video":"","gallery":"","source_name":"","source_url":"","via_name":"","via_url":"","override":[{"template":"1","single_blog_custom":"","parallax":"1","fullscreen":"1","layout":"right-sidebar","sidebar":"default-sidebar","second_sidebar":"default-sidebar","sticky_sidebar":"1","share_position":"top","share_float_style":"share-monocrhome","show_share_counter":"1","show_view_counter":"1","show_featured":"1","show_post_meta":"1","show_post_author":"1","show_post_author_image":"1","show_post_date":"1","post_date_format":"default","post_date_format_custom":"Y\/m\/d","show_post_category":"1","post_reading_time_wpm":"300","zoom_button_out_step":"2","zoom_button_in_step":"3","show_post_tag":"1","show_prev_next_post":"1","show_popup_post":"1","number_popup_post":"1"}],"image_override":[{"single_post_thumbnail_size":"crop-500","single_post_gallery_size":"crop-500"}],"trending_post_position":"meta","trending_post_label":"Trending","sponsored_post_label":"Sponsored by","sponsored_post_name":"","sponsored_post_url":"","sponsored_post_logo":"","sponsored_post_desc":""},"jnews_primary_category":{"id":""},"jnews_social_meta":[],"jnews_review":[],"enable_review":"","type":"","name":"","summary":"","brand":"","sku":"","good":[],"bad":[],"score_override":"","override_value":"","rating":[],"price":[],"jnews_override_counter":[],"jnews_post_split":[],"footnotes":""},"categories":[10],"tags":[1027,759],"class_list":["post-30407","post","type-post","status-publish","format-standard","has-post-thumbnail","hentry","category-accion-politica","tag-entrevista","tag-federico-giuliani"],"jetpack_featured_media_url":"https:\/\/atecordoba.org\/wp-content\/uploads\/2022\/02\/federico-3-e1645732309856.jpeg","_links":{"self":[{"href":"https:\/\/atecordoba.org\/index.php?rest_route=\/wp\/v2\/posts\/30407","targetHints":{"allow":["GET"]}}],"collection":[{"href":"https:\/\/atecordoba.org\/index.php?rest_route=\/wp\/v2\/posts"}],"about":[{"href":"https:\/\/atecordoba.org\/index.php?rest_route=\/wp\/v2\/types\/post"}],"author":[{"embeddable":true,"href":"https:\/\/atecordoba.org\/index.php?rest_route=\/wp\/v2\/users\/7"}],"replies":[{"embeddable":true,"href":"https:\/\/atecordoba.org\/index.php?rest_route=%2Fwp%2Fv2%2Fcomments&post=30407"}],"version-history":[{"count":1,"href":"https:\/\/atecordoba.org\/index.php?rest_route=\/wp\/v2\/posts\/30407\/revisions"}],"predecessor-version":[{"id":30411,"href":"https:\/\/atecordoba.org\/index.php?rest_route=\/wp\/v2\/posts\/30407\/revisions\/30411"}],"wp:featuredmedia":[{"embeddable":true,"href":"https:\/\/atecordoba.org\/index.php?rest_route=\/wp\/v2\/media\/30408"}],"wp:attachment":[{"href":"https:\/\/atecordoba.org\/index.php?rest_route=%2Fwp%2Fv2%2Fmedia&parent=30407"}],"wp:term":[{"taxonomy":"category","embeddable":true,"href":"https:\/\/atecordoba.org\/index.php?rest_route=%2Fwp%2Fv2%2Fcategories&post=30407"},{"taxonomy":"post_tag","embeddable":true,"href":"https:\/\/atecordoba.org\/index.php?rest_route=%2Fwp%2Fv2%2Ftags&post=30407"}],"curies":[{"name":"wp","href":"https:\/\/api.w.org\/{rel}","templated":true}]}}