{"id":30395,"date":"2022-02-24T13:30:48","date_gmt":"2022-02-24T16:30:48","guid":{"rendered":"https:\/\/atecordoba.org\/?p=30395"},"modified":"2022-02-24T14:04:08","modified_gmt":"2022-02-24T17:04:08","slug":"avance-de-el-dialogo-con-las-autoridades-de-la-escuela-de-suboficiales-de-gendarmeria-nacional","status":"publish","type":"post","link":"https:\/\/atecordoba.org\/?p=30395","title":{"rendered":"Avance en el di\u00e1logo con las autoridades de la  Escuela de Suboficiales de Gendarmer\u00eda Nacional"},"content":{"rendered":"\n<div class=\"wp-block-image\"><figure class=\"aligncenter size-large is-resized\"><img loading=\"lazy\" decoding=\"async\" src=\"https:\/\/atecordoba.org\/wp-content\/uploads\/2022\/02\/IMG-20220224-WA0018-1024x768.jpg\" alt=\"\" class=\"wp-image-30396\" width=\"768\" height=\"576\" \/><\/figure><\/div>\n\n\n\n<p>Ayer se reunieron en la Escuela de Suboficiales de Gendarmer\u00eda Nacional, ubicada en la localidad de Jes\u00fas Mar\u00eda, en el marco del funcionamiento de la mesa de relaciones laborales de la instituci\u00f3n, el cuerpo de delegados de ATE con las autoridades, encabezadas por el director Educativo comandante Julio Villalba, Jefe de Divisi\u00f3n Estudio comandante Walter Walkosz y el comandante Guti\u00e9rrez Miguel.<\/p>\n\n\n\n<p>En la oportunidad se abord\u00f3 la modalidad c\u00f3mo se desarrollar\u00e1n las clases en 2022, inform\u00e1ndose que el dictado -en principio- ser\u00e1 en forma bimodal (virtual y presencial), con los horarios tomados en base a lo establecido en 2019. No obstante, ma\u00f1ana 25 de febrero se enviar\u00e1 pro mail a cada docente el horario concreto, teniendo en cuenta que la demora en la definici\u00f3n de este tema est\u00e1 originada en la organizaci\u00f3n de los mismos y disponibilidad de aulas. Las autoridades remarcaron que no habr\u00e1 cambios bruscos y que en caso de tener novedades hacerlas llegar de manera correspondiente.<\/p>\n\n\n\n<p>La agenda de temas abordados prosigui\u00f3 de la siguiente manera, conforme lo detallado por nuestra representaci\u00f3n sindical:<\/p>\n\n\n\n<p><strong>Ingresos<\/strong>: ya que hubo decisiones pol\u00edticas para nuevos ingresos de personal sin concursar, se solicit\u00f3 una vez m\u00e1s que a los interinos que llevan m\u00e1s de 5 a\u00f1os trabajando de forma continua en la instituci\u00f3n sean tenidos en cuenta para el pase a planta permanente, como as\u00ed tambi\u00e9n se permita cambiar de categor\u00eda a los profesores que han obtenido titulaci\u00f3n.<\/p>\n\n\n\n<p><strong>Antig\u00fcedad<\/strong>: agilizar el tr\u00e1mite y no tener que esperar 4 o 5 meses para empezar a percibir el nuevo porcentaje, para evitar que cuando se perciba retroactivamente el aumento sea absorbido por el impuesto a las ganancias.<\/p>\n\n\n\n<p><strong>Aumentos:<\/strong> Tambi\u00e9n agilizar cuando tengamos alg\u00fan aumento por la paritaria. Ver la forma de utilizar planilla complementaria o alg\u00fan otro m\u00e9todo.<\/p>\n\n\n\n<p><strong>Tabulados:<\/strong> Que se gestione la incorporaci\u00f3n de la fecha de ingreso en los tabulados.<\/p>\n\n\n\n<p><strong>Mejoras edilicias:<\/strong> la instituci\u00f3n est\u00e1 muy venida abajo, especialmente los ba\u00f1os, por lo que se sugiri\u00f3 reasignaci\u00f3n de partida presupuestaria (2020\/2021).<\/p>\n\n\n\n<p><strong>Personal:<\/strong> Relevamiento de personal civil o agente civil (no docente) desde 2012 a la actualidad.<\/p>\n\n\n\n<p><strong>Informe Coneau<\/strong>: Fortalezas y debilidades.<\/p>\n\n\n\n<p><strong>Formaci\u00f3n<\/strong>: Taller de escritura.<\/p>\n\n\n\n<p><strong>Instructoras<\/strong>: reasignaci\u00f3n de tareas y horarios.<\/p>\n\n\n\n<p><strong>Administraci\u00f3n:<\/strong> Sistema SAVES que contin\u00fae ya que es de gran utilidad para los docentes. Valorar que es un sistema realizado a medida de la Instituci\u00f3n.<\/p>\n\n\n\n<p><strong>Herramientas tecnol\u00f3gicas:<\/strong> que se garantice la conectividad en las aulas.<\/p>\n\n\n\n<p><strong>Casos particulares: <\/strong>Se solicit\u00f3 revisar el pedido de licencia por estudio de una compa\u00f1era.<\/p>\n\n\n\n<p><strong>Seguridad:<\/strong> Retomamos el reclamo por los d\u00e9bitos en nuestras cuentas y la filtraci\u00f3n de datos.<\/p>\n\n\n\n<p><strong>Novedades<\/strong>: &nbsp;terreno que hace varios a\u00f1os hab\u00edan asignado a docentes&#8230;&#8230;calle Miguel Ju\u00e1rez (pegado a los Bomberos).<\/p>\n\n\n\n<p><strong>Acci\u00f3n sindical:<\/strong> Se solicit\u00f3 un espacio para llevar a cabo actividad gremial.<\/p>\n","protected":false},"excerpt":{"rendered":"<p>Ayer se reunieron en la Escuela de Suboficiales de Gendarmer\u00eda Nacional, ubicada en la localidad de Jes\u00fas Mar\u00eda, en el marco del funcionamiento de la mesa de relaciones laborales de la instituci\u00f3n, el cuerpo de delegados de ATE con las autoridades, encabezadas por el director Educativo comandante Julio Villalba, Jefe de Divisi\u00f3n Estudio comandante Walter [&hellip;]<\/p>\n","protected":false},"author":7,"featured_media":30396,"comment_status":"open","ping_status":"open","sticky":false,"template":"","format":"standard","meta":{"_exactmetrics_skip_tracking":false,"_exactmetrics_sitenote_active":false,"_exactmetrics_sitenote_note":"","_exactmetrics_sitenote_category":0,"jnews-multi-image_gallery":[],"jnews_single_post":{"subtitle":"La amplia agenda de temas tratados se encabez\u00f3 con el abordaje de la modalidad del dictado de clase en 2022.","format":"standard","video":"","gallery":"","source_name":"","source_url":"","via_name":"","via_url":"","override":[{"template":"1","single_blog_custom":"","parallax":"1","fullscreen":"1","layout":"right-sidebar","sidebar":"default-sidebar","second_sidebar":"default-sidebar","sticky_sidebar":"1","share_position":"top","share_float_style":"share-monocrhome","show_share_counter":"1","show_view_counter":"1","show_featured":"1","show_post_meta":"1","show_post_author":"1","show_post_author_image":"1","show_post_date":"1","post_date_format":"default","post_date_format_custom":"Y\/m\/d","show_post_category":"1","post_reading_time_wpm":"300","zoom_button_out_step":"2","zoom_button_in_step":"3","show_post_tag":"1","show_prev_next_post":"1","show_popup_post":"1","number_popup_post":"1"}],"image_override":[{"single_post_thumbnail_size":"crop-500","single_post_gallery_size":"crop-500"}],"trending_post_position":"meta","trending_post_label":"Trending","sponsored_post_label":"Sponsored by","sponsored_post_name":"","sponsored_post_url":"","sponsored_post_logo":"","sponsored_post_desc":""},"jnews_primary_category":{"id":""},"jnews_social_meta":[],"jnews_review":[],"enable_review":"","type":"","name":"","summary":"","brand":"","sku":"","good":[],"bad":[],"score_override":"","override_value":"","rating":[],"price":[],"jnews_override_counter":[],"jnews_post_split":[],"footnotes":""},"categories":[18],"tags":[1026],"class_list":["post-30395","post","type-post","status-publish","format-standard","has-post-thumbnail","hentry","category-nacionales","tag-escuela-de-suboficiales-de-gendarmeria-nacional"],"jetpack_featured_media_url":"https:\/\/atecordoba.org\/wp-content\/uploads\/2022\/02\/IMG-20220224-WA0018-e1645720237518.jpg","_links":{"self":[{"href":"https:\/\/atecordoba.org\/index.php?rest_route=\/wp\/v2\/posts\/30395","targetHints":{"allow":["GET"]}}],"collection":[{"href":"https:\/\/atecordoba.org\/index.php?rest_route=\/wp\/v2\/posts"}],"about":[{"href":"https:\/\/atecordoba.org\/index.php?rest_route=\/wp\/v2\/types\/post"}],"author":[{"embeddable":true,"href":"https:\/\/atecordoba.org\/index.php?rest_route=\/wp\/v2\/users\/7"}],"replies":[{"embeddable":true,"href":"https:\/\/atecordoba.org\/index.php?rest_route=%2Fwp%2Fv2%2Fcomments&post=30395"}],"version-history":[{"count":2,"href":"https:\/\/atecordoba.org\/index.php?rest_route=\/wp\/v2\/posts\/30395\/revisions"}],"predecessor-version":[{"id":30398,"href":"https:\/\/atecordoba.org\/index.php?rest_route=\/wp\/v2\/posts\/30395\/revisions\/30398"}],"wp:featuredmedia":[{"embeddable":true,"href":"https:\/\/atecordoba.org\/index.php?rest_route=\/wp\/v2\/media\/30396"}],"wp:attachment":[{"href":"https:\/\/atecordoba.org\/index.php?rest_route=%2Fwp%2Fv2%2Fmedia&parent=30395"}],"wp:term":[{"taxonomy":"category","embeddable":true,"href":"https:\/\/atecordoba.org\/index.php?rest_route=%2Fwp%2Fv2%2Fcategories&post=30395"},{"taxonomy":"post_tag","embeddable":true,"href":"https:\/\/atecordoba.org\/index.php?rest_route=%2Fwp%2Fv2%2Ftags&post=30395"}],"curies":[{"name":"wp","href":"https:\/\/api.w.org\/{rel}","templated":true}]}}