{"id":30388,"date":"2022-02-24T13:10:13","date_gmt":"2022-02-24T16:10:13","guid":{"rendered":"https:\/\/atecordoba.org\/?p=30388"},"modified":"2022-02-24T13:11:57","modified_gmt":"2022-02-24T16:11:57","slug":"plenario-de-municipales-del-sur-provincial-definio-reclamar-un-aumento-del-60-para-el-2022","status":"publish","type":"post","link":"https:\/\/atecordoba.org\/?p=30388","title":{"rendered":"Plenario de Municipales del sur provincial defini\u00f3 reclamar un aumento del 60% para el 2022"},"content":{"rendered":"\n<div class=\"wp-block-image\"><figure class=\"aligncenter size-large is-resized\"><img loading=\"lazy\" decoding=\"async\" src=\"https:\/\/atecordoba.org\/wp-content\/uploads\/2022\/02\/IMG-20220223-WA0109-1024x768.jpg\" alt=\"\" class=\"wp-image-30389\" width=\"768\" height=\"576\" srcset=\"https:\/\/atecordoba.org\/wp-content\/uploads\/2022\/02\/IMG-20220223-WA0109-1024x768.jpg 1024w, https:\/\/atecordoba.org\/wp-content\/uploads\/2022\/02\/IMG-20220223-WA0109-300x225.jpg 300w, https:\/\/atecordoba.org\/wp-content\/uploads\/2022\/02\/IMG-20220223-WA0109-768x576.jpg 768w, https:\/\/atecordoba.org\/wp-content\/uploads\/2022\/02\/IMG-20220223-WA0109-1536x1152.jpg 1536w, https:\/\/atecordoba.org\/wp-content\/uploads\/2022\/02\/IMG-20220223-WA0109-750x563.jpg 750w, https:\/\/atecordoba.org\/wp-content\/uploads\/2022\/02\/IMG-20220223-WA0109-1140x855.jpg 1140w, https:\/\/atecordoba.org\/wp-content\/uploads\/2022\/02\/IMG-20220223-WA0109.jpg 1600w\" sizes=\"auto, (max-width: 768px) 100vw, 768px\" \/><\/figure><\/div>\n\n\n\n<p>En un importante plenario de trabajadores y trabajadoras municipales llevado adelante ayer en la seccional de ATE R\u00edo Cuarto, se resolvi\u00f3 unificar el reclamo en todos los municipios con \u00e1mbito de actuaci\u00f3n de la seccional del 60%, en l\u00ednea a lo que nuestro gremio viene planteando en toda la provincia, frente a la escalada descontrolada de precios de los productos b\u00e1sicos de la canasta familiar, los alquileres y frente al posible tarifazo que se anuncia en todo el pa\u00eds. <\/p>\n\n\n\n<p>La secretaria General de ATE R\u00edo Cuarto, Rafaela Alcoba, explic\u00f3 los alcances de las definiciones que arrib\u00f3 el c\u00f3nclave del sector, se\u00f1alando que &#8220;se hizo un balance de las paritarias 2021 para proyectar la discusi\u00f3n en este a\u00f1o, no solo en materia salarial sino ampliando la agenda&#8221;.<\/p>\n\n\n\n<p>&#8220;Pero en materia salarial se resolvi\u00f3 pedir un incremento general del 60%, achicar el t\u00e9rmino de cuotas que la patronal viene utilizando como estrategia de ofrecimiento con excesiva cantidad de cuotas&#8221;, reafirm\u00f3 la dirigente.<\/p>\n\n\n\n<p>Tambi\u00e9n se abord\u00f3 que se d\u00e9 relevancia a la agenda postergada en el \u00e1mbito municipal, que hoy lleva a ser el sector m\u00e1s empobrecido en la \u00f3rbita estatal.<\/p>\n\n\n\n<figure class=\"wp-block-gallery columns-3 is-cropped wp-block-gallery-1 is-layout-flex wp-block-gallery-is-layout-flex\"><ul class=\"blocks-gallery-grid\"><li class=\"blocks-gallery-item\"><figure><a href=\"https:\/\/atecordoba.org\/wp-content\/uploads\/2022\/02\/IMG-20220223-WA0047-768x1024.jpg\"><img loading=\"lazy\" decoding=\"async\" width=\"768\" height=\"1024\" src=\"https:\/\/atecordoba.org\/wp-content\/uploads\/2022\/02\/IMG-20220223-WA0047-768x1024.jpg\" alt=\"\" data-id=\"30391\" data-link=\"https:\/\/atecordoba.org\/?attachment_id=30391\" class=\"wp-image-30391\" srcset=\"https:\/\/atecordoba.org\/wp-content\/uploads\/2022\/02\/IMG-20220223-WA0047-768x1024.jpg 768w, https:\/\/atecordoba.org\/wp-content\/uploads\/2022\/02\/IMG-20220223-WA0047-225x300.jpg 225w, https:\/\/atecordoba.org\/wp-content\/uploads\/2022\/02\/IMG-20220223-WA0047-1152x1536.jpg 1152w, https:\/\/atecordoba.org\/wp-content\/uploads\/2022\/02\/IMG-20220223-WA0047-750x1000.jpg 750w, https:\/\/atecordoba.org\/wp-content\/uploads\/2022\/02\/IMG-20220223-WA0047-1140x1520.jpg 1140w, https:\/\/atecordoba.org\/wp-content\/uploads\/2022\/02\/IMG-20220223-WA0047.jpg 1200w\" sizes=\"auto, (max-width: 768px) 100vw, 768px\" \/><\/a><\/figure><\/li><li class=\"blocks-gallery-item\"><figure><a href=\"https:\/\/atecordoba.org\/wp-content\/uploads\/2022\/02\/IMG-20220223-WA0104-1024x768.jpg\"><img loading=\"lazy\" decoding=\"async\" width=\"1024\" height=\"768\" src=\"https:\/\/atecordoba.org\/wp-content\/uploads\/2022\/02\/IMG-20220223-WA0104-1024x768.jpg\" alt=\"\" data-id=\"30392\" data-link=\"https:\/\/atecordoba.org\/?attachment_id=30392\" class=\"wp-image-30392\" \/><\/a><\/figure><\/li><li class=\"blocks-gallery-item\"><figure><a href=\"https:\/\/atecordoba.org\/wp-content\/uploads\/2022\/02\/IMG-20220223-WA0107.jpg\"><img loading=\"lazy\" decoding=\"async\" width=\"1024\" height=\"768\" src=\"https:\/\/atecordoba.org\/wp-content\/uploads\/2022\/02\/IMG-20220223-WA0107-1024x768.jpg\" alt=\"\" data-id=\"30393\" data-full-url=\"https:\/\/atecordoba.org\/wp-content\/uploads\/2022\/02\/IMG-20220223-WA0107.jpg\" data-link=\"https:\/\/atecordoba.org\/?attachment_id=30393\" class=\"wp-image-30393\" srcset=\"https:\/\/atecordoba.org\/wp-content\/uploads\/2022\/02\/IMG-20220223-WA0107-1024x768.jpg 1024w, https:\/\/atecordoba.org\/wp-content\/uploads\/2022\/02\/IMG-20220223-WA0107-300x225.jpg 300w, https:\/\/atecordoba.org\/wp-content\/uploads\/2022\/02\/IMG-20220223-WA0107-768x576.jpg 768w, https:\/\/atecordoba.org\/wp-content\/uploads\/2022\/02\/IMG-20220223-WA0107-1536x1152.jpg 1536w, https:\/\/atecordoba.org\/wp-content\/uploads\/2022\/02\/IMG-20220223-WA0107-750x563.jpg 750w, https:\/\/atecordoba.org\/wp-content\/uploads\/2022\/02\/IMG-20220223-WA0107-1140x855.jpg 1140w, https:\/\/atecordoba.org\/wp-content\/uploads\/2022\/02\/IMG-20220223-WA0107.jpg 1600w\" sizes=\"auto, (max-width: 1024px) 100vw, 1024px\" \/><\/a><\/figure><\/li><\/ul><\/figure>\n\n\n\n<p>&#8220;En ese marco, nos encontramos con un debate muy rico, con propuestas de los y las delegadas muy coherentes para accionar y agilizar tiempos, que es lo que nos marcan los ritmos y acelerar o no la discusi\u00f3n con las patronales&#8221;, explic\u00f3 Alcoba.<\/p>\n\n\n\n<p><strong>M\u00e1s temas<\/strong><\/p>\n\n\n\n<p>Tambi\u00e9n se defini\u00f3 la necesidad de comenzar a discutir sobre los estatutos municipales, &#8220;que est\u00e1n vetustos y que, m\u00e1s all\u00e1 que ATE plantea crear los convenios colectivos de trabajo, son los instrumentos que hoy se est\u00e1n utilizando para aplicar derechos y obligaciones y para ello tenemos que tener un espacio de discusi\u00f3n abierto de manera constante&#8221;, dijo la secretaria General.<\/p>\n\n\n\n<p>Asimismo, se puntualiz\u00f3 la necesidad de discutir y construir el paro del 8M. &#8220;Por qu\u00e9 hacemos una huelga, por qu\u00e9 exigimos desde el movimiento de mujeres y diversidades y llevamos adelante la consigna \u201csi nuestra vida no vale produzcan sin nosotras\u201d, para que empiece a cambiar la conciencia en los \u00e1mbitos laborales y comencemos a tomar como agenda y como herramienta indispensable el Convenio N\u00b0190 de la OIT, para el cese del acoso y la violencia en el mundo del trabajo&#8221;, ejemplific\u00f3 Alcoba.<\/p>\n\n\n\n<p>&#8220;Discutimos tambi\u00e9n la necesidad de regularizar la representaci\u00f3n sindical en aquellos municipios donde se hay hecho las elecciones de delegados. Si bien son pocos donde no se han realizado, hay que llevarlos a cabo antes del mes de abril, cuando se vencen los mandatos&#8221;.<\/p>\n\n\n\n<p>&#8220;Y culminamos definiendo la necesidad de seguir discutiendo c\u00f3mo continuar form\u00e1ndonos como trabajadores y trabajadoras, ya no solo como dirigentes sino como miembros de la familia municipal en materia de salud laboral, porque es lo que nos va a permitir identificar en qu\u00e9 condiciones estamos trabajando. Y como eje, denunciar la alta precarizaci\u00f3n laboral que cada vez se acrecienta m\u00e1s en los estados municipales&#8221;, finaliz\u00f3.<\/p>\n","protected":false},"excerpt":{"rendered":"<p>En un importante plenario de trabajadores y trabajadoras municipales llevado adelante ayer en la seccional de ATE R\u00edo Cuarto, se resolvi\u00f3 unificar el reclamo en todos los municipios con \u00e1mbito de actuaci\u00f3n de la seccional del 60%, en l\u00ednea a lo que nuestro gremio viene planteando en toda la provincia, frente a la escalada descontrolada [&hellip;]<\/p>\n","protected":false},"author":7,"featured_media":30392,"comment_status":"open","ping_status":"open","sticky":false,"template":"","format":"standard","meta":{"_exactmetrics_skip_tracking":false,"_exactmetrics_sitenote_active":false,"_exactmetrics_sitenote_note":"","_exactmetrics_sitenote_category":0,"jnews-multi-image_gallery":[],"jnews_single_post":{"subtitle":"Tambi\u00e9n se abord\u00f3 el paro del 8 de Marzo. \"Por qu\u00e9 hacemos una huelga, por qu\u00e9 exigimos desde el movimiento de mujeres y diversidades y llevamos adelante la consigna \u201csi nuestra vida no vale produzcan sin nosotras\u201d, para que empiece a cambiar la conciencia en los \u00e1mbitos laborales y comencemos a tomar como agenda y como herramienta indispensable el Convenio N\u00b0190 de la OIT\", lanz\u00f3 la secretaria General Rafaela Alcoba.","format":"standard","video":"","gallery":"","source_name":"","source_url":"","via_name":"","via_url":"","override":[{"template":"1","single_blog_custom":"","parallax":"1","fullscreen":"1","layout":"right-sidebar","sidebar":"default-sidebar","second_sidebar":"default-sidebar","sticky_sidebar":"1","share_position":"top","share_float_style":"share-monocrhome","show_share_counter":"1","show_view_counter":"1","show_featured":"1","show_post_meta":"1","show_post_author":"1","show_post_author_image":"1","show_post_date":"1","post_date_format":"default","post_date_format_custom":"Y\/m\/d","show_post_category":"1","post_reading_time_wpm":"300","zoom_button_out_step":"2","zoom_button_in_step":"3","show_post_tag":"1","show_prev_next_post":"1","show_popup_post":"1","number_popup_post":"1"}],"image_override":[{"single_post_thumbnail_size":"crop-500","single_post_gallery_size":"crop-500"}],"trending_post_position":"meta","trending_post_label":"Trending","sponsored_post_label":"Sponsored by","sponsored_post_name":"","sponsored_post_url":"","sponsored_post_logo":"","sponsored_post_desc":""},"jnews_primary_category":{"id":""},"jnews_social_meta":[],"jnews_review":[],"enable_review":"","type":"","name":"","summary":"","brand":"","sku":"","good":[],"bad":[],"score_override":"","override_value":"","rating":[],"price":[],"jnews_override_counter":[],"jnews_post_split":[],"footnotes":""},"categories":[20,12],"tags":[671],"class_list":["post-30388","post","type-post","status-publish","format-standard","has-post-thumbnail","hentry","category-municipales","category-rio-cuarto","tag-plenario-municipales"],"jetpack_featured_media_url":"https:\/\/atecordoba.org\/wp-content\/uploads\/2022\/02\/IMG-20220223-WA0104-e1645719001622.jpg","_links":{"self":[{"href":"https:\/\/atecordoba.org\/index.php?rest_route=\/wp\/v2\/posts\/30388","targetHints":{"allow":["GET"]}}],"collection":[{"href":"https:\/\/atecordoba.org\/index.php?rest_route=\/wp\/v2\/posts"}],"about":[{"href":"https:\/\/atecordoba.org\/index.php?rest_route=\/wp\/v2\/types\/post"}],"author":[{"embeddable":true,"href":"https:\/\/atecordoba.org\/index.php?rest_route=\/wp\/v2\/users\/7"}],"replies":[{"embeddable":true,"href":"https:\/\/atecordoba.org\/index.php?rest_route=%2Fwp%2Fv2%2Fcomments&post=30388"}],"version-history":[{"count":1,"href":"https:\/\/atecordoba.org\/index.php?rest_route=\/wp\/v2\/posts\/30388\/revisions"}],"predecessor-version":[{"id":30394,"href":"https:\/\/atecordoba.org\/index.php?rest_route=\/wp\/v2\/posts\/30388\/revisions\/30394"}],"wp:featuredmedia":[{"embeddable":true,"href":"https:\/\/atecordoba.org\/index.php?rest_route=\/wp\/v2\/media\/30392"}],"wp:attachment":[{"href":"https:\/\/atecordoba.org\/index.php?rest_route=%2Fwp%2Fv2%2Fmedia&parent=30388"}],"wp:term":[{"taxonomy":"category","embeddable":true,"href":"https:\/\/atecordoba.org\/index.php?rest_route=%2Fwp%2Fv2%2Fcategories&post=30388"},{"taxonomy":"post_tag","embeddable":true,"href":"https:\/\/atecordoba.org\/index.php?rest_route=%2Fwp%2Fv2%2Ftags&post=30388"}],"curies":[{"name":"wp","href":"https:\/\/api.w.org\/{rel}","templated":true}]}}