{"id":30381,"date":"2022-02-24T11:54:57","date_gmt":"2022-02-24T14:54:57","guid":{"rendered":"https:\/\/atecordoba.org\/?p=30381"},"modified":"2022-03-07T14:50:29","modified_gmt":"2022-03-07T17:50:29","slug":"amplia-participacion-de-las-y-los-afiliados-consagraron-ayer-la-conduccion-de-la-nueva-seccional-ate-san-justo","status":"publish","type":"post","link":"https:\/\/atecordoba.org\/?p=30381","title":{"rendered":"Amplia participaci\u00f3n de las y los afiliados consagr\u00f3 ayer la conducci\u00f3n de la nueva Seccional ATE San Justo"},"content":{"rendered":"\n<div class=\"wp-block-image\"><figure class=\"aligncenter size-large is-resized\"><img loading=\"lazy\" decoding=\"async\" src=\"https:\/\/atecordoba.org\/wp-content\/uploads\/2022\/02\/IMG-20220224-WA0002-1024x576.jpg\" alt=\"\" class=\"wp-image-30383\" width=\"768\" height=\"432\" \/><\/figure><\/div>\n\n\n\n<p>Ayer nuestro sindicato vivi\u00f3 una jornada hist\u00f3rica: recuperamos de manera democr\u00e1tica, libre y directa la antigua seccional San Francisco, que ATE debi\u00f3 dar de baja cuando el menemismo clausur\u00f3 la F\u00e1brica Militar, consagrando ahora en la seccional San Justo una novel conducci\u00f3n encabezada por el municipal Dar\u00edo Paredes como Secretario General y a Florencia Lucero como Secretaria General Adjunta. <\/p>\n\n\n\n<p>Se destac\u00f3 la alta participaci\u00f3n de la jornada electoral, que alcanz\u00f3 un 59.09% del total del padr\u00f3n en las tres urnas que estuvieron disponibles para votar, dos en  la ciudad de San Francisco y otra urna volante que recorri\u00f3 las localidades del interior del departamento San Justo donde ATE cuenta con afiliados y afiliadas. <\/p>\n\n\n\n<figure class=\"wp-block-video\"><video height=\"1280\" style=\"aspect-ratio: 720 \/ 1280;\" width=\"720\" controls src=\"https:\/\/atecordoba.org\/wp-content\/uploads\/2022\/02\/VID_21160629_120904_501.mp4\"><\/video><\/figure>\n\n\n\n<p>Durante toda la jornada <a href=\"https:\/\/atecordoba.org\/?p=30321\">estuvo presente la conducci\u00f3n de ATE C\u00f3rdoba<\/a>, con la figura de nuestro secretario General Federico Giuliani y miembros del Consejo Directivo Provincial, apoyando a las y los compa\u00f1eros que asumir\u00e1n la importante responsabilidad de representar a las y los estatales en el este provincial.<\/p>\n\n\n\n<p>Al cierre de la jornada, ya en los festejos en la sede de la Seccional ATE San Justo, se destac\u00f3 la presencia del compa\u00f1ero Luis Chiappero -\u00faltimo Secretario General de ATE San Francisco y Militante de ATE desde la vuelta de la democracia- y de la compa\u00f1era Gladys Medina, referenta de ATE y parte fundamental del rearmado de ATE en la regi\u00f3n.&nbsp;<\/p>\n\n\n\n<div class=\"wp-block-image\"><figure class=\"alignleft size-large is-resized\"><img loading=\"lazy\" decoding=\"async\" src=\"https:\/\/atecordoba.org\/wp-content\/uploads\/2022\/02\/IMG-20220224-WA0003-1024x576.jpg\" alt=\"\" class=\"wp-image-30384\" width=\"512\" height=\"288\" srcset=\"https:\/\/atecordoba.org\/wp-content\/uploads\/2022\/02\/IMG-20220224-WA0003-1024x576.jpg 1024w, https:\/\/atecordoba.org\/wp-content\/uploads\/2022\/02\/IMG-20220224-WA0003-300x169.jpg 300w, https:\/\/atecordoba.org\/wp-content\/uploads\/2022\/02\/IMG-20220224-WA0003-768x432.jpg 768w, https:\/\/atecordoba.org\/wp-content\/uploads\/2022\/02\/IMG-20220224-WA0003-1536x864.jpg 1536w, https:\/\/atecordoba.org\/wp-content\/uploads\/2022\/02\/IMG-20220224-WA0003-750x422.jpg 750w, https:\/\/atecordoba.org\/wp-content\/uploads\/2022\/02\/IMG-20220224-WA0003-1140x641.jpg 1140w, https:\/\/atecordoba.org\/wp-content\/uploads\/2022\/02\/IMG-20220224-WA0003.jpg 1600w\" sizes=\"auto, (max-width: 512px) 100vw, 512px\" \/><\/figure><\/div>\n\n\n\n<p>A la hora de los discursos, Giuliani felicit\u00f3 a la nueva conducci\u00f3n por el trabajo realizado durante la etapa que fueron delegaci\u00f3n, esfuerzo que hoy se ve correspondido con el muy amplio apoyo de las y los afiliados. De la misma forma, el dirigente alent\u00f3 a la seccional a &#8220;tener la cabeza abierta a las demandas que plantean los trabajadores en la actualidad. No son las mismas que hace 30 a\u00f1os -dijo Giuliani mientras miraba a Chiappero y a Medina- cuando el trabajado ingresaba a puesto con estabilidad y salarios dignos. Hoy hay que revertir la precarizaci\u00f3n y elevar la calidad de vida de nuestros compa\u00f1eros. Porque esa situaci\u00f3n llev\u00f3 a mucho descreimiento y tenemos que salir a convencer a la gente que se acerque masivamente al sindicato&#8221;. <\/p>\n\n\n\n<p>&#8220;Porque ha ejemplos de dirigentes nefastos y gremios que no piensan como empresarios, sino que son empresarios directamente. A partir de un modelo sindical gerencial y traidor, aliado a la patronal y no a los laburantes. Para salir a convencer tenemos que estar convencidos nosotros&#8221;, agreg\u00f3 el secretario General de ATE C\u00f3rdoba.<\/p>\n\n\n\n<p>Giuliani agradeci\u00f3 a todas las autoridades de mesa y a las y los compa\u00f1eros que ayudaron a realizar la elecci\u00f3n, al tiempo que anunci\u00f3 que el Congreso Provincial de ATE C\u00f3rdoba para hacer memoria y balance se llevar\u00e1 a cabo este a\u00f1o en San Francisco. <\/p>\n\n\n\n<div class=\"wp-block-image\"><figure class=\"alignright size-large is-resized\"><img loading=\"lazy\" decoding=\"async\" src=\"https:\/\/atecordoba.org\/wp-content\/uploads\/2022\/02\/IMG-20220224-WA0009-1024x576.jpg\" alt=\"\" class=\"wp-image-30385\" width=\"512\" height=\"288\" srcset=\"https:\/\/atecordoba.org\/wp-content\/uploads\/2022\/02\/IMG-20220224-WA0009-1024x576.jpg 1024w, https:\/\/atecordoba.org\/wp-content\/uploads\/2022\/02\/IMG-20220224-WA0009-300x169.jpg 300w, https:\/\/atecordoba.org\/wp-content\/uploads\/2022\/02\/IMG-20220224-WA0009-768x432.jpg 768w, https:\/\/atecordoba.org\/wp-content\/uploads\/2022\/02\/IMG-20220224-WA0009-1536x864.jpg 1536w, https:\/\/atecordoba.org\/wp-content\/uploads\/2022\/02\/IMG-20220224-WA0009-750x422.jpg 750w, https:\/\/atecordoba.org\/wp-content\/uploads\/2022\/02\/IMG-20220224-WA0009-1140x641.jpg 1140w, https:\/\/atecordoba.org\/wp-content\/uploads\/2022\/02\/IMG-20220224-WA0009.jpg 1600w\" sizes=\"auto, (max-width: 512px) 100vw, 512px\" \/><\/figure><\/div>\n\n\n\n<p><strong>Balance de la conducci\u00f3n local<\/strong><\/p>\n\n\n\n<p>A su turno, Dar\u00edo Paredes hizo un balance de la jornada, afirmando que fue muy positiva por la alta participaci\u00f3n de las y los votantes en San Francisco, Tr\u00e1nsito, Devoto, Freyre y Colonia Marina. &#8220;Sobre todo porque no hubo ning\u00fan voto en blanco, todos fueron positivos, reafirmando su confianza hacia nuestro equipo&#8221;, evalu\u00f3 Paredes.<\/p>\n\n\n\n<p>Y destac\u00f3 la alta participaci\u00f3n de &#8220;la gente de la regi\u00f3n, que vot\u00f3 en un 87%, votaron todos. Hay que agradecer a todos los que iniciaron este camino como Gladys Medina y a toda la directiva que siempre brindaron su apoyo a esta delegaci\u00f3n para llegar a ser seccional. Desde Federico Giuliani hasta los comparemos del Ministerio de Trabajo que se acercaron como veedores&#8221;.<\/p>\n\n\n\n<p>El secretario General dijo que &#8220;fue un notable acto eleccionario y estoy muy contento, muy feliz. Esto da ganas de seguir trabajando y me tira un compromiso mucho mas fuerte&#8221;. <\/p>\n","protected":false},"excerpt":{"rendered":"<p>Ayer nuestro sindicato vivi\u00f3 una jornada hist\u00f3rica: recuperamos de manera democr\u00e1tica, libre y directa la antigua seccional San Francisco, que ATE debi\u00f3 dar de baja cuando el menemismo clausur\u00f3 la F\u00e1brica Militar, consagrando ahora en la seccional San Justo una novel conducci\u00f3n encabezada por el municipal Dar\u00edo Paredes como Secretario General y a Florencia Lucero [&hellip;]<\/p>\n","protected":false},"author":7,"featured_media":30383,"comment_status":"open","ping_status":"open","sticky":false,"template":"","format":"standard","meta":{"_exactmetrics_skip_tracking":false,"_exactmetrics_sitenote_active":false,"_exactmetrics_sitenote_note":"","_exactmetrics_sitenote_category":0,"jnews-multi-image_gallery":[],"jnews_single_post":{"subtitle":"La participaci\u00f3n alcanz\u00f3 el 59.09% del padr\u00f3n y dio un fuerte apoyo a la nueva conducci\u00f3n del Departamento. ","format":"standard","video":"","gallery":"","source_name":"","source_url":"","via_name":"","via_url":"","override":[{"template":"1","single_blog_custom":"","parallax":"1","fullscreen":"1","layout":"right-sidebar","sidebar":"default-sidebar","second_sidebar":"default-sidebar","sticky_sidebar":"1","share_position":"top","share_float_style":"share-monocrhome","show_share_counter":"1","show_view_counter":"1","show_featured":"1","show_post_meta":"1","show_post_author":"1","show_post_author_image":"1","show_post_date":"1","post_date_format":"default","post_date_format_custom":"Y\/m\/d","show_post_category":"1","post_reading_time_wpm":"300","zoom_button_out_step":"2","zoom_button_in_step":"3","show_post_tag":"1","show_prev_next_post":"1","show_popup_post":"1","number_popup_post":"1"}],"image_override":[{"single_post_thumbnail_size":"crop-500","single_post_gallery_size":"crop-500"}],"trending_post_position":"meta","trending_post_label":"Trending","sponsored_post_label":"Sponsored by","sponsored_post_name":"","sponsored_post_url":"","sponsored_post_logo":"","sponsored_post_desc":""},"jnews_primary_category":{"id":""},"jnews_social_meta":[],"jnews_review":[],"enable_review":"","type":"","name":"","summary":"","brand":"","sku":"","good":[],"bad":[],"score_override":"","override_value":"","rating":[],"price":[],"jnews_override_counter":[],"jnews_post_split":[],"footnotes":""},"categories":[148],"tags":[47,1025],"class_list":["post-30381","post","type-post","status-publish","format-standard","has-post-thumbnail","hentry","category-san-justo","tag-elecciones","tag-nueva-conduccion"],"jetpack_featured_media_url":"https:\/\/atecordoba.org\/wp-content\/uploads\/2022\/02\/IMG-20220224-WA0002-e1645714487697.jpg","_links":{"self":[{"href":"https:\/\/atecordoba.org\/index.php?rest_route=\/wp\/v2\/posts\/30381","targetHints":{"allow":["GET"]}}],"collection":[{"href":"https:\/\/atecordoba.org\/index.php?rest_route=\/wp\/v2\/posts"}],"about":[{"href":"https:\/\/atecordoba.org\/index.php?rest_route=\/wp\/v2\/types\/post"}],"author":[{"embeddable":true,"href":"https:\/\/atecordoba.org\/index.php?rest_route=\/wp\/v2\/users\/7"}],"replies":[{"embeddable":true,"href":"https:\/\/atecordoba.org\/index.php?rest_route=%2Fwp%2Fv2%2Fcomments&post=30381"}],"version-history":[{"count":3,"href":"https:\/\/atecordoba.org\/index.php?rest_route=\/wp\/v2\/posts\/30381\/revisions"}],"predecessor-version":[{"id":30492,"href":"https:\/\/atecordoba.org\/index.php?rest_route=\/wp\/v2\/posts\/30381\/revisions\/30492"}],"wp:featuredmedia":[{"embeddable":true,"href":"https:\/\/atecordoba.org\/index.php?rest_route=\/wp\/v2\/media\/30383"}],"wp:attachment":[{"href":"https:\/\/atecordoba.org\/index.php?rest_route=%2Fwp%2Fv2%2Fmedia&parent=30381"}],"wp:term":[{"taxonomy":"category","embeddable":true,"href":"https:\/\/atecordoba.org\/index.php?rest_route=%2Fwp%2Fv2%2Fcategories&post=30381"},{"taxonomy":"post_tag","embeddable":true,"href":"https:\/\/atecordoba.org\/index.php?rest_route=%2Fwp%2Fv2%2Ftags&post=30381"}],"curies":[{"name":"wp","href":"https:\/\/api.w.org\/{rel}","templated":true}]}}