{"id":30302,"date":"2022-02-23T13:45:19","date_gmt":"2022-02-23T16:45:19","guid":{"rendered":"https:\/\/atecordoba.org\/?p=30302"},"modified":"2022-02-23T14:06:04","modified_gmt":"2022-02-23T17:06:04","slug":"giuliani-firmo-un-convenio-con-la-facultad-de-ciencias-sociales-para-recibir-capacitaciones-en-la-ley-micaela","status":"publish","type":"post","link":"https:\/\/atecordoba.org\/?p=30302","title":{"rendered":"Giuliani firm\u00f3 un convenio con la Facultad de Ciencias Sociales para que ATE reciba capacitaciones en la Ley Micaela"},"content":{"rendered":"\n<div class=\"wp-block-image\"><figure class=\"aligncenter size-large is-resized\"><img loading=\"lazy\" decoding=\"async\" src=\"https:\/\/atecordoba.org\/wp-content\/uploads\/2022\/02\/20220222_133609-1024x768.jpg\" alt=\"\" class=\"wp-image-30303\" width=\"768\" height=\"576\" \/><\/figure><\/div>\n\n\n\n<p>ATE C\u00f3rdoba firm\u00f3 ayer martes un convenio con la Facultad de Ciencias Sociales (FCS) de la UNC, donde en primera instancia la casa de estudios dictar\u00e1<strong> diversos talleres de&nbsp;formaci\u00f3n y capacitaci\u00f3n en aspectos vinculados a violencias de g\u00e9nero, en el marco de lo que plantea la Ley Micaela.<\/strong><\/p>\n\n\n\n<p>El convenio apunta a contribuir de manera mutua a la transferencia, formaci\u00f3n y producci\u00f3n de conocimientos que aporten al fortalecimiento de nuestra organizaci\u00f3n sindical.\u00a0<\/p>\n\n\n\n<p>Cabe se\u00f1alar en este marco, que ya est\u00e1 vigente el Convenio N\u00b0190 de la Organizaci\u00f3n Internacional del Trabajo (OIT), jerarquizando la perspectiva de g\u00e9nero en las medidas que hacen a la prevenci\u00f3n y protecci\u00f3n de la violencia dom\u00e9stica y sobre el mundo del trabajo.<\/p>\n\n\n\n<p>En al oportunidad estuvieron presentes la decana Mar\u00eda In\u00e9s Peralta y el secretario General del Consejo Directivo Provincial, Federico Giuliani, acompa\u00f1ado por el secretario de Formaci\u00f3n, C\u00e9sar Theaux.<\/p>\n\n\n\n<p>Para el desarrollo de las actividades conjuntas se\u00a0conformar\u00e1 una unidad de coordinaci\u00f3n que estar\u00e1 a cargo de la Secretaria de Extensi\u00f3n de la FCS,\u00a0las\u00a0secretar\u00edas de Comunicaci\u00f3n, de Formaci\u00f3n y el Departamento de G\u00e9neros y Diversidades del CDP.<\/p>\n\n\n\n<p><\/p>\n\n\n\n<figure class=\"wp-block-gallery columns-2 is-cropped wp-block-gallery-1 is-layout-flex wp-block-gallery-is-layout-flex\"><ul class=\"blocks-gallery-grid\"><li class=\"blocks-gallery-item\"><figure><a href=\"https:\/\/atecordoba.org\/wp-content\/uploads\/2022\/02\/IMG-20220223-WA0091-576x1024.jpg\"><img loading=\"lazy\" decoding=\"async\" width=\"576\" height=\"1024\" src=\"https:\/\/atecordoba.org\/wp-content\/uploads\/2022\/02\/IMG-20220223-WA0091-576x1024.jpg\" alt=\"\" data-id=\"30306\" data-link=\"https:\/\/atecordoba.org\/?attachment_id=30306\" class=\"wp-image-30306\" srcset=\"https:\/\/atecordoba.org\/wp-content\/uploads\/2022\/02\/IMG-20220223-WA0091-576x1024.jpg 576w, https:\/\/atecordoba.org\/wp-content\/uploads\/2022\/02\/IMG-20220223-WA0091-169x300.jpg 169w, https:\/\/atecordoba.org\/wp-content\/uploads\/2022\/02\/IMG-20220223-WA0091-768x1365.jpg 768w, https:\/\/atecordoba.org\/wp-content\/uploads\/2022\/02\/IMG-20220223-WA0091-864x1536.jpg 864w, https:\/\/atecordoba.org\/wp-content\/uploads\/2022\/02\/IMG-20220223-WA0091-750x1333.jpg 750w, https:\/\/atecordoba.org\/wp-content\/uploads\/2022\/02\/IMG-20220223-WA0091.jpg 900w\" sizes=\"auto, (max-width: 576px) 100vw, 576px\" \/><\/a><\/figure><\/li><li class=\"blocks-gallery-item\"><figure><a href=\"https:\/\/atecordoba.org\/wp-content\/uploads\/2022\/02\/IMG-20220222-WA0127-1.jpg\"><img loading=\"lazy\" decoding=\"async\" width=\"1024\" height=\"768\" src=\"https:\/\/atecordoba.org\/wp-content\/uploads\/2022\/02\/IMG-20220222-WA0127-1.jpg\" alt=\"\" data-id=\"30310\" data-link=\"https:\/\/atecordoba.org\/?attachment_id=30310\" class=\"wp-image-30310\" srcset=\"https:\/\/atecordoba.org\/wp-content\/uploads\/2022\/02\/IMG-20220222-WA0127-1.jpg 1024w, https:\/\/atecordoba.org\/wp-content\/uploads\/2022\/02\/IMG-20220222-WA0127-1-300x225.jpg 300w, https:\/\/atecordoba.org\/wp-content\/uploads\/2022\/02\/IMG-20220222-WA0127-1-768x576.jpg 768w, https:\/\/atecordoba.org\/wp-content\/uploads\/2022\/02\/IMG-20220222-WA0127-1-750x563.jpg 750w\" sizes=\"auto, (max-width: 1024px) 100vw, 1024px\" \/><\/a><\/figure><\/li><li class=\"blocks-gallery-item\"><figure><a href=\"https:\/\/atecordoba.org\/wp-content\/uploads\/2022\/02\/IMG-20220223-WA0094.jpg\"><img loading=\"lazy\" decoding=\"async\" width=\"1024\" height=\"1024\" src=\"https:\/\/atecordoba.org\/wp-content\/uploads\/2022\/02\/IMG-20220223-WA0094-1024x1024.jpg\" alt=\"\" data-id=\"30313\" data-full-url=\"https:\/\/atecordoba.org\/wp-content\/uploads\/2022\/02\/IMG-20220223-WA0094.jpg\" data-link=\"https:\/\/atecordoba.org\/?attachment_id=30313\" class=\"wp-image-30313\" srcset=\"https:\/\/atecordoba.org\/wp-content\/uploads\/2022\/02\/IMG-20220223-WA0094-1024x1024.jpg 1024w, https:\/\/atecordoba.org\/wp-content\/uploads\/2022\/02\/IMG-20220223-WA0094-300x300.jpg 300w, https:\/\/atecordoba.org\/wp-content\/uploads\/2022\/02\/IMG-20220223-WA0094-150x150.jpg 150w, https:\/\/atecordoba.org\/wp-content\/uploads\/2022\/02\/IMG-20220223-WA0094-768x768.jpg 768w, https:\/\/atecordoba.org\/wp-content\/uploads\/2022\/02\/IMG-20220223-WA0094-560x560.jpg 560w, https:\/\/atecordoba.org\/wp-content\/uploads\/2022\/02\/IMG-20220223-WA0094-75x75.jpg 75w, https:\/\/atecordoba.org\/wp-content\/uploads\/2022\/02\/IMG-20220223-WA0094-350x350.jpg 350w, https:\/\/atecordoba.org\/wp-content\/uploads\/2022\/02\/IMG-20220223-WA0094-750x750.jpg 750w, https:\/\/atecordoba.org\/wp-content\/uploads\/2022\/02\/IMG-20220223-WA0094.jpg 1080w\" sizes=\"auto, (max-width: 1024px) 100vw, 1024px\" \/><\/a><\/figure><\/li><\/ul><\/figure>\n","protected":false},"excerpt":{"rendered":"<p>ATE C\u00f3rdoba firm\u00f3 ayer martes un convenio con la Facultad de Ciencias Sociales (FCS) de la UNC, donde en primera instancia la casa de estudios dictar\u00e1 diversos talleres de&nbsp;formaci\u00f3n y capacitaci\u00f3n en aspectos vinculados a violencias de g\u00e9nero, en el marco de lo que plantea la Ley Micaela. El convenio apunta a contribuir de manera [&hellip;]<\/p>\n","protected":false},"author":7,"featured_media":30303,"comment_status":"open","ping_status":"open","sticky":false,"template":"","format":"standard","meta":{"_exactmetrics_skip_tracking":false,"_exactmetrics_sitenote_active":false,"_exactmetrics_sitenote_note":"","_exactmetrics_sitenote_category":0,"jnews-multi-image_gallery":[],"jnews_single_post":{"subtitle":"El convenio apunta a contribuir de manera mutua a la transferencia, formaci\u00f3n y producci\u00f3n de conocimientos que aporten al fortalecimiento de nuestra organizaci\u00f3n sindical. ","format":"standard","video":"","gallery":"","source_name":"","source_url":"","via_name":"","via_url":"","override":[{"template":"1","single_blog_custom":"","parallax":"1","fullscreen":"1","layout":"right-sidebar","sidebar":"default-sidebar","second_sidebar":"default-sidebar","sticky_sidebar":"1","share_position":"top","share_float_style":"share-monocrhome","show_share_counter":"1","show_view_counter":"1","show_featured":"1","show_post_meta":"1","show_post_author":"1","show_post_author_image":"1","show_post_date":"1","post_date_format":"default","post_date_format_custom":"Y\/m\/d","show_post_category":"1","post_reading_time_wpm":"300","zoom_button_out_step":"2","zoom_button_in_step":"3","show_post_tag":"1","show_prev_next_post":"1","show_popup_post":"1","number_popup_post":"1"}],"image_override":[{"single_post_thumbnail_size":"crop-500","single_post_gallery_size":"crop-500"}],"trending_post_position":"meta","trending_post_label":"Trending","sponsored_post_label":"Sponsored by","sponsored_post_name":"","sponsored_post_url":"","sponsored_post_logo":"","sponsored_post_desc":""},"jnews_primary_category":{"id":""},"jnews_social_meta":[],"jnews_review":[],"enable_review":"","type":"","name":"","summary":"","brand":"","sku":"","good":[],"bad":[],"score_override":"","override_value":"","rating":[],"price":[],"jnews_override_counter":[],"jnews_post_split":[],"footnotes":""},"categories":[325],"tags":[1024],"class_list":["post-30302","post","type-post","status-publish","format-standard","has-post-thumbnail","hentry","category-generos-y-diversidades","tag-convenio-con-fcs-unc"],"jetpack_featured_media_url":"https:\/\/atecordoba.org\/wp-content\/uploads\/2022\/02\/20220222_133609-scaled-e1645634709774.jpg","_links":{"self":[{"href":"https:\/\/atecordoba.org\/index.php?rest_route=\/wp\/v2\/posts\/30302","targetHints":{"allow":["GET"]}}],"collection":[{"href":"https:\/\/atecordoba.org\/index.php?rest_route=\/wp\/v2\/posts"}],"about":[{"href":"https:\/\/atecordoba.org\/index.php?rest_route=\/wp\/v2\/types\/post"}],"author":[{"embeddable":true,"href":"https:\/\/atecordoba.org\/index.php?rest_route=\/wp\/v2\/users\/7"}],"replies":[{"embeddable":true,"href":"https:\/\/atecordoba.org\/index.php?rest_route=%2Fwp%2Fv2%2Fcomments&post=30302"}],"version-history":[{"count":5,"href":"https:\/\/atecordoba.org\/index.php?rest_route=\/wp\/v2\/posts\/30302\/revisions"}],"predecessor-version":[{"id":30314,"href":"https:\/\/atecordoba.org\/index.php?rest_route=\/wp\/v2\/posts\/30302\/revisions\/30314"}],"wp:featuredmedia":[{"embeddable":true,"href":"https:\/\/atecordoba.org\/index.php?rest_route=\/wp\/v2\/media\/30303"}],"wp:attachment":[{"href":"https:\/\/atecordoba.org\/index.php?rest_route=%2Fwp%2Fv2%2Fmedia&parent=30302"}],"wp:term":[{"taxonomy":"category","embeddable":true,"href":"https:\/\/atecordoba.org\/index.php?rest_route=%2Fwp%2Fv2%2Fcategories&post=30302"},{"taxonomy":"post_tag","embeddable":true,"href":"https:\/\/atecordoba.org\/index.php?rest_route=%2Fwp%2Fv2%2Ftags&post=30302"}],"curies":[{"name":"wp","href":"https:\/\/api.w.org\/{rel}","templated":true}]}}