{"id":30278,"date":"2022-02-22T15:51:29","date_gmt":"2022-02-22T18:51:29","guid":{"rendered":"https:\/\/atecordoba.org\/?p=30278"},"modified":"2022-02-23T11:58:26","modified_gmt":"2022-02-23T14:58:26","slug":"ate-definio-profundizar-el-plan-de-lucha-con-concentracion-y-radio-abierta-en-polo-sanitario-el-jueves-3","status":"publish","type":"post","link":"https:\/\/atecordoba.org\/?p=30278","title":{"rendered":"ATE defini\u00f3 profundizar el Plan de Lucha con concentraci\u00f3n y radio abierta en polo sanitario el jueves 3"},"content":{"rendered":"\n<div class=\"wp-block-image\"><figure class=\"aligncenter size-large is-resized\"><img loading=\"lazy\" decoding=\"async\" src=\"https:\/\/atecordoba.org\/wp-content\/uploads\/2022\/02\/20220222_105612-1024x577.jpg\" alt=\"\" class=\"wp-image-30279\" width=\"768\" height=\"433\" \/><\/figure><\/div>\n\n\n\n<p>Con el reclamo concreto de una pauta salarial para el 2022 del 60% para el sector salud, a pagar en una sola cuota, y un salario de base que parte de los 76 mil pesos que pone el INDEC como l\u00edmite para no caer en la pobreza, frente a b\u00e1sicos actuales que paga el gobierno provincial de 35 mil pesos en promedio, un importante plenario de trabajadores y trabajadoras de la salud provincial resolvi\u00f3 hoy, en sede de ATE C\u00f3rdoba, realizar una jornada de protesta el pr\u00f3ximo jueves 3 de marzo, para trasladar el malestar del sector al gobierno frente a la falta de respuestas a los reclamos por la paritaria.<\/p>\n\n\n\n<p>La cita ser\u00e1 en el Polo Sanitario con la realizaci\u00f3n de actividades de intervenci\u00f3n callejera y una radio abierta a partir de las 10 horas, en tanto qued\u00f3 resuelto realizar un pr\u00f3ximo plenario conjunto con el resto de los sectores provinciales con representaci\u00f3n en ATE.<\/p>\n\n\n\n<p>&#8220;Hay que construir relaci\u00f3n de fuerza para imponer una pauta del 60% en una vez y un piso salarial de 76 mil pesos que es el l\u00edmite del INDEC para no caer en la l\u00ednea de la pobreza&#8221;, lanz\u00f3 el secretario General del Consejo Directivo Provincial, Federico Giuliani, a las y los compa\u00f1eros presentes.<\/p>\n\n\n\n<p>El dirigente presidi\u00f3 la mesa del plenario junto al secretario General Adjunto, Hugo Duran, y el referente de ATE en Traslasierra, Jorge &#8216;Pajaro&#8217; Galaburri.<\/p>\n\n\n\n<p>En tanto, participaron de la actividad v\u00eda zoom, la secretaria General de la seccional ATE R\u00edo Cuarto, Rafaela Alcoba, y el secretario General de ATE R\u00edo Tercero, Dami\u00e1n Albornoz.<\/p>\n\n\n\n<figure class=\"wp-block-gallery columns-3 is-cropped wp-block-gallery-1 is-layout-flex wp-block-gallery-is-layout-flex\"><ul class=\"blocks-gallery-grid\"><li class=\"blocks-gallery-item\"><figure><a href=\"https:\/\/atecordoba.org\/wp-content\/uploads\/2022\/02\/20220222_105649-scaled.jpg\"><img loading=\"lazy\" decoding=\"async\" width=\"1024\" height=\"577\" src=\"https:\/\/atecordoba.org\/wp-content\/uploads\/2022\/02\/20220222_105649-1024x577.jpg\" alt=\"\" data-id=\"30280\" data-full-url=\"https:\/\/atecordoba.org\/wp-content\/uploads\/2022\/02\/20220222_105649-scaled.jpg\" data-link=\"https:\/\/atecordoba.org\/?attachment_id=30280\" class=\"wp-image-30280\" srcset=\"https:\/\/atecordoba.org\/wp-content\/uploads\/2022\/02\/20220222_105649-1024x577.jpg 1024w, https:\/\/atecordoba.org\/wp-content\/uploads\/2022\/02\/20220222_105649-300x169.jpg 300w, https:\/\/atecordoba.org\/wp-content\/uploads\/2022\/02\/20220222_105649-768x433.jpg 768w, https:\/\/atecordoba.org\/wp-content\/uploads\/2022\/02\/20220222_105649-1536x866.jpg 1536w, https:\/\/atecordoba.org\/wp-content\/uploads\/2022\/02\/20220222_105649-2048x1155.jpg 2048w, https:\/\/atecordoba.org\/wp-content\/uploads\/2022\/02\/20220222_105649-750x423.jpg 750w, https:\/\/atecordoba.org\/wp-content\/uploads\/2022\/02\/20220222_105649-1140x643.jpg 1140w\" sizes=\"auto, (max-width: 1024px) 100vw, 1024px\" \/><\/a><\/figure><\/li><li class=\"blocks-gallery-item\"><figure><a href=\"https:\/\/atecordoba.org\/wp-content\/uploads\/2022\/02\/20220222_105626-scaled.jpg\"><img loading=\"lazy\" decoding=\"async\" width=\"1024\" height=\"577\" src=\"https:\/\/atecordoba.org\/wp-content\/uploads\/2022\/02\/20220222_105626-1024x577.jpg\" alt=\"\" data-id=\"30281\" data-full-url=\"https:\/\/atecordoba.org\/wp-content\/uploads\/2022\/02\/20220222_105626-scaled.jpg\" data-link=\"https:\/\/atecordoba.org\/?attachment_id=30281\" class=\"wp-image-30281\" srcset=\"https:\/\/atecordoba.org\/wp-content\/uploads\/2022\/02\/20220222_105626-1024x577.jpg 1024w, https:\/\/atecordoba.org\/wp-content\/uploads\/2022\/02\/20220222_105626-300x169.jpg 300w, https:\/\/atecordoba.org\/wp-content\/uploads\/2022\/02\/20220222_105626-768x433.jpg 768w, https:\/\/atecordoba.org\/wp-content\/uploads\/2022\/02\/20220222_105626-1536x866.jpg 1536w, https:\/\/atecordoba.org\/wp-content\/uploads\/2022\/02\/20220222_105626-2048x1155.jpg 2048w, https:\/\/atecordoba.org\/wp-content\/uploads\/2022\/02\/20220222_105626-750x423.jpg 750w, https:\/\/atecordoba.org\/wp-content\/uploads\/2022\/02\/20220222_105626-1140x643.jpg 1140w\" sizes=\"auto, (max-width: 1024px) 100vw, 1024px\" \/><\/a><\/figure><\/li><li class=\"blocks-gallery-item\"><figure><a href=\"https:\/\/atecordoba.org\/wp-content\/uploads\/2022\/02\/20220222_105637-scaled.jpg\"><img loading=\"lazy\" decoding=\"async\" width=\"1024\" height=\"577\" src=\"https:\/\/atecordoba.org\/wp-content\/uploads\/2022\/02\/20220222_105637-1024x577.jpg\" alt=\"\" data-id=\"30282\" data-full-url=\"https:\/\/atecordoba.org\/wp-content\/uploads\/2022\/02\/20220222_105637-scaled.jpg\" data-link=\"https:\/\/atecordoba.org\/?attachment_id=30282\" class=\"wp-image-30282\" srcset=\"https:\/\/atecordoba.org\/wp-content\/uploads\/2022\/02\/20220222_105637-1024x577.jpg 1024w, https:\/\/atecordoba.org\/wp-content\/uploads\/2022\/02\/20220222_105637-300x169.jpg 300w, https:\/\/atecordoba.org\/wp-content\/uploads\/2022\/02\/20220222_105637-768x433.jpg 768w, https:\/\/atecordoba.org\/wp-content\/uploads\/2022\/02\/20220222_105637-1536x866.jpg 1536w, https:\/\/atecordoba.org\/wp-content\/uploads\/2022\/02\/20220222_105637-2048x1155.jpg 2048w, https:\/\/atecordoba.org\/wp-content\/uploads\/2022\/02\/20220222_105637-750x423.jpg 750w, https:\/\/atecordoba.org\/wp-content\/uploads\/2022\/02\/20220222_105637-1140x643.jpg 1140w\" sizes=\"auto, (max-width: 1024px) 100vw, 1024px\" \/><\/a><\/figure><\/li><\/ul><\/figure>\n\n\n\n<p>En la presentaci\u00f3n del debate, Giuliani destac\u00f3 que &#8220;este comienzo de a\u00f1o fue con mucha actividad en la salud provincial. Presentamos en enero un pedido de apertura de la paritaria, para tratar el tema salarial y tambi\u00e9n lo que no se suele discutir en la paritaria. Por decantaci\u00f3n este gobierno solo convoca al SEP, violando las normativas y la legislaci\u00f3n que habla de la libertad y la democracia sindical, porque en la paritaria tendr\u00eda que haber otras voces que representan a las y los trabajadores en mayor\u00eda y en minor\u00eda. Tambi\u00e9n sabemos que desde hace muchas d\u00e9cadas el SEP se arroga la representatividad de la totalidad de las y los provinciales, cuando vemos que la mayor\u00eda no est\u00e1 sindicalizada&#8221;.<\/p>\n\n\n\n<p>Hab\u00eda en el lugar representantes de los hospitales Misericordia, Tr\u00e1nsito C\u00e1ceres, San Roque Viejo, Florencio D\u00edaz, Maternidad Provincial, Rawson, Hospital de Ni\u00f1os, Casa del Joven, Materno Neonatal y Pedi\u00e1trico, por C\u00f3rdoba Capital. Mientras que por el interior participaron los centros de salud de R\u00edo Cuarto, R\u00edo Tercero, Laboulaye, De\u00e1n Funes, Villa Dolores, Mina Clavero, San Francisco, Bell Ville, Colonia Santa Mar\u00eda y Jes\u00fas Mar\u00eda<\/p>\n\n\n\n<p>&#8220;Ante el pedido que hicimos no hubo respuesta, por eso agotaremos todas las instancias administrativas para luego ver si da para judicializar, hasta el momento no fuimos escuchados por el instatr\u00e1mite que presentamos (s\u00edmil a un pronto despacho) y en tanto fijamos un posicionamiento sobre lo que deber\u00eda ser la discusi\u00f3n de la pauta salarial, por la inflaci\u00f3n que hay y la proyectada&#8221;, prosigui\u00f3 Giuliani.<\/p>\n\n\n\n<p><strong>Ampliar la discusi\u00f3n paritaria<\/strong><\/p>\n\n\n\n<p>En otro tramo de su exposici\u00f3n, Giuliani dijo que &#8220;en la paritaria tenemos que discutir tambi\u00e9n las condiciones de trabajo, la alta precarizaci\u00f3n, las promesas de planta permanente que no se cumplen, la incorporaci\u00f3n de m\u00e1s personal porque la falta de nombramientos genera sobrecarga de trabajo y los salarios bajos generan pluriempleo, y que todo eso afecta la salud mental y f\u00edsica de nuestros compa\u00f1eros y compa\u00f1eras en un contexto que no es normal, por la pandemia&#8221;.<\/p>\n\n\n\n<figure class=\"wp-block-gallery columns-3 is-cropped wp-block-gallery-2 is-layout-flex wp-block-gallery-is-layout-flex\"><ul class=\"blocks-gallery-grid\"><li class=\"blocks-gallery-item\"><figure><img loading=\"lazy\" decoding=\"async\" width=\"1024\" height=\"577\" src=\"https:\/\/atecordoba.org\/wp-content\/uploads\/2022\/02\/20220222_105826-1024x577.jpg\" alt=\"\" data-id=\"30283\" data-full-url=\"https:\/\/atecordoba.org\/wp-content\/uploads\/2022\/02\/20220222_105826-scaled.jpg\" data-link=\"https:\/\/atecordoba.org\/?attachment_id=30283\" class=\"wp-image-30283\" srcset=\"https:\/\/atecordoba.org\/wp-content\/uploads\/2022\/02\/20220222_105826-1024x577.jpg 1024w, https:\/\/atecordoba.org\/wp-content\/uploads\/2022\/02\/20220222_105826-300x169.jpg 300w, https:\/\/atecordoba.org\/wp-content\/uploads\/2022\/02\/20220222_105826-768x433.jpg 768w, https:\/\/atecordoba.org\/wp-content\/uploads\/2022\/02\/20220222_105826-1536x866.jpg 1536w, https:\/\/atecordoba.org\/wp-content\/uploads\/2022\/02\/20220222_105826-2048x1155.jpg 2048w, https:\/\/atecordoba.org\/wp-content\/uploads\/2022\/02\/20220222_105826-750x423.jpg 750w, https:\/\/atecordoba.org\/wp-content\/uploads\/2022\/02\/20220222_105826-1140x643.jpg 1140w\" sizes=\"auto, (max-width: 1024px) 100vw, 1024px\" \/><\/figure><\/li><li class=\"blocks-gallery-item\"><figure><img loading=\"lazy\" decoding=\"async\" width=\"1024\" height=\"577\" src=\"https:\/\/atecordoba.org\/wp-content\/uploads\/2022\/02\/20220222_105716-1024x577.jpg\" alt=\"\" data-id=\"30284\" data-full-url=\"https:\/\/atecordoba.org\/wp-content\/uploads\/2022\/02\/20220222_105716-scaled.jpg\" data-link=\"https:\/\/atecordoba.org\/?attachment_id=30284\" class=\"wp-image-30284\" srcset=\"https:\/\/atecordoba.org\/wp-content\/uploads\/2022\/02\/20220222_105716-1024x577.jpg 1024w, https:\/\/atecordoba.org\/wp-content\/uploads\/2022\/02\/20220222_105716-300x169.jpg 300w, https:\/\/atecordoba.org\/wp-content\/uploads\/2022\/02\/20220222_105716-768x433.jpg 768w, https:\/\/atecordoba.org\/wp-content\/uploads\/2022\/02\/20220222_105716-1536x866.jpg 1536w, https:\/\/atecordoba.org\/wp-content\/uploads\/2022\/02\/20220222_105716-2048x1155.jpg 2048w, https:\/\/atecordoba.org\/wp-content\/uploads\/2022\/02\/20220222_105716-750x423.jpg 750w, https:\/\/atecordoba.org\/wp-content\/uploads\/2022\/02\/20220222_105716-1140x643.jpg 1140w\" sizes=\"auto, (max-width: 1024px) 100vw, 1024px\" \/><\/figure><\/li><li class=\"blocks-gallery-item\"><figure><img loading=\"lazy\" decoding=\"async\" width=\"1024\" height=\"577\" src=\"https:\/\/atecordoba.org\/wp-content\/uploads\/2022\/02\/20220222_105802-1024x577.jpg\" alt=\"\" data-id=\"30285\" data-full-url=\"https:\/\/atecordoba.org\/wp-content\/uploads\/2022\/02\/20220222_105802-scaled.jpg\" data-link=\"https:\/\/atecordoba.org\/?attachment_id=30285\" class=\"wp-image-30285\" srcset=\"https:\/\/atecordoba.org\/wp-content\/uploads\/2022\/02\/20220222_105802-1024x577.jpg 1024w, https:\/\/atecordoba.org\/wp-content\/uploads\/2022\/02\/20220222_105802-300x169.jpg 300w, https:\/\/atecordoba.org\/wp-content\/uploads\/2022\/02\/20220222_105802-768x433.jpg 768w, https:\/\/atecordoba.org\/wp-content\/uploads\/2022\/02\/20220222_105802-1536x866.jpg 1536w, https:\/\/atecordoba.org\/wp-content\/uploads\/2022\/02\/20220222_105802-2048x1155.jpg 2048w, https:\/\/atecordoba.org\/wp-content\/uploads\/2022\/02\/20220222_105802-750x423.jpg 750w, https:\/\/atecordoba.org\/wp-content\/uploads\/2022\/02\/20220222_105802-1140x643.jpg 1140w\" sizes=\"auto, (max-width: 1024px) 100vw, 1024px\" \/><\/figure><\/li><\/ul><\/figure>\n\n\n\n<p><strong>Visibilizar<\/strong><\/p>\n\n\n\n<p>Ante esa situaci\u00f3n el secretario General de ATE C\u00f3rdoba afirm\u00f3 que &#8220;arrancamos este segundo plenario comentando que hicimos asambleas el mismo d\u00eda en los hospitales, el pasado 15 de febrero, seg\u00fan lo resuelto en aquel plenario. A m\u00ed me toc\u00f3 estar en algunas y pienso que fueron buenas asambleas y por lo que estuve viendo en fotos fueron entre 12 y 14 asambleas, con un promedio de 20-25 compa\u00f1eros por asamblea, en una \u00e9poca del a\u00f1o sensible porque hay compa\u00f1eros que salen de licencia y otros que est\u00e1n volviendo, por lo que los equipos de salud no est\u00e1n completos&#8221;.<\/p>\n\n\n\n<p>&#8220;La sensaci\u00f3n es que estamos visibilizando nuestra situaci\u00f3n. El gobierno se reuni\u00f3 con el SEP el d\u00eda anterior a las asambleas y nos llama la atenci\u00f3n el silencio del gobierno y del SEP hasta ahora, cuando est\u00e1bamos acostumbrados a las conferencias de prensa en la puerta del panal donde Pihen anunciaba la pauta para el a\u00f1o. Ayer surgi\u00f3 la informaci\u00f3n sobre la pauta salarial de los docentes a nivel nacional, que no es buena porque consiste en un aumento del 45% en tres veces, cuando la inflaci\u00f3n que se espera es por encima del 50%&#8221;.<\/p>\n\n\n\n<p>Frente a esto, las y los dirigentes de ATE se proponen caminar los sectores de trabajo con propuestas concretas para los y las trabajadora. En ese sentido el secretario Adjunto, Hugo Duran, mocion\u00f3 el rechazo pasividad voluntaria anticipada que vac\u00eda los planteles de salud para incrementar la precarizaci\u00f3n que promueve el Gobierno Provincial y el pase de los bonos al b\u00e1sico a fin de que impacte esa cifra en todos los items salariales.<\/p>\n\n\n\n<figure class=\"wp-block-gallery columns-4 is-cropped wp-block-gallery-3 is-layout-flex wp-block-gallery-is-layout-flex\"><ul class=\"blocks-gallery-grid\"><li class=\"blocks-gallery-item\"><figure><img loading=\"lazy\" decoding=\"async\" width=\"1024\" height=\"576\" src=\"https:\/\/atecordoba.org\/wp-content\/uploads\/2022\/02\/20220222_110338-1024x576.jpg\" alt=\"\" data-id=\"30287\" data-full-url=\"https:\/\/atecordoba.org\/wp-content\/uploads\/2022\/02\/20220222_110338-scaled.jpg\" data-link=\"https:\/\/atecordoba.org\/?attachment_id=30287\" class=\"wp-image-30287\" srcset=\"https:\/\/atecordoba.org\/wp-content\/uploads\/2022\/02\/20220222_110338-1024x576.jpg 1024w, https:\/\/atecordoba.org\/wp-content\/uploads\/2022\/02\/20220222_110338-300x169.jpg 300w, https:\/\/atecordoba.org\/wp-content\/uploads\/2022\/02\/20220222_110338-768x432.jpg 768w, https:\/\/atecordoba.org\/wp-content\/uploads\/2022\/02\/20220222_110338-1536x864.jpg 1536w, https:\/\/atecordoba.org\/wp-content\/uploads\/2022\/02\/20220222_110338-2048x1152.jpg 2048w, https:\/\/atecordoba.org\/wp-content\/uploads\/2022\/02\/20220222_110338-750x422.jpg 750w, https:\/\/atecordoba.org\/wp-content\/uploads\/2022\/02\/20220222_110338-1140x641.jpg 1140w\" sizes=\"auto, (max-width: 1024px) 100vw, 1024px\" \/><\/figure><\/li><li class=\"blocks-gallery-item\"><figure><img loading=\"lazy\" decoding=\"async\" width=\"1024\" height=\"576\" src=\"https:\/\/atecordoba.org\/wp-content\/uploads\/2022\/02\/20220222_110350-1024x576.jpg\" alt=\"\" data-id=\"30288\" data-full-url=\"https:\/\/atecordoba.org\/wp-content\/uploads\/2022\/02\/20220222_110350-scaled.jpg\" data-link=\"https:\/\/atecordoba.org\/?attachment_id=30288\" class=\"wp-image-30288\" srcset=\"https:\/\/atecordoba.org\/wp-content\/uploads\/2022\/02\/20220222_110350-1024x576.jpg 1024w, https:\/\/atecordoba.org\/wp-content\/uploads\/2022\/02\/20220222_110350-300x169.jpg 300w, https:\/\/atecordoba.org\/wp-content\/uploads\/2022\/02\/20220222_110350-768x432.jpg 768w, https:\/\/atecordoba.org\/wp-content\/uploads\/2022\/02\/20220222_110350-1536x864.jpg 1536w, https:\/\/atecordoba.org\/wp-content\/uploads\/2022\/02\/20220222_110350-2048x1152.jpg 2048w, https:\/\/atecordoba.org\/wp-content\/uploads\/2022\/02\/20220222_110350-750x422.jpg 750w, https:\/\/atecordoba.org\/wp-content\/uploads\/2022\/02\/20220222_110350-1140x641.jpg 1140w\" sizes=\"auto, (max-width: 1024px) 100vw, 1024px\" \/><\/figure><\/li><li class=\"blocks-gallery-item\"><figure><img loading=\"lazy\" decoding=\"async\" width=\"1024\" height=\"576\" src=\"https:\/\/atecordoba.org\/wp-content\/uploads\/2022\/02\/20220222_110409-1024x576.jpg\" alt=\"\" data-id=\"30290\" data-full-url=\"https:\/\/atecordoba.org\/wp-content\/uploads\/2022\/02\/20220222_110409.jpg\" data-link=\"https:\/\/atecordoba.org\/?attachment_id=30290\" class=\"wp-image-30290\" srcset=\"https:\/\/atecordoba.org\/wp-content\/uploads\/2022\/02\/20220222_110409-1024x576.jpg 1024w, https:\/\/atecordoba.org\/wp-content\/uploads\/2022\/02\/20220222_110409-300x169.jpg 300w, https:\/\/atecordoba.org\/wp-content\/uploads\/2022\/02\/20220222_110409-768x432.jpg 768w, https:\/\/atecordoba.org\/wp-content\/uploads\/2022\/02\/20220222_110409-1536x864.jpg 1536w, https:\/\/atecordoba.org\/wp-content\/uploads\/2022\/02\/20220222_110409-750x422.jpg 750w, https:\/\/atecordoba.org\/wp-content\/uploads\/2022\/02\/20220222_110409-1140x641.jpg 1140w, https:\/\/atecordoba.org\/wp-content\/uploads\/2022\/02\/20220222_110409.jpg 2012w\" sizes=\"auto, (max-width: 1024px) 100vw, 1024px\" \/><\/figure><\/li><li class=\"blocks-gallery-item\"><figure><img loading=\"lazy\" decoding=\"async\" width=\"1024\" height=\"576\" src=\"https:\/\/atecordoba.org\/wp-content\/uploads\/2022\/02\/20220222_110903-1024x576.jpg\" alt=\"\" data-id=\"30291\" data-full-url=\"https:\/\/atecordoba.org\/wp-content\/uploads\/2022\/02\/20220222_110903-scaled.jpg\" data-link=\"https:\/\/atecordoba.org\/?attachment_id=30291\" class=\"wp-image-30291\" srcset=\"https:\/\/atecordoba.org\/wp-content\/uploads\/2022\/02\/20220222_110903-1024x576.jpg 1024w, https:\/\/atecordoba.org\/wp-content\/uploads\/2022\/02\/20220222_110903-300x169.jpg 300w, https:\/\/atecordoba.org\/wp-content\/uploads\/2022\/02\/20220222_110903-768x432.jpg 768w, https:\/\/atecordoba.org\/wp-content\/uploads\/2022\/02\/20220222_110903-1536x864.jpg 1536w, https:\/\/atecordoba.org\/wp-content\/uploads\/2022\/02\/20220222_110903-2048x1152.jpg 2048w, https:\/\/atecordoba.org\/wp-content\/uploads\/2022\/02\/20220222_110903-750x422.jpg 750w, https:\/\/atecordoba.org\/wp-content\/uploads\/2022\/02\/20220222_110903-1140x641.jpg 1140w\" sizes=\"auto, (max-width: 1024px) 100vw, 1024px\" \/><\/figure><\/li><\/ul><\/figure>\n","protected":false},"excerpt":{"rendered":"<p>Con el reclamo concreto de una pauta salarial para el 2022 del 60% para el sector salud, a pagar en una sola cuota, y un salario de base que parte de los 76 mil pesos que pone el INDEC como l\u00edmite para no caer en la pobreza, frente a b\u00e1sicos actuales que paga el gobierno [&hellip;]<\/p>\n","protected":false},"author":7,"featured_media":30279,"comment_status":"open","ping_status":"open","sticky":false,"template":"","format":"standard","meta":{"_exactmetrics_skip_tracking":false,"_exactmetrics_sitenote_active":false,"_exactmetrics_sitenote_note":"","_exactmetrics_sitenote_category":0,"jnews-multi-image_gallery":[],"jnews_single_post":{"subtitle":"El sector reclama una recomposici\u00f3n del 60% en una cuota, un b\u00e1sico salarial de 76 mil pesos, nombramientos y pases a planta permanente. Tambi\u00e9n rechaza los retiros anticipados que propone el gobierno y exige que los bonos se blanqueen en los b\u00e1sicos de los haberes. Tras la jornada de lucha, el pr\u00f3ximo plenario se realizar\u00e1 conjuntamente con el resto de los sectores provinciales. ","format":"standard","video":"","gallery":"","source_name":"","source_url":"","via_name":"","via_url":"","override":[{"template":"1","single_blog_custom":"","parallax":"1","fullscreen":"1","layout":"right-sidebar","sidebar":"default-sidebar","second_sidebar":"default-sidebar","sticky_sidebar":"1","share_position":"top","share_float_style":"share-monocrhome","show_share_counter":"1","show_view_counter":"1","show_featured":"1","show_post_meta":"1","show_post_author":"1","show_post_author_image":"1","show_post_date":"1","post_date_format":"default","post_date_format_custom":"Y\/m\/d","show_post_category":"1","post_reading_time_wpm":"300","zoom_button_out_step":"2","zoom_button_in_step":"3","show_post_tag":"1","show_prev_next_post":"1","show_popup_post":"1","number_popup_post":"1"}],"image_override":[{"single_post_thumbnail_size":"crop-500","single_post_gallery_size":"crop-500"}],"trending_post_position":"meta","trending_post_label":"Trending","sponsored_post_label":"Sponsored by","sponsored_post_name":"","sponsored_post_url":"","sponsored_post_logo":"","sponsored_post_desc":""},"jnews_primary_category":{"id":""},"jnews_social_meta":[],"jnews_review":[],"enable_review":"","type":"","name":"","summary":"","brand":"","sku":"","good":[],"bad":[],"score_override":"","override_value":"","rating":[],"price":[],"jnews_override_counter":[],"jnews_post_split":[],"footnotes":""},"categories":[8],"tags":[561],"class_list":["post-30278","post","type-post","status-publish","format-standard","has-post-thumbnail","hentry","category-provinciales","tag-plenario-provincial"],"jetpack_featured_media_url":"https:\/\/atecordoba.org\/wp-content\/uploads\/2022\/02\/20220222_105612-scaled-e1645555881599.jpg","_links":{"self":[{"href":"https:\/\/atecordoba.org\/index.php?rest_route=\/wp\/v2\/posts\/30278","targetHints":{"allow":["GET"]}}],"collection":[{"href":"https:\/\/atecordoba.org\/index.php?rest_route=\/wp\/v2\/posts"}],"about":[{"href":"https:\/\/atecordoba.org\/index.php?rest_route=\/wp\/v2\/types\/post"}],"author":[{"embeddable":true,"href":"https:\/\/atecordoba.org\/index.php?rest_route=\/wp\/v2\/users\/7"}],"replies":[{"embeddable":true,"href":"https:\/\/atecordoba.org\/index.php?rest_route=%2Fwp%2Fv2%2Fcomments&post=30278"}],"version-history":[{"count":2,"href":"https:\/\/atecordoba.org\/index.php?rest_route=\/wp\/v2\/posts\/30278\/revisions"}],"predecessor-version":[{"id":30292,"href":"https:\/\/atecordoba.org\/index.php?rest_route=\/wp\/v2\/posts\/30278\/revisions\/30292"}],"wp:featuredmedia":[{"embeddable":true,"href":"https:\/\/atecordoba.org\/index.php?rest_route=\/wp\/v2\/media\/30279"}],"wp:attachment":[{"href":"https:\/\/atecordoba.org\/index.php?rest_route=%2Fwp%2Fv2%2Fmedia&parent=30278"}],"wp:term":[{"taxonomy":"category","embeddable":true,"href":"https:\/\/atecordoba.org\/index.php?rest_route=%2Fwp%2Fv2%2Fcategories&post=30278"},{"taxonomy":"post_tag","embeddable":true,"href":"https:\/\/atecordoba.org\/index.php?rest_route=%2Fwp%2Fv2%2Ftags&post=30278"}],"curies":[{"name":"wp","href":"https:\/\/api.w.org\/{rel}","templated":true}]}}