{"id":30264,"date":"2022-02-22T12:39:02","date_gmt":"2022-02-22T15:39:02","guid":{"rendered":"https:\/\/atecordoba.org\/?p=30264"},"modified":"2022-02-22T15:09:31","modified_gmt":"2022-02-22T18:09:31","slug":"fadea-iriondo-admite-que-no-reincorporo-ningun-despedido-y-que-actua-como-un-ceo-macrista","status":"publish","type":"post","link":"https:\/\/atecordoba.org\/?p=30264","title":{"rendered":"FADEA: Iriondo admite que no reincorpor\u00f3 ning\u00fan despedido"},"content":{"rendered":"\n<div class=\"wp-block-image\"><figure class=\"aligncenter size-large\"><img loading=\"lazy\" decoding=\"async\" width=\"1024\" height=\"576\" src=\"https:\/\/atecordoba.org\/wp-content\/uploads\/2022\/02\/WhatsApp-Image-2022-02-22-at-10.39.32-1024x576.jpeg\" alt=\"\" class=\"wp-image-30265\" \/><figcaption>La CEO de FADEA naturalizando en la tv los despidos macristas.<\/figcaption><\/figure><\/div>\n\n\n\n<p>Mientras m\u00e1s de<a href=\"https:\/\/atecordoba.org\/?p=30140\" target=\"_blank\" rel=\"noreferrer noopener\">&nbsp;300 trabajadores y trabajadoras despedidos por el macrismo de la F\u00e1brica Argentina de Aviones (FADEA) aguardan<\/a>&nbsp;que el gobierno nacional cumpla con el compromiso de reincorporarlos y devolverles los puestos de trabajo, la directora de la firma estatal Mirta iriondo, deja entrever que la definici\u00f3n que en ese momento tom\u00f3 el Directorio macrista era utilizar una herramienta que las empresas suelen tener para justificar despidos: los retiros voluntarios. Desconociendo Iriondo que la mayor\u00eda de ellos fueron bajo presi\u00f3n y amenaza de la patronal.<\/p>\n\n\n\n<p>As\u00ed lo dej\u00f3 trascender en una entrevista reciente de TV donde justific\u00f3 los despidos, sosteniendo que se trat\u00f3 de \u201cla voluntad de la gesti\u00f3n anterior de disminuir la cantidad de personal\u201d. Macri tambi\u00e9n tuvo \u201cla voluntad\u201d de tomar deuda externa y entregar atado de pies y manos al arbitrio del FMI el futuro de pa\u00eds, pero eso no justifica que hay que mantener una continuidad de dichas pol\u00edticas.<\/p>\n\n\n\n<p>Iriondo justific\u00f3 tambi\u00e9n los retiros voluntarios que fueron la herramienta del macrismo para generar el vaciamiento de obreros y obreras especializadas y cuadros t\u00e9cnicos indispensables para el desarrollo de la industria aeron\u00e1utica de la empresa m\u00e1s grande de Latinoam\u00e9rica en la materia.<\/p>\n\n\n\n<p>En la entrevista la directora, solamente describe como contrat\u00f3 algunos de aquellos retiros,&nbsp;&nbsp;olvidando comentar si se trata de los&nbsp;<a href=\"https:\/\/atecordoba.org\/?p=13142\" target=\"_blank\" rel=\"noreferrer noopener\">gerentes macrista que puso bajo su ala<\/a>&nbsp;despu\u00e9s que termina en un fiasco la \u2018revoluci\u00f3n de los aviones\u2019 que impulsaba con aviones alquilados y empresas fantasma el Ministerio de Transporte de la gesti\u00f3n Cambiemos.<\/p>\n\n\n\n<p>Decepci\u00f3n,&nbsp;&nbsp;genera que quien consideramos parte del campo popular, que quien durante la campa\u00f1a 2019 visit\u00f3 nuestro sindicato hablando cara a cara con las y los despedidos con la falsa promesa de las reincorporaciones, hoy haga o\u00eddos sordos al reclamo de quienes exigen volver a trabajar.<\/p>\n","protected":false},"excerpt":{"rendered":"<p>Mientras m\u00e1s de&nbsp;300 trabajadores y trabajadoras despedidos por el macrismo de la F\u00e1brica Argentina de Aviones (FADEA) aguardan&nbsp;que el gobierno nacional cumpla con el compromiso de reincorporarlos y devolverles los puestos de trabajo, la directora de la firma estatal Mirta iriondo, deja entrever que la definici\u00f3n que en ese momento tom\u00f3 el Directorio macrista era [&hellip;]<\/p>\n","protected":false},"author":7,"featured_media":30265,"comment_status":"open","ping_status":"open","sticky":false,"template":"","format":"standard","meta":{"_exactmetrics_skip_tracking":false,"_exactmetrics_sitenote_active":false,"_exactmetrics_sitenote_note":"","_exactmetrics_sitenote_category":0,"jnews-multi-image_gallery":[],"jnews_single_post":{"subtitle":"La presidenta de la firma dijo en una una entrevista de tv que los despidos fueron 'la voluntad de la gesti\u00f3n anterior' sin cuestionarlos y d\u00e1ndolos por hecho. ","format":"standard","video":"","gallery":"","source_name":"","source_url":"","via_name":"","via_url":"","override":[{"template":"1","single_blog_custom":"","parallax":"1","fullscreen":"1","layout":"right-sidebar","sidebar":"default-sidebar","second_sidebar":"default-sidebar","sticky_sidebar":"1","share_position":"top","share_float_style":"share-monocrhome","show_share_counter":"1","show_view_counter":"1","show_featured":"1","show_post_meta":"1","show_post_author":"1","show_post_author_image":"1","show_post_date":"1","post_date_format":"default","post_date_format_custom":"Y\/m\/d","show_post_category":"1","post_reading_time_wpm":"300","zoom_button_out_step":"2","zoom_button_in_step":"3","show_post_tag":"1","show_prev_next_post":"1","show_popup_post":"1","number_popup_post":"1"}],"image_override":[{"single_post_thumbnail_size":"crop-500","single_post_gallery_size":"crop-500"}],"trending_post_position":"meta","trending_post_label":"Trending","sponsored_post_label":"Sponsored by","sponsored_post_name":"","sponsored_post_url":"","sponsored_post_logo":"","sponsored_post_desc":""},"jnews_primary_category":{"id":""},"jnews_social_meta":[],"jnews_review":[],"enable_review":"","type":"","name":"","summary":"","brand":"","sku":"","good":[],"bad":[],"score_override":"","override_value":"","rating":[],"price":[],"jnews_override_counter":[],"jnews_post_split":[],"footnotes":""},"categories":[10],"tags":[163,165,1021],"class_list":["post-30264","post","type-post","status-publish","format-standard","has-post-thumbnail","hentry","category-accion-politica","tag-corredma","tag-fadea","tag-mirta-iriondo"],"jetpack_featured_media_url":"https:\/\/atecordoba.org\/wp-content\/uploads\/2022\/02\/WhatsApp-Image-2022-02-22-at-10.39.32-e1645544330732.jpeg","_links":{"self":[{"href":"https:\/\/atecordoba.org\/index.php?rest_route=\/wp\/v2\/posts\/30264","targetHints":{"allow":["GET"]}}],"collection":[{"href":"https:\/\/atecordoba.org\/index.php?rest_route=\/wp\/v2\/posts"}],"about":[{"href":"https:\/\/atecordoba.org\/index.php?rest_route=\/wp\/v2\/types\/post"}],"author":[{"embeddable":true,"href":"https:\/\/atecordoba.org\/index.php?rest_route=\/wp\/v2\/users\/7"}],"replies":[{"embeddable":true,"href":"https:\/\/atecordoba.org\/index.php?rest_route=%2Fwp%2Fv2%2Fcomments&post=30264"}],"version-history":[{"count":3,"href":"https:\/\/atecordoba.org\/index.php?rest_route=\/wp\/v2\/posts\/30264\/revisions"}],"predecessor-version":[{"id":30277,"href":"https:\/\/atecordoba.org\/index.php?rest_route=\/wp\/v2\/posts\/30264\/revisions\/30277"}],"wp:featuredmedia":[{"embeddable":true,"href":"https:\/\/atecordoba.org\/index.php?rest_route=\/wp\/v2\/media\/30265"}],"wp:attachment":[{"href":"https:\/\/atecordoba.org\/index.php?rest_route=%2Fwp%2Fv2%2Fmedia&parent=30264"}],"wp:term":[{"taxonomy":"category","embeddable":true,"href":"https:\/\/atecordoba.org\/index.php?rest_route=%2Fwp%2Fv2%2Fcategories&post=30264"},{"taxonomy":"post_tag","embeddable":true,"href":"https:\/\/atecordoba.org\/index.php?rest_route=%2Fwp%2Fv2%2Ftags&post=30264"}],"curies":[{"name":"wp","href":"https:\/\/api.w.org\/{rel}","templated":true}]}}