{"id":30260,"date":"2022-02-22T11:43:12","date_gmt":"2022-02-22T14:43:12","guid":{"rendered":"https:\/\/atecordoba.org\/?p=30260"},"modified":"2022-02-22T13:05:49","modified_gmt":"2022-02-22T16:05:49","slug":"historico-votan-los-afiliados-de-ate-en-la-recuperada-seccional-san-justo","status":"publish","type":"post","link":"https:\/\/atecordoba.org\/?p=30260","title":{"rendered":"Hist\u00f3rico: Votan los afiliados y las afiliadas de ATE en la recuperada Seccional San Justo"},"content":{"rendered":"\n<div class=\"wp-block-image\"><figure class=\"aligncenter size-large is-resized\"><img loading=\"lazy\" decoding=\"async\" src=\"https:\/\/atecordoba.org\/wp-content\/uploads\/2022\/02\/IMG-20220222-WA0097-1024x1024.jpg\" alt=\"\" class=\"wp-image-30272\" width=\"768\" height=\"768\" \/><\/figure><\/div>\n\n\n\n<p>Ma\u00f1ana 23 de febrero se llevar\u00e1 a cabo el acto electoral para elegir autoridades en la Asociaci\u00f3n Trabajadores del Estado (ATE-CTA). Tres d\u00e9cadas despu\u00e9s, ATE recupera la Seccional San Francisco (ahora denominada San Justo en referencia al Departamento Provincial del Este cordob\u00e9s) en un acto cargado de simbolismo y que expresa el crecimiento organizativo de la organizaci\u00f3n en el Este cordob\u00e9s.<\/p>\n\n\n\n<p>El Consejo Directivo Nacional (CDN) oficializ\u00f3 la convocatoria estableciendo que la Delegaci\u00f3n Electoral se constituye en la sede del Consejo Directivo Provincial (CDP) de ATE, Entre R\u00edos 450 de C\u00f3rdoba Capital.<\/p>\n\n\n\n<p>La Seccional ATE San Francisco qued\u00f3 desarticulada en la d\u00e9cada del \u201990, cuando la Direcci\u00f3n General de Fabricaciones Militares cerr\u00f3 la planta productiva que estaba en la ciudad, en el marco del programa de ajuste y destrucci\u00f3n de nuestro capital industrial que realiz\u00f3 el Gobierno Menemista.<\/p>\n\n\n\n<div class=\"wp-block-image\"><figure class=\"alignright\"><img decoding=\"async\" src=\"http:\/\/ctaacordoba.org\/wp-content\/uploads\/2022\/02\/Llamado_San_Justo-1-714x1024-1-209x300.jpeg\" alt=\"\" class=\"wp-image-47478\" \/><\/figure><\/div>\n\n\n\n<p>Ahora ATE vuelve con fuerza a liderar la lucha sindical en la regi\u00f3n.&nbsp;La constituci\u00f3n de la nueva Seccional de ATE, apuntalar\u00e1 -de paso- el desarrollo de la CTA Aut\u00f3noma en el Departamento San Justo.<\/p>\n\n\n\n<p>El candidato a Secretario General del gremio, Dar\u00edo Paredes, afirm\u00f3:&nbsp;\u201cDespu\u00e9s de tanto tiempo trabajando con las y los compa\u00f1eros jubilados, un grupo de trabajadores estatales, mayormente municipales, refundamos primero la delegaci\u00f3n y al llegar a la cantidad de afiliados se abrieron las puertas para volver a ser una Seccional. Para nosotros es muy emocionante ver que en pocos meses pasamos de Delegaci\u00f3n a Seccional\u201d.<\/p>\n\n\n\n<p>En tal sentido dijo que \u201cel padr\u00f3n incluye afiliados de San Francisco, Freyre, Tr\u00e1nsito, Colonia Marina y Devoto\u201d.<\/p>\n\n\n\n<p>Si bien la lista est\u00e1 integrada en su mayor\u00eda por trabajadores y trabajadoras municipales, tambi\u00e9n se integraron provinciales y \u201ceste a\u00f1o vamos a apuntar al sector nacional para que cuando terminemos el 2022 tengamos los tres sectores bien consolidados\u201d, concluy\u00f3 Paredes.<\/p>\n\n\n\n<div class=\"wp-block-image\"><figure class=\"alignleft\"><img decoding=\"async\" src=\"http:\/\/ctaacordoba.org\/wp-content\/uploads\/2022\/02\/273216714_10159776169454805_2456156760382890069_n-300x225.jpg\" alt=\"\" class=\"wp-image-47681\" \/><\/figure><\/div>\n\n\n\n<p>En la Sede del Consejo Directivo Provincial (CDP) de ATE C\u00f3rdoba el 4 de febrero se reuni\u00f3 el Secretario General de ATE C\u00f3rdoba, Federico Giuliani, junto a C\u00e9sar Theaux, Secretario de Formaci\u00f3n y Ricardo Reyna, Secretario de Finanzas, con el compa\u00f1ero Dar\u00edo Paredes.<\/p>\n\n\n\n<p>Estuvieron organizando la elecci\u00f3n del 23 de febrero que lo convertir\u00e1 a Paredes en el Secretario General de la flamante Seccional San Justo de ATE.<\/p>\n\n\n\n<h3 class=\"wp-block-heading\">Una pol\u00edtica de destrucci\u00f3n<\/h3>\n\n\n\n<p>Luis Chiappero, ex trabajador de la F\u00e1brica Militar de San Francisco, \u00faltimo Secretario General de ATE en esa ciudad del este cordob\u00e9s, remarc\u00f3 la sensaci\u00f3n al haber vivido \u201cen carne propia el desguace\u201d y rememor\u00f3 c\u00f3mo el Estado Nacional en aquel entonces les \u201ctrabajaba la moral al hacernos ir a la planta y que no haya nada para hacer\u201d.<\/p>\n\n\n\n<p>As\u00ed es como, cuando\u201d ya nos adelantaban que era un hecho el cierre de la F\u00e1brica -despu\u00e9s de varios \u201cretiros voluntarios\u201d y operaciones semejantes-, decidimos desde la Comisi\u00f3n Directiva de ATE tomar la F\u00e1brica durante 9 d\u00edas\u201d. Chiappero rememor\u00f3 el lugar central de los medios de comunicaci\u00f3n en aquel entonces: \u201cHab\u00eda un cerco medi\u00e1tico muy importante, los medios eran aliados de la destrucci\u00f3n del Estado\u201d.<\/p>\n\n\n\n<div class=\"wp-block-image\"><figure class=\"alignright\"><img decoding=\"async\" src=\"http:\/\/ctaacordoba.org\/wp-content\/uploads\/2020\/08\/116891260_759373798160311_130027122765045135_n-300x225.jpg\" alt=\"\" class=\"wp-image-24757\" \/><\/figure><\/div>\n\n\n\n<p>El ex trabajador destac\u00f3 que el \u201ccaballito de batalla\u201d de la F\u00e1brica de San Francisco era la producci\u00f3n de vagones: de hecho \u201cllegamos a hacer 3 vagones por d\u00eda\u201d. Tambi\u00e9n coment\u00f3 que fabricaban \u201cdiscos de arado, puentes de ametralladora, cargadores y balas\u201d para la defensa nacional y multiplicidad de trabajos hacia la industria privada. \u201cEso nos hac\u00eda pr\u00e1cticamente autosustentables\u201d, destac\u00f3.<\/p>\n\n\n\n<p>\u201cSin embargo -continu\u00f3- hubo una pol\u00edtica para destruirnos. De hecho, la F\u00e1brica estaba tasada en 10 millones de pesos (d\u00f3lares), y la terminaron vendiendo por 1 mill\u00f3n 300 mil y&nbsp; le condonaron impuestos por 200 mil pesos a la empresa que la compr\u00f3.&nbsp;El Estado pag\u00f3 1,5 millones de pesos en indemnizaciones es decir que le regal\u00f3 a la empresa que \u201ccompr\u00f3\u201d toda la F\u00e1brica Militar de San Francisco,&nbsp;algo incre\u00edble\u201d, se lament\u00f3 Chiappero.<\/p>\n\n\n\n<p>\u201cTodo el desarrollo PyME de San Francisco vino de la mano de la F\u00e1brica: Fue escuela y madre de las empresas del lugar y hoy solo quedan peque\u00f1as PyMES pero se perdi\u00f3 la base\u201d, finaliz\u00f3 el ex trabajador y dirigente de ATE San Francisco que ahora, despu\u00e9s de tres d\u00e9cadas, vuelve a funcionar y a recuperarse para integrar el lote de organizaciones sindicales que luchan por la dignidad de los trabajadores estatales.<\/p>\n","protected":false},"excerpt":{"rendered":"<p>Ma\u00f1ana 23 de febrero se llevar\u00e1 a cabo el acto electoral para elegir autoridades en la Asociaci\u00f3n Trabajadores del Estado (ATE-CTA). Tres d\u00e9cadas despu\u00e9s, ATE recupera la Seccional San Francisco (ahora denominada San Justo en referencia al Departamento Provincial del Este cordob\u00e9s) en un acto cargado de simbolismo y que expresa el crecimiento organizativo de [&hellip;]<\/p>\n","protected":false},"author":7,"featured_media":30272,"comment_status":"open","ping_status":"open","sticky":false,"template":"","format":"standard","meta":{"_exactmetrics_skip_tracking":false,"_exactmetrics_sitenote_active":false,"_exactmetrics_sitenote_note":"","_exactmetrics_sitenote_category":0,"jnews-multi-image_gallery":[],"jnews_single_post":{"subtitle":"Con impronta municipal pero apuntando a reorganizar todos los niveles del Estado en el Departamento San Justo, el compa\u00f1ero Dar\u00edo Paredes se presenta como candidato a secretario General.","format":"standard","video":"","gallery":"","source_name":"","source_url":"","via_name":"","via_url":"","override":[{"template":"1","single_blog_custom":"","parallax":"1","fullscreen":"1","layout":"right-sidebar","sidebar":"default-sidebar","second_sidebar":"default-sidebar","sticky_sidebar":"1","share_position":"top","share_float_style":"share-monocrhome","show_share_counter":"1","show_view_counter":"1","show_featured":"1","show_post_meta":"1","show_post_author":"1","show_post_author_image":"1","show_post_date":"1","post_date_format":"default","post_date_format_custom":"Y\/m\/d","show_post_category":"1","post_reading_time_wpm":"300","zoom_button_out_step":"2","zoom_button_in_step":"3","show_post_tag":"1","show_prev_next_post":"1","show_popup_post":"1","number_popup_post":"1"}],"image_override":[{"single_post_thumbnail_size":"crop-500","single_post_gallery_size":"crop-500"}],"trending_post_position":"meta","trending_post_label":"Trending","sponsored_post_label":"Sponsored by","sponsored_post_name":"","sponsored_post_url":"","sponsored_post_logo":"","sponsored_post_desc":""},"jnews_primary_category":{"id":""},"jnews_social_meta":[],"jnews_review":[],"enable_review":"","type":"","name":"","summary":"","brand":"","sku":"","good":[],"bad":[],"score_override":"","override_value":"","rating":[],"price":[],"jnews_override_counter":[],"jnews_post_split":[],"footnotes":""},"categories":[148],"tags":[47,443],"class_list":["post-30260","post","type-post","status-publish","format-standard","has-post-thumbnail","hentry","category-san-justo","tag-elecciones","tag-seccional"],"jetpack_featured_media_url":"https:\/\/atecordoba.org\/wp-content\/uploads\/2022\/02\/IMG-20220222-WA0097-e1645545940893.jpg","_links":{"self":[{"href":"https:\/\/atecordoba.org\/index.php?rest_route=\/wp\/v2\/posts\/30260","targetHints":{"allow":["GET"]}}],"collection":[{"href":"https:\/\/atecordoba.org\/index.php?rest_route=\/wp\/v2\/posts"}],"about":[{"href":"https:\/\/atecordoba.org\/index.php?rest_route=\/wp\/v2\/types\/post"}],"author":[{"embeddable":true,"href":"https:\/\/atecordoba.org\/index.php?rest_route=\/wp\/v2\/users\/7"}],"replies":[{"embeddable":true,"href":"https:\/\/atecordoba.org\/index.php?rest_route=%2Fwp%2Fv2%2Fcomments&post=30260"}],"version-history":[{"count":3,"href":"https:\/\/atecordoba.org\/index.php?rest_route=\/wp\/v2\/posts\/30260\/revisions"}],"predecessor-version":[{"id":30274,"href":"https:\/\/atecordoba.org\/index.php?rest_route=\/wp\/v2\/posts\/30260\/revisions\/30274"}],"wp:featuredmedia":[{"embeddable":true,"href":"https:\/\/atecordoba.org\/index.php?rest_route=\/wp\/v2\/media\/30272"}],"wp:attachment":[{"href":"https:\/\/atecordoba.org\/index.php?rest_route=%2Fwp%2Fv2%2Fmedia&parent=30260"}],"wp:term":[{"taxonomy":"category","embeddable":true,"href":"https:\/\/atecordoba.org\/index.php?rest_route=%2Fwp%2Fv2%2Fcategories&post=30260"},{"taxonomy":"post_tag","embeddable":true,"href":"https:\/\/atecordoba.org\/index.php?rest_route=%2Fwp%2Fv2%2Ftags&post=30260"}],"curies":[{"name":"wp","href":"https:\/\/api.w.org\/{rel}","templated":true}]}}