{"id":30238,"date":"2022-02-21T15:53:52","date_gmt":"2022-02-21T18:53:52","guid":{"rendered":"https:\/\/atecordoba.org\/?p=30238"},"modified":"2022-02-21T16:19:24","modified_gmt":"2022-02-21T19:19:24","slug":"ii-encuentro-sindicalismo-y-feminismo-en-rosario-de-cara-al-8m","status":"publish","type":"post","link":"https:\/\/atecordoba.org\/?p=30238","title":{"rendered":"II Encuentro Sindicalismo y Feminismo en Rosario de cara al 8M"},"content":{"rendered":"\n<figure class=\"wp-block-gallery columns-3 is-cropped wp-block-gallery-1 is-layout-flex wp-block-gallery-is-layout-flex\"><ul class=\"blocks-gallery-grid\"><li class=\"blocks-gallery-item\"><figure><a href=\"https:\/\/atecordoba.org\/wp-content\/uploads\/2022\/02\/FB_IMG_1645286206798.jpg\"><img loading=\"lazy\" decoding=\"async\" width=\"1024\" height=\"576\" src=\"https:\/\/atecordoba.org\/wp-content\/uploads\/2022\/02\/FB_IMG_1645286206798-1024x576.jpg\" alt=\"\" data-id=\"30239\" data-full-url=\"https:\/\/atecordoba.org\/wp-content\/uploads\/2022\/02\/FB_IMG_1645286206798.jpg\" data-link=\"https:\/\/atecordoba.org\/?attachment_id=30239\" class=\"wp-image-30239\" srcset=\"https:\/\/atecordoba.org\/wp-content\/uploads\/2022\/02\/FB_IMG_1645286206798-1024x576.jpg 1024w, https:\/\/atecordoba.org\/wp-content\/uploads\/2022\/02\/FB_IMG_1645286206798-300x169.jpg 300w, https:\/\/atecordoba.org\/wp-content\/uploads\/2022\/02\/FB_IMG_1645286206798-768x432.jpg 768w, https:\/\/atecordoba.org\/wp-content\/uploads\/2022\/02\/FB_IMG_1645286206798-750x422.jpg 750w, https:\/\/atecordoba.org\/wp-content\/uploads\/2022\/02\/FB_IMG_1645286206798.jpg 1080w\" sizes=\"auto, (max-width: 1024px) 100vw, 1024px\" \/><\/a><\/figure><\/li><li class=\"blocks-gallery-item\"><figure><a href=\"https:\/\/atecordoba.org\/wp-content\/uploads\/2022\/02\/FB_IMG_1645318662046.jpg\"><img loading=\"lazy\" decoding=\"async\" width=\"1024\" height=\"683\" src=\"https:\/\/atecordoba.org\/wp-content\/uploads\/2022\/02\/FB_IMG_1645318662046-1024x683.jpg\" alt=\"\" data-id=\"30240\" data-full-url=\"https:\/\/atecordoba.org\/wp-content\/uploads\/2022\/02\/FB_IMG_1645318662046.jpg\" data-link=\"https:\/\/atecordoba.org\/?attachment_id=30240\" class=\"wp-image-30240\" srcset=\"https:\/\/atecordoba.org\/wp-content\/uploads\/2022\/02\/FB_IMG_1645318662046-1024x683.jpg 1024w, https:\/\/atecordoba.org\/wp-content\/uploads\/2022\/02\/FB_IMG_1645318662046-300x200.jpg 300w, https:\/\/atecordoba.org\/wp-content\/uploads\/2022\/02\/FB_IMG_1645318662046-768x512.jpg 768w, https:\/\/atecordoba.org\/wp-content\/uploads\/2022\/02\/FB_IMG_1645318662046-750x500.jpg 750w, https:\/\/atecordoba.org\/wp-content\/uploads\/2022\/02\/FB_IMG_1645318662046.jpg 1080w\" sizes=\"auto, (max-width: 1024px) 100vw, 1024px\" \/><\/a><\/figure><\/li><li class=\"blocks-gallery-item\"><figure><a href=\"https:\/\/atecordoba.org\/wp-content\/uploads\/2022\/02\/FB_IMG_1645286199727.jpg\"><img loading=\"lazy\" decoding=\"async\" width=\"1024\" height=\"768\" src=\"https:\/\/atecordoba.org\/wp-content\/uploads\/2022\/02\/FB_IMG_1645286199727-1024x768.jpg\" alt=\"\" data-id=\"30241\" data-full-url=\"https:\/\/atecordoba.org\/wp-content\/uploads\/2022\/02\/FB_IMG_1645286199727.jpg\" data-link=\"https:\/\/atecordoba.org\/?attachment_id=30241\" class=\"wp-image-30241\" srcset=\"https:\/\/atecordoba.org\/wp-content\/uploads\/2022\/02\/FB_IMG_1645286199727-1024x768.jpg 1024w, https:\/\/atecordoba.org\/wp-content\/uploads\/2022\/02\/FB_IMG_1645286199727-300x225.jpg 300w, https:\/\/atecordoba.org\/wp-content\/uploads\/2022\/02\/FB_IMG_1645286199727-768x576.jpg 768w, https:\/\/atecordoba.org\/wp-content\/uploads\/2022\/02\/FB_IMG_1645286199727-750x563.jpg 750w, https:\/\/atecordoba.org\/wp-content\/uploads\/2022\/02\/FB_IMG_1645286199727.jpg 1080w\" sizes=\"auto, (max-width: 1024px) 100vw, 1024px\" \/><\/a><\/figure><\/li><\/ul><\/figure>\n\n\n\n<p>Se desarroll\u00f3 este s\u00e1bado en la sede de ATE Rosario la primera jornada del encuentro organizado por la Seccional, el gremio el SOEAR, la Fundaci\u00f3n Rosa Luxemburgo y otras entidades. El domingo, en tanto, el escenario de debate se traslad\u00f3 a la sede de la Federaci\u00f3n Aceitera.<\/p>\n\n\n\n<p>ATE C\u00f3rdoba estuvo presente en esta importante actividad con una delegaci\u00f3n de nueve compa\u00f1eras, encabezada por la secretaria de Prensa, Julia Giuliani, la responsable del Departamento de G\u00e9neros y Diversidades, Gabriela Alcoba, la secretaria General de ATE R\u00edo Cuarto, Rafaela Alcoba, as\u00ed como delegadas y activistas Noelia Martino, Luz Paz, Carolina LLanos y Paloma Mu\u00f1oz, entre otras. <\/p>\n\n\n\n<p>La primera actividad fue un panel de trabajadoras que brindaron su perspectiva sobre las realidades y desaf\u00edos de mujeres y diversidades en el \u00e1mbito sindical. Por la tarde, se desplegan con amplia participaci\u00f3n y alegr\u00eda las mesas de trabajo colectivas.<\/p>\n\n\n\n<p>\u201cSuper\u00f3 nuestras expectativas, triplicamos la cantidad de compa\u00f1eras que se sumaron a este encuentro. Es importante este accionar de los sindicatos con proyecci\u00f3n a toda Latinoam\u00e9rica y construir con las distintas miradas\u201d, expres\u00f3 conmovida la Secretaria General de ATE Rosario, Lorena Almir\u00f3n.<\/p>\n\n\n\n<p><strong>Contra el techo de cristal y el piso pegajoso<\/strong><\/p>\n\n\n\n<p>En el primer panel se multiplicaron las voces con una riqueza enorme de experiencias. Almir\u00f3n dirige actualmente una de las seccionales m\u00e1s grandes del pa\u00eds del sindicato estatal, con m\u00e1s de diez mil afiliades en la seccional Rosario, de les cuales el 60% son mujeres.<\/p>\n\n\n\n<figure class=\"wp-block-gallery columns-3 is-cropped wp-block-gallery-2 is-layout-flex wp-block-gallery-is-layout-flex\"><ul class=\"blocks-gallery-grid\"><li class=\"blocks-gallery-item\"><figure><a href=\"https:\/\/atecordoba.org\/wp-content\/uploads\/2022\/02\/FB_IMG_1645410288115.jpg\"><img loading=\"lazy\" decoding=\"async\" width=\"1024\" height=\"546\" src=\"https:\/\/atecordoba.org\/wp-content\/uploads\/2022\/02\/FB_IMG_1645410288115-1024x546.jpg\" alt=\"\" data-id=\"30242\" data-full-url=\"https:\/\/atecordoba.org\/wp-content\/uploads\/2022\/02\/FB_IMG_1645410288115.jpg\" data-link=\"https:\/\/atecordoba.org\/?attachment_id=30242\" class=\"wp-image-30242\" srcset=\"https:\/\/atecordoba.org\/wp-content\/uploads\/2022\/02\/FB_IMG_1645410288115-1024x546.jpg 1024w, https:\/\/atecordoba.org\/wp-content\/uploads\/2022\/02\/FB_IMG_1645410288115-300x160.jpg 300w, https:\/\/atecordoba.org\/wp-content\/uploads\/2022\/02\/FB_IMG_1645410288115-768x410.jpg 768w, https:\/\/atecordoba.org\/wp-content\/uploads\/2022\/02\/FB_IMG_1645410288115-750x400.jpg 750w, https:\/\/atecordoba.org\/wp-content\/uploads\/2022\/02\/FB_IMG_1645410288115.jpg 1080w\" sizes=\"auto, (max-width: 1024px) 100vw, 1024px\" \/><\/a><\/figure><\/li><li class=\"blocks-gallery-item\"><figure><a href=\"https:\/\/atecordoba.org\/wp-content\/uploads\/2022\/02\/FB_IMG_1645367553350.jpg\"><img loading=\"lazy\" decoding=\"async\" width=\"1024\" height=\"683\" src=\"https:\/\/atecordoba.org\/wp-content\/uploads\/2022\/02\/FB_IMG_1645367553350-1024x683.jpg\" alt=\"\" data-id=\"30243\" data-full-url=\"https:\/\/atecordoba.org\/wp-content\/uploads\/2022\/02\/FB_IMG_1645367553350.jpg\" data-link=\"https:\/\/atecordoba.org\/?attachment_id=30243\" class=\"wp-image-30243\" srcset=\"https:\/\/atecordoba.org\/wp-content\/uploads\/2022\/02\/FB_IMG_1645367553350-1024x683.jpg 1024w, https:\/\/atecordoba.org\/wp-content\/uploads\/2022\/02\/FB_IMG_1645367553350-300x200.jpg 300w, https:\/\/atecordoba.org\/wp-content\/uploads\/2022\/02\/FB_IMG_1645367553350-768x512.jpg 768w, https:\/\/atecordoba.org\/wp-content\/uploads\/2022\/02\/FB_IMG_1645367553350-750x500.jpg 750w, https:\/\/atecordoba.org\/wp-content\/uploads\/2022\/02\/FB_IMG_1645367553350.jpg 1080w\" sizes=\"auto, (max-width: 1024px) 100vw, 1024px\" \/><\/a><\/figure><\/li><li class=\"blocks-gallery-item\"><figure><a href=\"https:\/\/atecordoba.org\/wp-content\/uploads\/2022\/02\/FB_IMG_1645402101543.jpg\"><img loading=\"lazy\" decoding=\"async\" width=\"1024\" height=\"1024\" src=\"https:\/\/atecordoba.org\/wp-content\/uploads\/2022\/02\/FB_IMG_1645402101543-1024x1024.jpg\" alt=\"\" data-id=\"30244\" data-full-url=\"https:\/\/atecordoba.org\/wp-content\/uploads\/2022\/02\/FB_IMG_1645402101543.jpg\" data-link=\"https:\/\/atecordoba.org\/?attachment_id=30244\" class=\"wp-image-30244\" srcset=\"https:\/\/atecordoba.org\/wp-content\/uploads\/2022\/02\/FB_IMG_1645402101543-1024x1024.jpg 1024w, https:\/\/atecordoba.org\/wp-content\/uploads\/2022\/02\/FB_IMG_1645402101543-300x300.jpg 300w, https:\/\/atecordoba.org\/wp-content\/uploads\/2022\/02\/FB_IMG_1645402101543-150x150.jpg 150w, https:\/\/atecordoba.org\/wp-content\/uploads\/2022\/02\/FB_IMG_1645402101543-768x768.jpg 768w, https:\/\/atecordoba.org\/wp-content\/uploads\/2022\/02\/FB_IMG_1645402101543-560x560.jpg 560w, https:\/\/atecordoba.org\/wp-content\/uploads\/2022\/02\/FB_IMG_1645402101543-75x75.jpg 75w, https:\/\/atecordoba.org\/wp-content\/uploads\/2022\/02\/FB_IMG_1645402101543-350x350.jpg 350w, https:\/\/atecordoba.org\/wp-content\/uploads\/2022\/02\/FB_IMG_1645402101543-750x750.jpg 750w, https:\/\/atecordoba.org\/wp-content\/uploads\/2022\/02\/FB_IMG_1645402101543.jpg 1080w\" sizes=\"auto, (max-width: 1024px) 100vw, 1024px\" \/><\/a><\/figure><\/li><\/ul><\/figure>\n\n\n\n<p>\u201cEs importante que la perspectiva de g\u00e9nero sea transversal a todo el sindicato, tenemos la decisi\u00f3n pol\u00edtica de apostar al feminismo transformador horizontal que debe atravesar cada rinc\u00f3n de nuestra organizaci\u00f3n sindical y lugares de trabajo. Pero tambi\u00e9n debe orientarse a incidir en las pol\u00edticas p\u00fablicas, como pas\u00f3 en Santa Fe con la Ley Micaela y la actual apuesta a que se sancione la Ley Vanesa (de formaci\u00f3n en g\u00e9nero y protecci\u00f3n a agentes estatales e infancias que denuncien violencias respectivamente)\u201d, asegur\u00f3. La perspectiva estrat\u00e9gica es lograr espacios laborales igualitarios y libres de violencias.<\/p>\n\n\n\n<p>Gabriela Segovia es delegada, integrante de la Direcci\u00f3n del Sindicato de la Administraci\u00f3n Nacional de Usinas y Transmisiones El\u00e9ctricas (AUTE) y de la Comisi\u00f3n de G\u00e9nero y Equidad de AUTE (AUTE-Uruguay). Se trata del sector de la empresa de energ\u00eda el\u00e9ctrica estatal de Uruguay que hoy tiene la plantilla m\u00e1s baja de trabajadoras y trabajadores en su historia: 5900 personas tras recortes y pol\u00edtica de tercerizaciones. En este sector masculinizado, hay 3000 afiliades a dicha entidad.<\/p>\n\n\n\n<p>Con la mira puesta en lograr mayor participaci\u00f3n de compa\u00f1eras, Segovia apunt\u00f3 que \u201cla idea es intercambiar con compa\u00f1eras, ver otras realidades, el feminismo lo tenemos que construir entre todas. Para que el techo de cristal y el suelo pegajoso que tenemos actualmente disminuya y eso tenemos que hacerlo en conjunto\u201d. Coment\u00f3 que en su pa\u00eds se debate la derogaci\u00f3n de art\u00edculos constitucionales que puede afectar fuertemente a las mujeres y disidencias.<\/p>\n\n\n\n<figure class=\"wp-block-gallery columns-3 is-cropped wp-block-gallery-3 is-layout-flex wp-block-gallery-is-layout-flex\"><ul class=\"blocks-gallery-grid\"><li class=\"blocks-gallery-item\"><figure><a href=\"https:\/\/atecordoba.org\/wp-content\/uploads\/2022\/02\/IMG_20220219_185047617_HDR.jpg\"><img loading=\"lazy\" decoding=\"async\" width=\"1024\" height=\"768\" src=\"https:\/\/atecordoba.org\/wp-content\/uploads\/2022\/02\/IMG_20220219_185047617_HDR-1024x768.jpg\" alt=\"\" data-id=\"30245\" data-full-url=\"https:\/\/atecordoba.org\/wp-content\/uploads\/2022\/02\/IMG_20220219_185047617_HDR.jpg\" data-link=\"https:\/\/atecordoba.org\/?attachment_id=30245\" class=\"wp-image-30245\" srcset=\"https:\/\/atecordoba.org\/wp-content\/uploads\/2022\/02\/IMG_20220219_185047617_HDR-1024x768.jpg 1024w, https:\/\/atecordoba.org\/wp-content\/uploads\/2022\/02\/IMG_20220219_185047617_HDR-300x225.jpg 300w, https:\/\/atecordoba.org\/wp-content\/uploads\/2022\/02\/IMG_20220219_185047617_HDR-768x576.jpg 768w, https:\/\/atecordoba.org\/wp-content\/uploads\/2022\/02\/IMG_20220219_185047617_HDR-1536x1152.jpg 1536w, https:\/\/atecordoba.org\/wp-content\/uploads\/2022\/02\/IMG_20220219_185047617_HDR-2048x1536.jpg 2048w, https:\/\/atecordoba.org\/wp-content\/uploads\/2022\/02\/IMG_20220219_185047617_HDR-750x563.jpg 750w, https:\/\/atecordoba.org\/wp-content\/uploads\/2022\/02\/IMG_20220219_185047617_HDR-1140x855.jpg 1140w\" sizes=\"auto, (max-width: 1024px) 100vw, 1024px\" \/><\/a><\/figure><\/li><li class=\"blocks-gallery-item\"><figure><a href=\"https:\/\/atecordoba.org\/wp-content\/uploads\/2022\/02\/IMG_20220219_200241538-rotated.jpg\"><img loading=\"lazy\" decoding=\"async\" width=\"576\" height=\"1024\" src=\"https:\/\/atecordoba.org\/wp-content\/uploads\/2022\/02\/IMG_20220219_200241538-576x1024.jpg\" alt=\"\" data-id=\"30246\" data-full-url=\"https:\/\/atecordoba.org\/wp-content\/uploads\/2022\/02\/IMG_20220219_200241538-rotated.jpg\" data-link=\"https:\/\/atecordoba.org\/?attachment_id=30246\" class=\"wp-image-30246\" srcset=\"https:\/\/atecordoba.org\/wp-content\/uploads\/2022\/02\/IMG_20220219_200241538-576x1024.jpg 576w, https:\/\/atecordoba.org\/wp-content\/uploads\/2022\/02\/IMG_20220219_200241538-169x300.jpg 169w, https:\/\/atecordoba.org\/wp-content\/uploads\/2022\/02\/IMG_20220219_200241538-768x1365.jpg 768w, https:\/\/atecordoba.org\/wp-content\/uploads\/2022\/02\/IMG_20220219_200241538-864x1536.jpg 864w, https:\/\/atecordoba.org\/wp-content\/uploads\/2022\/02\/IMG_20220219_200241538-1152x2048.jpg 1152w, https:\/\/atecordoba.org\/wp-content\/uploads\/2022\/02\/IMG_20220219_200241538-750x1333.jpg 750w, https:\/\/atecordoba.org\/wp-content\/uploads\/2022\/02\/IMG_20220219_200241538-1140x2027.jpg 1140w, https:\/\/atecordoba.org\/wp-content\/uploads\/2022\/02\/IMG_20220219_200241538-rotated.jpg 1296w\" sizes=\"auto, (max-width: 576px) 100vw, 576px\" \/><\/a><\/figure><\/li><li class=\"blocks-gallery-item\"><figure><a href=\"https:\/\/atecordoba.org\/wp-content\/uploads\/2022\/02\/IMG_20220219_170403458_HDR.jpg\"><img loading=\"lazy\" decoding=\"async\" width=\"1024\" height=\"576\" src=\"https:\/\/atecordoba.org\/wp-content\/uploads\/2022\/02\/IMG_20220219_170403458_HDR-1024x576.jpg\" alt=\"\" data-id=\"30247\" data-full-url=\"https:\/\/atecordoba.org\/wp-content\/uploads\/2022\/02\/IMG_20220219_170403458_HDR.jpg\" data-link=\"https:\/\/atecordoba.org\/?attachment_id=30247\" class=\"wp-image-30247\" srcset=\"https:\/\/atecordoba.org\/wp-content\/uploads\/2022\/02\/IMG_20220219_170403458_HDR-1024x576.jpg 1024w, https:\/\/atecordoba.org\/wp-content\/uploads\/2022\/02\/IMG_20220219_170403458_HDR-300x169.jpg 300w, https:\/\/atecordoba.org\/wp-content\/uploads\/2022\/02\/IMG_20220219_170403458_HDR-768x432.jpg 768w, https:\/\/atecordoba.org\/wp-content\/uploads\/2022\/02\/IMG_20220219_170403458_HDR-1536x864.jpg 1536w, https:\/\/atecordoba.org\/wp-content\/uploads\/2022\/02\/IMG_20220219_170403458_HDR-2048x1152.jpg 2048w, https:\/\/atecordoba.org\/wp-content\/uploads\/2022\/02\/IMG_20220219_170403458_HDR-750x422.jpg 750w, https:\/\/atecordoba.org\/wp-content\/uploads\/2022\/02\/IMG_20220219_170403458_HDR-1140x641.jpg 1140w\" sizes=\"auto, (max-width: 1024px) 100vw, 1024px\" \/><\/a><\/figure><\/li><\/ul><\/figure>\n\n\n\n<p>Laura Mehring, Secretaria General del Sindicato de Obreros y Empleados Aceiteros de Rafaela y Esperanza e integrante de la Federaci\u00f3n Aceitera, viene de un \u00e1mbito integrado en un 90% por hombres. Las pocas mujeres que se desempe\u00f1an en aceiteras y desmotadoras se dedican al sector mantenimiento (limpieza) y administraci\u00f3n. Aunque, en Rosario, hay una compa\u00f1era mec\u00e1nica, lo que fue un logro importante.<\/p>\n\n\n\n<p>\u201cVenimos de un encuentro en Buenos Aires el a\u00f1o pasado donde se plante\u00f3 este de Rosario. Es muy importante tener una visi\u00f3n de qu\u00e9 pasa con las mujeres en los sindicatos en otros pa\u00edses y tambi\u00e9n llevarles experiencias a otras compa\u00f1eras que est\u00e1n en lucha\u201d, consider\u00f3.<\/p>\n\n\n\n<p>Llegada desde Chile, pa\u00eds que arroja una coyuntura apasionante en Latinoam\u00e9rica, Pamela Valenzuela, vocera de la Coordinadora 8M y parte del Comit\u00e9 Sindical, defini\u00f3: \u201cnos paramos desde el feminismo que habla de todo\u201d. En el pa\u00eds trasandino construyeron a partir de los encuentros de mujeres y disidencias que luchan, grandes huelgas y este comit\u00e9. En \u00e9l coagulan compa\u00f1eras de diversas organizaciones, \u00e1reas, desde todas las perspectivas del trabajo remunerado y no remunerado.<\/p>\n\n\n\n<p>\u201cPartimos de la base del feminismo transfronterizo e internacional donde las luchas feministas se nutren, retroalimentan, potencian. Sentimos muy nuestra la lucha feminista argentina, aprendimos mucho de su lucha\u201d, valor\u00f3. Y conceptualiz\u00f3: \u201cel trabajo funda la sociedad, el capitalismo patriarcal es un problema para nosotras porque no nos quiere resolver los problemas que nos pone y hay estrategias que deben ser transfronterizas porque el capital es trasnacional tambi\u00e9n\u201d.<\/p>\n\n\n\n<p><strong>Desaf\u00edos<\/strong><\/p>\n\n\n\n<p>Hay muchos y variados puntos para abordar desde una perspectiva feminista en sindicatos y agrupaciones de base. Las disertantes apuntaron no s\u00f3lo a la mayor participaci\u00f3n de las mujeres en la conformaci\u00f3n y espacios de decisi\u00f3n. Para ello, es importante tambi\u00e9n ampliar las tareas para las que son contratadas, pues en \u00e1mbitos masculinizados no s\u00f3lo es dif\u00edcil llegar sino mantenerse (muchas los abandonan por los maltratos). En esa l\u00ednea, tender herramientas para luchar contra el acoso laboral es central.<\/p>\n\n\n\n<figure class=\"wp-block-gallery columns-3 is-cropped wp-block-gallery-4 is-layout-flex wp-block-gallery-is-layout-flex\"><ul class=\"blocks-gallery-grid\"><li class=\"blocks-gallery-item\"><figure><a href=\"https:\/\/atecordoba.org\/wp-content\/uploads\/2022\/02\/IMG-20220219-WA0056.jpg\"><img loading=\"lazy\" decoding=\"async\" width=\"1024\" height=\"799\" src=\"https:\/\/atecordoba.org\/wp-content\/uploads\/2022\/02\/IMG-20220219-WA0056-1024x799.jpg\" alt=\"\" data-id=\"30248\" data-full-url=\"https:\/\/atecordoba.org\/wp-content\/uploads\/2022\/02\/IMG-20220219-WA0056.jpg\" data-link=\"https:\/\/atecordoba.org\/?attachment_id=30248\" class=\"wp-image-30248\" srcset=\"https:\/\/atecordoba.org\/wp-content\/uploads\/2022\/02\/IMG-20220219-WA0056-1024x799.jpg 1024w, https:\/\/atecordoba.org\/wp-content\/uploads\/2022\/02\/IMG-20220219-WA0056-300x234.jpg 300w, https:\/\/atecordoba.org\/wp-content\/uploads\/2022\/02\/IMG-20220219-WA0056-768x599.jpg 768w, https:\/\/atecordoba.org\/wp-content\/uploads\/2022\/02\/IMG-20220219-WA0056-750x585.jpg 750w, https:\/\/atecordoba.org\/wp-content\/uploads\/2022\/02\/IMG-20220219-WA0056-1140x890.jpg 1140w, https:\/\/atecordoba.org\/wp-content\/uploads\/2022\/02\/IMG-20220219-WA0056.jpg 1280w\" sizes=\"auto, (max-width: 1024px) 100vw, 1024px\" \/><\/a><\/figure><\/li><li class=\"blocks-gallery-item\"><figure><a href=\"https:\/\/atecordoba.org\/wp-content\/uploads\/2022\/02\/IMG-20220219-WA0057.jpg\"><img loading=\"lazy\" decoding=\"async\" width=\"1024\" height=\"558\" src=\"https:\/\/atecordoba.org\/wp-content\/uploads\/2022\/02\/IMG-20220219-WA0057-1024x558.jpg\" alt=\"\" data-id=\"30249\" data-full-url=\"https:\/\/atecordoba.org\/wp-content\/uploads\/2022\/02\/IMG-20220219-WA0057.jpg\" data-link=\"https:\/\/atecordoba.org\/?attachment_id=30249\" class=\"wp-image-30249\" srcset=\"https:\/\/atecordoba.org\/wp-content\/uploads\/2022\/02\/IMG-20220219-WA0057-1024x558.jpg 1024w, https:\/\/atecordoba.org\/wp-content\/uploads\/2022\/02\/IMG-20220219-WA0057-300x163.jpg 300w, https:\/\/atecordoba.org\/wp-content\/uploads\/2022\/02\/IMG-20220219-WA0057-768x418.jpg 768w, https:\/\/atecordoba.org\/wp-content\/uploads\/2022\/02\/IMG-20220219-WA0057-750x408.jpg 750w, https:\/\/atecordoba.org\/wp-content\/uploads\/2022\/02\/IMG-20220219-WA0057-1140x621.jpg 1140w, https:\/\/atecordoba.org\/wp-content\/uploads\/2022\/02\/IMG-20220219-WA0057.jpg 1280w\" sizes=\"auto, (max-width: 1024px) 100vw, 1024px\" \/><\/a><\/figure><\/li><li class=\"blocks-gallery-item\"><figure><a href=\"https:\/\/atecordoba.org\/wp-content\/uploads\/2022\/02\/IMG-20220220-WA0039.jpg\"><img loading=\"lazy\" decoding=\"async\" width=\"1024\" height=\"682\" src=\"https:\/\/atecordoba.org\/wp-content\/uploads\/2022\/02\/IMG-20220220-WA0039-1024x682.jpg\" alt=\"\" data-id=\"30250\" data-full-url=\"https:\/\/atecordoba.org\/wp-content\/uploads\/2022\/02\/IMG-20220220-WA0039.jpg\" data-link=\"https:\/\/atecordoba.org\/?attachment_id=30250\" class=\"wp-image-30250\" srcset=\"https:\/\/atecordoba.org\/wp-content\/uploads\/2022\/02\/IMG-20220220-WA0039-1024x682.jpg 1024w, https:\/\/atecordoba.org\/wp-content\/uploads\/2022\/02\/IMG-20220220-WA0039-300x200.jpg 300w, https:\/\/atecordoba.org\/wp-content\/uploads\/2022\/02\/IMG-20220220-WA0039-768x512.jpg 768w, https:\/\/atecordoba.org\/wp-content\/uploads\/2022\/02\/IMG-20220220-WA0039-750x500.jpg 750w, https:\/\/atecordoba.org\/wp-content\/uploads\/2022\/02\/IMG-20220220-WA0039-1140x760.jpg 1140w, https:\/\/atecordoba.org\/wp-content\/uploads\/2022\/02\/IMG-20220220-WA0039.jpg 1280w\" sizes=\"auto, (max-width: 1024px) 100vw, 1024px\" \/><\/a><\/figure><\/li><\/ul><\/figure>\n\n\n\n<p>Abordar la perspectiva de la discapacidad, las cuestiones de democracia paritaria, igualdad salarial, el reconocimiento de trabajos remunerados y no remunerados, el rol social central de las tareas de cuidados, la flexibilizaci\u00f3n laboral, la enorme crisis migratoria en algunos territorios, son s\u00f3lo puntas de un ovillo de municiones simb\u00f3licas que apuntan al coraz\u00f3n mismo de un sistema estructuralmente injusto, para transformarlo. Por eso el compartir espacios de debate y s\u00edntesis se torna vital. Y vaya si lo es con el crecimiento cotidiano de la expresi\u00f3n m\u00e1xima de la violencia patriarcal: los femicidios y travesticidios.<\/p>\n\n\n\n<p>Florencia Puente, de la Fundaci\u00f3n Rosa Luxemburgo, cont\u00f3 que \u201cdos de nuestros cuatro ejes de trabajo tienen que ver con la perspectiva de trabajadores y trabajadoras y la cuesti\u00f3n feminista. La apuesta es poner en di\u00e1logo ambas perspectivas y la potencia del feminismo en torno al di\u00e1logo sindical que, para nosotras y nosotros, como organizaci\u00f3n de izquierda y anticapitalista, es central. Se trata de construir un espacio intersindical, federal con compa\u00f1eras de much\u00edsimas organizaciones, que tambi\u00e9n tiene perspectiva internacional\u201d.<\/p>\n\n\n\n<figure class=\"wp-block-gallery columns-3 is-cropped wp-block-gallery-5 is-layout-flex wp-block-gallery-is-layout-flex\"><ul class=\"blocks-gallery-grid\"><li class=\"blocks-gallery-item\"><figure><a href=\"https:\/\/atecordoba.org\/wp-content\/uploads\/2022\/02\/IMG-20220220-WA0047.jpg\"><img loading=\"lazy\" decoding=\"async\" width=\"1024\" height=\"438\" src=\"https:\/\/atecordoba.org\/wp-content\/uploads\/2022\/02\/IMG-20220220-WA0047-1024x438.jpg\" alt=\"\" data-id=\"30251\" data-full-url=\"https:\/\/atecordoba.org\/wp-content\/uploads\/2022\/02\/IMG-20220220-WA0047.jpg\" data-link=\"https:\/\/atecordoba.org\/?attachment_id=30251\" class=\"wp-image-30251\" \/><\/a><\/figure><\/li><li class=\"blocks-gallery-item\"><figure><a href=\"https:\/\/atecordoba.org\/wp-content\/uploads\/2022\/02\/IMG-20220220-WA0044.jpg\"><img loading=\"lazy\" decoding=\"async\" width=\"1024\" height=\"682\" src=\"https:\/\/atecordoba.org\/wp-content\/uploads\/2022\/02\/IMG-20220220-WA0044-1024x682.jpg\" alt=\"\" data-id=\"30252\" data-full-url=\"https:\/\/atecordoba.org\/wp-content\/uploads\/2022\/02\/IMG-20220220-WA0044.jpg\" data-link=\"https:\/\/atecordoba.org\/?attachment_id=30252\" class=\"wp-image-30252\" srcset=\"https:\/\/atecordoba.org\/wp-content\/uploads\/2022\/02\/IMG-20220220-WA0044-1024x682.jpg 1024w, https:\/\/atecordoba.org\/wp-content\/uploads\/2022\/02\/IMG-20220220-WA0044-300x200.jpg 300w, https:\/\/atecordoba.org\/wp-content\/uploads\/2022\/02\/IMG-20220220-WA0044-768x512.jpg 768w, https:\/\/atecordoba.org\/wp-content\/uploads\/2022\/02\/IMG-20220220-WA0044-750x500.jpg 750w, https:\/\/atecordoba.org\/wp-content\/uploads\/2022\/02\/IMG-20220220-WA0044-1140x760.jpg 1140w, https:\/\/atecordoba.org\/wp-content\/uploads\/2022\/02\/IMG-20220220-WA0044.jpg 1280w\" sizes=\"auto, (max-width: 1024px) 100vw, 1024px\" \/><\/a><\/figure><\/li><li class=\"blocks-gallery-item\"><figure><a href=\"https:\/\/atecordoba.org\/wp-content\/uploads\/2022\/02\/IMG-20220220-WA0046.jpg\"><img loading=\"lazy\" decoding=\"async\" width=\"1024\" height=\"682\" src=\"https:\/\/atecordoba.org\/wp-content\/uploads\/2022\/02\/IMG-20220220-WA0046-1024x682.jpg\" alt=\"\" data-id=\"30253\" data-full-url=\"https:\/\/atecordoba.org\/wp-content\/uploads\/2022\/02\/IMG-20220220-WA0046.jpg\" data-link=\"https:\/\/atecordoba.org\/?attachment_id=30253\" class=\"wp-image-30253\" srcset=\"https:\/\/atecordoba.org\/wp-content\/uploads\/2022\/02\/IMG-20220220-WA0046-1024x682.jpg 1024w, https:\/\/atecordoba.org\/wp-content\/uploads\/2022\/02\/IMG-20220220-WA0046-300x200.jpg 300w, https:\/\/atecordoba.org\/wp-content\/uploads\/2022\/02\/IMG-20220220-WA0046-768x512.jpg 768w, https:\/\/atecordoba.org\/wp-content\/uploads\/2022\/02\/IMG-20220220-WA0046-750x500.jpg 750w, https:\/\/atecordoba.org\/wp-content\/uploads\/2022\/02\/IMG-20220220-WA0046-1140x760.jpg 1140w, https:\/\/atecordoba.org\/wp-content\/uploads\/2022\/02\/IMG-20220220-WA0046.jpg 1280w\" sizes=\"auto, (max-width: 1024px) 100vw, 1024px\" \/><\/a><\/figure><\/li><\/ul><\/figure>\n\n\n\n<p>Jimena Frankel, del Observatorio del Derecho Social de la CTA Aut\u00f3noma concluy\u00f3 con precisi\u00f3n: \u201chacer estas s\u00edntesis te\u00f3ricas nos permite avanzar en el an\u00e1lisis de c\u00f3mo se manifiestan las violencias en los lugares de trabajo y en las estructuras sindicales, acumular, sistematizar y entender mejor nuestra realidad para poder accionar de forma m\u00e1s potente\u201d.<\/p>\n","protected":false},"excerpt":{"rendered":"<p>Se desarroll\u00f3 este s\u00e1bado en la sede de ATE Rosario la primera jornada del encuentro organizado por la Seccional, el gremio el SOEAR, la Fundaci\u00f3n Rosa Luxemburgo y otras entidades. El domingo, en tanto, el escenario de debate se traslad\u00f3 a la sede de la Federaci\u00f3n Aceitera. ATE C\u00f3rdoba estuvo presente en esta importante actividad [&hellip;]<\/p>\n","protected":false},"author":7,"featured_media":30251,"comment_status":"open","ping_status":"open","sticky":false,"template":"","format":"standard","meta":{"_exactmetrics_skip_tracking":false,"_exactmetrics_sitenote_active":false,"_exactmetrics_sitenote_note":"","_exactmetrics_sitenote_category":0,"jnews-multi-image_gallery":[],"jnews_single_post":{"subtitle":"Con decenas de compa\u00f1eras de Argentina y Latinoam\u00e9rica, se realiz\u00f3 en Rosario el \"II Encuentro Sindicalismo y Feminismo de cara al 8M\". Una delegaci\u00f3n de ATE C\u00f3rdoba particip\u00f3 con intercambios, s\u00edntesis y apuestas de las dirigentas sindicales de los m\u00e1s diversos sectores y centrales obreras para construir un gremialismo y \u00e1mbitos laborales igualitarios y libres de violencias.","format":"standard","video":"","gallery":"","source_name":"","source_url":"","via_name":"","via_url":"","override":[{"template":"1","single_blog_custom":"","parallax":"1","fullscreen":"1","layout":"right-sidebar","sidebar":"default-sidebar","second_sidebar":"default-sidebar","sticky_sidebar":"1","share_position":"top","share_float_style":"share-monocrhome","show_share_counter":"1","show_view_counter":"1","show_featured":"1","show_post_meta":"1","show_post_author":"1","show_post_author_image":"1","show_post_date":"1","post_date_format":"default","post_date_format_custom":"Y\/m\/d","show_post_category":"1","post_reading_time_wpm":"300","zoom_button_out_step":"2","zoom_button_in_step":"3","show_post_tag":"1","show_prev_next_post":"1","show_popup_post":"1","number_popup_post":"1"}],"image_override":[{"single_post_thumbnail_size":"crop-500","single_post_gallery_size":"crop-500"}],"trending_post_position":"meta","trending_post_label":"Trending","sponsored_post_label":"Sponsored by","sponsored_post_name":"","sponsored_post_url":"","sponsored_post_logo":"","sponsored_post_desc":""},"jnews_primary_category":{"id":""},"jnews_social_meta":[],"jnews_review":[],"enable_review":"","type":"","name":"","summary":"","brand":"","sku":"","good":[],"bad":[],"score_override":"","override_value":"","rating":[],"price":[],"jnews_override_counter":[],"jnews_post_split":[],"footnotes":""},"categories":[325],"tags":[1020],"class_list":["post-30238","post","type-post","status-publish","format-standard","has-post-thumbnail","hentry","category-generos-y-diversidades","tag-encuentro-sindical-feminista"],"jetpack_featured_media_url":"https:\/\/atecordoba.org\/wp-content\/uploads\/2022\/02\/IMG-20220220-WA0047-e1645469619100.jpg","_links":{"self":[{"href":"https:\/\/atecordoba.org\/index.php?rest_route=\/wp\/v2\/posts\/30238","targetHints":{"allow":["GET"]}}],"collection":[{"href":"https:\/\/atecordoba.org\/index.php?rest_route=\/wp\/v2\/posts"}],"about":[{"href":"https:\/\/atecordoba.org\/index.php?rest_route=\/wp\/v2\/types\/post"}],"author":[{"embeddable":true,"href":"https:\/\/atecordoba.org\/index.php?rest_route=\/wp\/v2\/users\/7"}],"replies":[{"embeddable":true,"href":"https:\/\/atecordoba.org\/index.php?rest_route=%2Fwp%2Fv2%2Fcomments&post=30238"}],"version-history":[{"count":2,"href":"https:\/\/atecordoba.org\/index.php?rest_route=\/wp\/v2\/posts\/30238\/revisions"}],"predecessor-version":[{"id":30256,"href":"https:\/\/atecordoba.org\/index.php?rest_route=\/wp\/v2\/posts\/30238\/revisions\/30256"}],"wp:featuredmedia":[{"embeddable":true,"href":"https:\/\/atecordoba.org\/index.php?rest_route=\/wp\/v2\/media\/30251"}],"wp:attachment":[{"href":"https:\/\/atecordoba.org\/index.php?rest_route=%2Fwp%2Fv2%2Fmedia&parent=30238"}],"wp:term":[{"taxonomy":"category","embeddable":true,"href":"https:\/\/atecordoba.org\/index.php?rest_route=%2Fwp%2Fv2%2Fcategories&post=30238"},{"taxonomy":"post_tag","embeddable":true,"href":"https:\/\/atecordoba.org\/index.php?rest_route=%2Fwp%2Fv2%2Ftags&post=30238"}],"curies":[{"name":"wp","href":"https:\/\/api.w.org\/{rel}","templated":true}]}}