{"id":30206,"date":"2022-02-18T16:24:10","date_gmt":"2022-02-18T19:24:10","guid":{"rendered":"https:\/\/atecordoba.org\/?p=30206"},"modified":"2022-02-18T16:32:52","modified_gmt":"2022-02-18T19:32:52","slug":"la-deuda-en-debate-giuliani-coordino-la-charla-que-brindaron-lozano-y-barcesat-con-muy-buena-participacion-en-las-redes-sociales-de-ate-cordoba","status":"publish","type":"post","link":"https:\/\/atecordoba.org\/?p=30206","title":{"rendered":"La deuda en debate: Giuliani coordin\u00f3 la charla que brindaron Lozano y Barcesat con muy buena participaci\u00f3n en las redes sociales de ATE C\u00f3rdoba"},"content":{"rendered":"\n<div class=\"wp-block-image\"><figure class=\"aligncenter size-large is-resized\"><img loading=\"lazy\" decoding=\"async\" src=\"https:\/\/atecordoba.org\/wp-content\/uploads\/2022\/02\/IMG-20220217-WA0207-1024x588.jpg\" alt=\"\" class=\"wp-image-30212\" width=\"768\" height=\"441\" srcset=\"https:\/\/atecordoba.org\/wp-content\/uploads\/2022\/02\/IMG-20220217-WA0207-1024x588.jpg 1024w, https:\/\/atecordoba.org\/wp-content\/uploads\/2022\/02\/IMG-20220217-WA0207-300x172.jpg 300w, https:\/\/atecordoba.org\/wp-content\/uploads\/2022\/02\/IMG-20220217-WA0207-768x441.jpg 768w, https:\/\/atecordoba.org\/wp-content\/uploads\/2022\/02\/IMG-20220217-WA0207-750x431.jpg 750w, https:\/\/atecordoba.org\/wp-content\/uploads\/2022\/02\/IMG-20220217-WA0207-1140x655.jpg 1140w, https:\/\/atecordoba.org\/wp-content\/uploads\/2022\/02\/IMG-20220217-WA0207.jpg 1280w\" sizes=\"auto, (max-width: 768px) 100vw, 768px\" \/><\/figure><\/div>\n\n\n\n<p>Ayer por la tarde  se concret\u00f3 la charla debate organizada por el Consejo Directivo Provincial (CDP) donde el secretario General de ATE C\u00f3rdoba, Federico Giuliani, coordin\u00f3 la actividad que tuvo como expositores al jurista Eduardo Barcesat y la economista Claudio Lozano, abordando el acuerdo con el FMI que el gobierno pretende impone en el Congreso, que implica un ajuste dadas las condiciones que el fondo buscar impone a la Argentina.<\/p>\n\n\n\n<p>&#8220;Compa\u00f1eros y compa\u00f1eras de todo el pa\u00eds estamos participando de esta actividad, frente a una cuesti\u00f3n que es central en la agenda p\u00fablica y pero que no tiene el contenido pol\u00edtico necesario para que podamos comenzar a delinear, entre trabajadores y trabajadoras, integrantes del campo popular, cu\u00e1les son las consecuencias que va a traer este acuerdo con el FMI&#8221;, introdujo Giuliani frente a los 120 participantes presentes.<\/p>\n\n\n\n<p>El dirigente mencion\u00f3 la presencia de Pipon Giuliani, presidente de Unidad Popular Rio 4\u00b0, junto a compa\u00f1eros de Lomas de Zamora, de Sante Fe, de Neuqu\u00e9n, de prov de Buenos Aires, a Leticia Quagliaro de Unidad Popular Santa Fe, a las compa\u00f1eras de Radio Kaput de CABA, presencia de dirigentes de Ushuaia, R\u00edo Cuarto, Rosario, Capital, Villa Mar\u00eda, Vicente L\u00f3pez, Santiago del Estero, Jujuy y Entre R\u00edos<\/p>\n\n\n\n<figure class=\"wp-block-gallery columns-2 is-cropped wp-block-gallery-1 is-layout-flex wp-block-gallery-is-layout-flex\"><ul class=\"blocks-gallery-grid\"><li class=\"blocks-gallery-item\"><figure><a href=\"https:\/\/atecordoba.org\/wp-content\/uploads\/2022\/02\/IMG-20220217-WA0205.jpg\"><img loading=\"lazy\" decoding=\"async\" width=\"729\" height=\"411\" src=\"https:\/\/atecordoba.org\/wp-content\/uploads\/2022\/02\/IMG-20220217-WA0205.jpg\" alt=\"\" data-id=\"30213\" data-full-url=\"https:\/\/atecordoba.org\/wp-content\/uploads\/2022\/02\/IMG-20220217-WA0205.jpg\" data-link=\"https:\/\/atecordoba.org\/?attachment_id=30213\" class=\"wp-image-30213\" srcset=\"https:\/\/atecordoba.org\/wp-content\/uploads\/2022\/02\/IMG-20220217-WA0205.jpg 729w, https:\/\/atecordoba.org\/wp-content\/uploads\/2022\/02\/IMG-20220217-WA0205-300x169.jpg 300w\" sizes=\"auto, (max-width: 729px) 100vw, 729px\" \/><\/a><\/figure><\/li><li class=\"blocks-gallery-item\"><figure><a href=\"https:\/\/atecordoba.org\/wp-content\/uploads\/2022\/02\/IMG-20220217-WA0204.jpg\"><img loading=\"lazy\" decoding=\"async\" width=\"730\" height=\"411\" src=\"https:\/\/atecordoba.org\/wp-content\/uploads\/2022\/02\/IMG-20220217-WA0204.jpg\" alt=\"\" data-id=\"30215\" data-full-url=\"https:\/\/atecordoba.org\/wp-content\/uploads\/2022\/02\/IMG-20220217-WA0204.jpg\" data-link=\"https:\/\/atecordoba.org\/?attachment_id=30215\" class=\"wp-image-30215\" srcset=\"https:\/\/atecordoba.org\/wp-content\/uploads\/2022\/02\/IMG-20220217-WA0204.jpg 730w, https:\/\/atecordoba.org\/wp-content\/uploads\/2022\/02\/IMG-20220217-WA0204-300x169.jpg 300w\" sizes=\"auto, (max-width: 730px) 100vw, 730px\" \/><\/a><\/figure><\/li><\/ul><\/figure>\n\n\n\n<p>&#8220;Tambi\u00e9n entendemos que despu\u00e9s de una etapa de debate hay que pasar a la acci\u00f3n y por eso es fundamental que hoy est\u00e9n presentes dirigentes de distintas organizaciones de base, tanto sindicales, como territoriales, sociales y culturales, porque seguramente tendremos que salir a poner el cuerpo par que no seamos nuevamente el pueblo trabajador el que pague las consecuencias de un acuerdo de este tipo&#8221;, continu\u00f3 Giuliani para luego invitar a Barcesat a iniciar su exposici\u00f3n.<\/p>\n\n\n\n<p>El jurista comenz\u00f3 explicando el aspecto jur\u00eddico institucional del acuerdo en 2018 con el FMI. &#8220;Tengo a mano las disposiciones constitucionales para tomar cr\u00e9ditos de esta naturaleza, pero hay que resaltar la gran paradoja que siendo la palabra &#8216;deuda&#8217; un t\u00e9rmino jur\u00eddico, no se haya escuchado a lo largo de los debates la opini\u00f3n de abogados respecto a qu\u00e9 valor y qu\u00e9 grado de validez atribuirle al acuerdo celebrado por la gesti\u00f3n de Mauricio Macri&#8221;, apunt\u00f3.<\/p>\n\n\n\n<p>Y propuso un debate entre juristas para determinar &#8220;en qu\u00e9 cl\u00e1usula se apoya la presunci\u00f3n de que la deuda es legal&#8221;.<\/p>\n\n\n\n<p>&#8220;Que el Presidente Alberto Fern\u00e1ndez diga que el gobierno de Macri era leg\u00edtimo, y que por lo tanto sus actos tambi\u00e9n lo son, no tiene ning\u00fan sostenimiento en base al derecho porque la legitimidad de origen -que nadie duda- no se extiende a todos sus actos. y hoy en d\u00eda tenemos una colecta tan terrible de atrocidades constitucionales incurridas por aquel gobierno, que pensar que el hecho de haber llegado por voto popular valida todo lo actuado no se sostiene en el derecho&#8221;, asegur\u00f3 Barcesat.<\/p>\n\n\n\n<figure class=\"wp-block-gallery columns-3 is-cropped wp-block-gallery-2 is-layout-flex wp-block-gallery-is-layout-flex\"><ul class=\"blocks-gallery-grid\"><li class=\"blocks-gallery-item\"><figure><a href=\"https:\/\/atecordoba.org\/wp-content\/uploads\/2022\/02\/IMG-20220217-WA0202.jpg\"><img loading=\"lazy\" decoding=\"async\" width=\"730\" height=\"411\" src=\"https:\/\/atecordoba.org\/wp-content\/uploads\/2022\/02\/IMG-20220217-WA0202.jpg\" alt=\"\" data-id=\"30216\" data-full-url=\"https:\/\/atecordoba.org\/wp-content\/uploads\/2022\/02\/IMG-20220217-WA0202.jpg\" data-link=\"https:\/\/atecordoba.org\/?attachment_id=30216\" class=\"wp-image-30216\" srcset=\"https:\/\/atecordoba.org\/wp-content\/uploads\/2022\/02\/IMG-20220217-WA0202.jpg 730w, https:\/\/atecordoba.org\/wp-content\/uploads\/2022\/02\/IMG-20220217-WA0202-300x169.jpg 300w\" sizes=\"auto, (max-width: 730px) 100vw, 730px\" \/><\/a><\/figure><\/li><li class=\"blocks-gallery-item\"><figure><a href=\"https:\/\/atecordoba.org\/wp-content\/uploads\/2022\/02\/IMG-20220217-WA0203.jpg\"><img loading=\"lazy\" decoding=\"async\" width=\"727\" height=\"411\" src=\"https:\/\/atecordoba.org\/wp-content\/uploads\/2022\/02\/IMG-20220217-WA0203.jpg\" alt=\"\" data-id=\"30217\" data-full-url=\"https:\/\/atecordoba.org\/wp-content\/uploads\/2022\/02\/IMG-20220217-WA0203.jpg\" data-link=\"https:\/\/atecordoba.org\/?attachment_id=30217\" class=\"wp-image-30217\" srcset=\"https:\/\/atecordoba.org\/wp-content\/uploads\/2022\/02\/IMG-20220217-WA0203.jpg 727w, https:\/\/atecordoba.org\/wp-content\/uploads\/2022\/02\/IMG-20220217-WA0203-300x170.jpg 300w\" sizes=\"auto, (max-width: 727px) 100vw, 727px\" \/><\/a><\/figure><\/li><li class=\"blocks-gallery-item\"><figure><a href=\"https:\/\/atecordoba.org\/wp-content\/uploads\/2022\/02\/IMG-20220217-WA0201.jpg\"><img loading=\"lazy\" decoding=\"async\" width=\"726\" height=\"411\" src=\"https:\/\/atecordoba.org\/wp-content\/uploads\/2022\/02\/IMG-20220217-WA0201.jpg\" alt=\"\" data-id=\"30218\" data-full-url=\"https:\/\/atecordoba.org\/wp-content\/uploads\/2022\/02\/IMG-20220217-WA0201.jpg\" data-link=\"https:\/\/atecordoba.org\/?attachment_id=30218\" class=\"wp-image-30218\" srcset=\"https:\/\/atecordoba.org\/wp-content\/uploads\/2022\/02\/IMG-20220217-WA0201.jpg 726w, https:\/\/atecordoba.org\/wp-content\/uploads\/2022\/02\/IMG-20220217-WA0201-300x170.jpg 300w\" sizes=\"auto, (max-width: 726px) 100vw, 726px\" \/><\/a><\/figure><\/li><\/ul><\/figure>\n\n\n\n<p>Tambi\u00e9n se\u00f1alo qu\u00e9 son los empr\u00e9stitos y c\u00f3mo proceder a su arreglo. &#8220;El texto constitucional mantiene vigente el art 75 inc. 4\u00b0 (que se refiere a contraer empr\u00e9stitos sobre cr\u00e9ditos de la Naci\u00f3n) y 7\u00b0 (arreglar el pago de la deuda interior y exterior), un texto de 1853 revalidado en 1994, con el voto ampliamente mayoritario de la Convenci\u00f3n Constituyente de ese a\u00f1o. En aquel debate se examin\u00f3 la delegaci\u00f3n de facultades y se mantuvo el texto originario, complet\u00e1ndose esa menci\u00f3n con otras dos disposiciones constitucionales que servir\u00e1n para encuadrar el tema. La primera es el art\u00edculo 65\u00b0, inc. 22, que dice &#8216;corresponde al Congreso aprobar o desechar trabados concluidos con las dem\u00e1s naciones y con las organizaciones internacionales&#8217;. Queda claro que el Congreso debe pronunciarse sobre una carta de intenci\u00f3n o acuerdo preliminar del Poder Ejecutivo con las autoridades del FMI para que adquiera vigencia. Porque si la Constituci\u00f3n dice que se puede aprobar o desechar es obvio que el pronunciamiento debe ser previo a que entre en ejecuci\u00f3n el acuerdo con organismos internacionales&#8221;.<\/p>\n\n\n\n<p>Y razon\u00f3 &#8220;el dato cierto es que el Poder Ejecutivo encabezado por Mauricio Macri no envi\u00f3 en ning\u00fan momento al Congreso la propuesta de empr\u00e9stito con el FMI. As\u00ed mismo, cuando desde el bloque de Unidad Ciudadana se intent\u00f3 concretar una reuni\u00f3n para que vinieran a exhibir cu\u00e1l era acuerdo que se hab\u00eda celebrado por ese monto tan enorme, no se le dio quorum a la reuni\u00f3n y fracas\u00f3. Desde el inicio de la gesti\u00f3n del Presidente Fern\u00e1ndez tampoco se llev\u00f3 al Congreso el acuerdo del 2018 para ver si es aprobado o desechado&#8221;.<\/p>\n\n\n\n<p>Respecto a los requisitos que debe cumplir un acto jur\u00eddico para ser v\u00e1lido, para poder crear una norma de derecho como es un tratado o un acuerdo financiero, son que el acto se realice desde una autoridad competente y que se haya seguido el procedimiento establecido por la ley org\u00e1nica, es decir el orden jur\u00eddico.<\/p>\n\n\n\n<p><strong>&#8220;Por eso describimos qu\u00e9 dice la Constituci\u00f3n y cu\u00e1l es el papel del Congreso. En cuanto al procedimiento, es una ley que autorice el procedimiento al Ejecutivo en su trato con el directorio del FMI. Nada de esto ocurri\u00f3<\/strong>&#8220;.<\/p>\n\n\n\n<p>&#8220;El tercer requisito de validez es que el acuerdo pertenezca a un orden jur\u00eddico que en su conjunto sea valedero (que tiene valor para determinada cosa) y acorde a ese orden jur\u00eddico. Eso que nuestra Corte Suprema llama control de razonabilidad. En cuanto a la competencia del \u00f3rgano y cumplimiento de procedimiento, est\u00e1 claro su incumplimiento, en tanto la razonabilidad se la dejo a Lozano&#8221;, resumi\u00f3<\/p>\n\n\n\n<p><strong>Lozano<\/strong><\/p>\n\n\n\n<p>Por su parte, el director del Banco Naci\u00f3n salud\u00f3 a los presentes y coment\u00f3 que &#8220;es un placer participar de este debate sobre un tema que ciertamente es muy relevante, sobre todo para el futuro de nuestro pa\u00eds por la situaci\u00f3n de clara vulnerabilidad social que sufre hoy la Argentina. Como dice Barcesat, el acuerdo del 2018 es nulo, inconstitucional e implica adem\u00e1s una malversaci\u00f3n absoluta de los fondos que se supone que ingresaron a Argentina para la cancelaci\u00f3n de deuda p\u00fablica y que fueron utilizados para un claro proceso de valorizaci\u00f3n financiera y fuga de capitales&#8221;.<\/p>\n\n\n\n<p>&#8220;Dicho esto, y siendo un poco antip\u00e1tico con el Gobierno Nacional porque Unidad Popular es una fuerza que integra el Frente de Todos desde el comienzo, empiezo diciendo que<strong> todo lo que estamos haciendo en este momento va en l\u00ednea para que el acuerdo que estar\u00eda por enviarse al Congreso no se concrete.<\/strong> En tanto todav\u00eda hay procesos de negociaci\u00f3n del Poder Ejecutivo con el Fondo y posteriormente la intervenci\u00f3n del parlamento, esperemos que podamos intervenir para que estas cosas puedan modificarse en alguna medida&#8221;, se esperanz\u00f3.<\/p>\n\n\n\n<p>Y adelant\u00f3 que &#8220;lo que conocemos hasta ahora es muy malo, implica haber perdido una oportunidad hist\u00f3rica de declarar nulo el acuerdo de 2018, que nos permit\u00eda contar, tanto en el plano local como en el internacional, un conjunto de elementos que hubieran obligado a que el FMI tuviera que asumir su corresponsabilidad respecto a la situaci\u00f3n argentina. El fondo tuvo que ver con lo que ocurri\u00f3, es responsable igual que Macri, y que por lo tanto tiene que facilitar la soluci\u00f3n, no puede asumir la corresponsabilidad y que eso no se traduzca en nada&#8221;.<\/p>\n\n\n\n<figure class=\"wp-block-gallery columns-2 is-cropped wp-block-gallery-3 is-layout-flex wp-block-gallery-is-layout-flex\"><ul class=\"blocks-gallery-grid\"><li class=\"blocks-gallery-item\"><figure><a href=\"https:\/\/atecordoba.org\/wp-content\/uploads\/2022\/02\/IMG-20220217-WA0199-2.jpg\"><img loading=\"lazy\" decoding=\"async\" width=\"727\" height=\"411\" src=\"https:\/\/atecordoba.org\/wp-content\/uploads\/2022\/02\/IMG-20220217-WA0199-2.jpg\" alt=\"\" data-id=\"30223\" data-full-url=\"https:\/\/atecordoba.org\/wp-content\/uploads\/2022\/02\/IMG-20220217-WA0199-2.jpg\" data-link=\"https:\/\/atecordoba.org\/?attachment_id=30223\" class=\"wp-image-30223\" srcset=\"https:\/\/atecordoba.org\/wp-content\/uploads\/2022\/02\/IMG-20220217-WA0199-2.jpg 727w, https:\/\/atecordoba.org\/wp-content\/uploads\/2022\/02\/IMG-20220217-WA0199-2-300x170.jpg 300w\" sizes=\"auto, (max-width: 727px) 100vw, 727px\" \/><\/a><\/figure><\/li><li class=\"blocks-gallery-item\"><figure><a href=\"https:\/\/atecordoba.org\/wp-content\/uploads\/2022\/02\/IMG-20220217-WA0200-2.jpg\"><img loading=\"lazy\" decoding=\"async\" width=\"729\" height=\"411\" src=\"https:\/\/atecordoba.org\/wp-content\/uploads\/2022\/02\/IMG-20220217-WA0200-2.jpg\" alt=\"\" data-id=\"30224\" data-full-url=\"https:\/\/atecordoba.org\/wp-content\/uploads\/2022\/02\/IMG-20220217-WA0200-2.jpg\" data-link=\"https:\/\/atecordoba.org\/?attachment_id=30224\" class=\"wp-image-30224\" srcset=\"https:\/\/atecordoba.org\/wp-content\/uploads\/2022\/02\/IMG-20220217-WA0200-2.jpg 729w, https:\/\/atecordoba.org\/wp-content\/uploads\/2022\/02\/IMG-20220217-WA0200-2-300x169.jpg 300w\" sizes=\"auto, (max-width: 729px) 100vw, 729px\" \/><\/a><\/figure><\/li><\/ul><\/figure>\n\n\n\n<p>Pero, critic\u00f3 Lozano, en vez de iniciar un proceso donde tanto la Argentina como el fondo ponen algo para poder solucionar lo ocurrido, &#8220;lo que termina apareciendo es una propuesta donde la existencia del endeudamiento permite la incorporaci\u00f3n del Fondo para cogobernar la Argentina desde ahora hasta el 2034. Es decir, se nos est\u00e1 planteando un cogobierno desde 2022 a 2034 con el FMI. Esa es la dimensi\u00f3n de lo que nos est\u00e1n proponiendo&#8221;.<\/p>\n\n\n\n<p>Y apunt\u00f3 a la gesti\u00f3n econ\u00f3mica actual a afirmar que &#8220;esto no es casualidad sino el resultado de malas caracterizaciones y de malas decisiones, tomadas para enfrentar la situaci\u00f3n. Las caracterizaciones son malas porque no se entiende qu\u00e9 estamos discutiendo. El cr\u00e9dito de Macri no es uno m\u00e1s, sino un cr\u00e9dito del FMI de eminente contenido geopol\u00edtico donde los EEUU utilizaron al Fondo violentando su normativa y sus modos de intervenci\u00f3n para controlar el destino de la Argentina. Por eso, m\u00e1s all\u00e1 de la suerte de Macri, los vencimientos que eran imposibles de afrontar se pusieron en cabeza del gobierno que segu\u00eda, de manera que si no era Macri quien segu\u00eda gobernando el que agarraba iba a tener que discutir qu\u00e9 rumbo tomaba&#8221;.<\/p>\n\n\n\n<p><strong>Situaci\u00f3n mundial<\/strong><\/p>\n\n\n\n<p>Para Lozano &#8220;hay una situaci\u00f3n mundial clara de conflicto geopol\u00edtico, de reparto del mundo, entre China y los EEUU donde Latinoam\u00e9rica es parte de esta discusi\u00f3n y donde Argentina tiene un rol y un lugar en Latinoam\u00e9rica y un lugar no menor, adem\u00e1s de gozar con m\u00faltiples complementariedades en materia comercial, tecnol\u00f3gicas y financieras con China. Por eso para EEUU este tema no es cualquier cosa, ni solamente sostener a Macri. Ten\u00eda que garantizar centralmente que quien viniera no se saliera del redil y siguiera respetando las pol\u00edticas norteamericanas en la regi\u00f3n&#8221;.<\/p>\n\n\n\n<p>&#8220;Para esa discusi\u00f3n pesada, fuerte, hay que realizar una acumulaci\u00f3n de fuerza que permite sostener una negociaci\u00f3n distinta y obliga a la pol\u00edtica exterior argentina a tomar el tema de la deuda en el centro de su acci\u00f3n y esgrimiera no solo la nulidad, que para la legislaci\u00f3n argentina tiene ese acuerdo, sino que gritara en todos los foros que pudiese las m\u00faltiples irregularidades que el FMI cometi\u00f3 y que tambi\u00e9n hacen nulo el cr\u00e9dito desde ese punto de vista&#8221;, describi\u00f3.<\/p>\n\n\n\n<p><strong>\u00bfFondo bueno? Para nada<\/strong><\/p>\n\n\n\n<p>&#8220;El segundo punto equivocad\u00edsimo de la gesti\u00f3n del gobierno es la visi\u00f3n sobre el FMI porque de entrada la estrategia del ministro Guzm\u00e1n implic\u00f3 tratar al fondo como una instituci\u00f3n amiga que le iba a abrir una soluci\u00f3n al problema, el FMI como aliado, cuando en realidad era el centro del problema&#8221;.<\/p>\n\n\n\n<p>&#8220;El tercer elemento tambi\u00e9n problem\u00e1tico es que Alberto Fern\u00e1ndez recibi\u00f3 a la Argentina en situaci\u00f3n de default declarada por el propio Macri, que dej\u00f3 de pagar la deuda en pesos y mando una ley de reperfilamiento de los vencimientos en divisas con los creedores privados. O sea, el default es de Macri y la l\u00f3gica era haberse mantenido en esa situaci\u00f3n de no pago como condici\u00f3n desde donde negociar con los acreedores. Pero el gobierno argentino consider\u00f3 que ten\u00eda que mostrar una suerte de armon\u00eda con los acreedores y decidi\u00f3 pagar mientras negociaba, lo que implic\u00f3 un deterioro permanente en sus reservas, debilitando al extremo su capacidad de negociaci\u00f3n&#8221;, lament\u00f3 Lozano.<\/p>\n\n\n\n<p>Para Lozano, en este marco el gobierno llega a la negociaci\u00f3n, luego que en el 2021 aun sin acuerdo con el fondo llev\u00f3 adelante una pol\u00edtica de ajuste discutida con el fondo que implic\u00f3 reducir el 50% del d\u00e9ficit fiscal de la Argentina sobre la base que se resintieran los salarios estatales, las jubilaciones, las pol\u00edticas sociales y cuyo resultado fue la derrota electoral del gobierno en el final de ese a\u00f1o. &#8220;Es decir que el ajuste fiscal derrot\u00f3 al gobierno en las Paso, primero, y en noviembre despu\u00e9s&#8221;, sancion\u00f3.<\/p>\n\n\n\n<p>&#8220;Como agregado a esta situaci\u00f3n, la administraci\u00f3n de manera deficiente los d\u00f3lares que ingresaron a Argentina durante dos a\u00f1os, periodo con saldo comercial favorable por 30 mil millones de d\u00f3lares, dio como resultado es que adem\u00e1s de derrotados electoralmente por aplicar el ajuste, el gobierno llega sin reservas para aguantar la negociaci\u00f3n, al pagarle a los acreedores privados y al fondo y permitiendo que las grandes empresas privadas, tanto locales como extranjeras cancelaran deuda en el exterior con las reservas del banco central&#8221;.<\/p>\n\n\n\n<p><strong>Acuerdo malo<\/strong><\/p>\n\n\n\n<p>&#8220;No estamos discutiendo un acuerdo tan malo por casualidad, sino como consecuencia de caracterizaciones equivocadas, de decisiones equivocadas cuyo resultado ha sido la derrota electoral del gobierno y la nula situaci\u00f3n en materia de reservas que le hace dif\u00edcil sostener la situaci\u00f3n. A punto tal que el propio Presidente termina tirando la toalla y pidi\u00e9ndole al FMI que le cierre el acuerdo. Por eso sale a plantear el acuerdo antes de pagar lo \u00faltimo que pod\u00eda, el vencimiento del 29 de enero, cuando est\u00e1 a la espera de un acuerdo a\u00fan no cerrado&#8221;, dijo el presidente de Unidad Popular.<\/p>\n\n\n\n<p>&#8220;Por eso los primeros comunicados fueron contradictorios: mientras desde el Ministerio de Econom\u00eda se dec\u00eda que ya estaba, en Fondo dec\u00edan que todav\u00eda estaban negociando. Y todav\u00eda est\u00e1n negociando, hubo una reuni\u00f3n muy importante ayer donde se acercaron las partes, cuando todav\u00eda no conocemos la letra chica&#8221;, remarc\u00f3. <\/p>\n\n\n\n<p>Y concluy\u00f3: &#8220;al default nos llevaron ahora porque la pol\u00edtica de p\u00e9rdida de divisas y la falta de control de las finanzas hizo que la argentina se quedara sin reservas. Es decir, es un default basado en la p\u00e9rdida de soberan\u00eda y de control sobre la pol\u00edtica econ\u00f3mica por parte del gobierno. No ser\u00eda lo mismo si el gobierno hubiera sido triunfante en las elecciones y si hubiera acumulado reservas en base a los 30 mil millones de d\u00f3lares, limitando los pagos e impidiendo las multinacionales se llevaran, con cancelaci\u00f3n de deuda absolutamente ficticias, buena parte de las reservas del pa\u00eds&#8221;.<\/p>\n\n\n\n<p>&#8220;Si nosotros tuvi\u00e9ramos un gobierno que hubiera discutido una estrategia social diferente, en vez de practicar el ajuste, y si hubiera preservado las reservas, hoy estar\u00edamos discutiendo otro acuerdo con el fondo, con una cesaci\u00f3n de pagos de car\u00e1cter soberano. No es lo mismo llegar al default por p\u00e9rdida de soberan\u00eda que parar los pagos teniendo control sobre el proceso econ\u00f3mico que uno lleva adelante&#8221;, finaliz\u00f3. &nbsp;<\/p>\n\n\n\n<p>Los interesados en ver la conversaci\u00f3n completa puede acceder ingresando <a href=\"https:\/\/www.facebook.com\/watch\/live\/?ref=watch_permalink&amp;v=294375552680500\">ac\u00e1<\/a>.<\/p>\n","protected":false},"excerpt":{"rendered":"<p>Ayer por la tarde se concret\u00f3 la charla debate organizada por el Consejo Directivo Provincial (CDP) donde el secretario General de ATE C\u00f3rdoba, Federico Giuliani, coordin\u00f3 la actividad que tuvo como expositores al jurista Eduardo Barcesat y la economista Claudio Lozano, abordando el acuerdo con el FMI que el gobierno pretende impone en el Congreso, [&hellip;]<\/p>\n","protected":false},"author":7,"featured_media":30225,"comment_status":"open","ping_status":"open","sticky":false,"template":"","format":"standard","meta":{"_exactmetrics_skip_tracking":false,"_exactmetrics_sitenote_active":false,"_exactmetrics_sitenote_note":"","_exactmetrics_sitenote_category":0,"jnews-multi-image_gallery":[],"jnews_single_post":{"subtitle":"Alrededor de 120 compa\u00f1eros y compa\u00f1eras participaron de la actividad. Las y los referentes de las organizaciones presentes se declararon alertas ante el inminente env\u00edo al Congreso de un proyecto de Ley que \"legalice\" el proceso nulo con que el macrismo tom\u00f3 el pr\u00e9stamo para la fuga.","format":"standard","video":"","gallery":"","source_name":"","source_url":"","via_name":"","via_url":"","override":[{"template":"1","single_blog_custom":"","parallax":"1","fullscreen":"1","layout":"right-sidebar","sidebar":"default-sidebar","second_sidebar":"default-sidebar","sticky_sidebar":"1","share_position":"top","share_float_style":"share-monocrhome","show_share_counter":"1","show_view_counter":"1","show_featured":"1","show_post_meta":"1","show_post_author":"1","show_post_author_image":"1","show_post_date":"1","post_date_format":"default","post_date_format_custom":"Y\/m\/d","show_post_category":"1","post_reading_time_wpm":"300","zoom_button_out_step":"2","zoom_button_in_step":"3","show_post_tag":"1","show_prev_next_post":"1","show_popup_post":"1","number_popup_post":"1"}],"image_override":[{"single_post_thumbnail_size":"crop-500","single_post_gallery_size":"crop-500"}],"trending_post_position":"meta","trending_post_label":"Trending","sponsored_post_label":"Sponsored by","sponsored_post_name":"","sponsored_post_url":"","sponsored_post_logo":"","sponsored_post_desc":""},"jnews_primary_category":{"id":""},"jnews_social_meta":[],"jnews_review":[],"enable_review":"","type":"","name":"","summary":"","brand":"","sku":"","good":[],"bad":[],"score_override":"","override_value":"","rating":[],"price":[],"jnews_override_counter":[],"jnews_post_split":[],"footnotes":""},"categories":[10],"tags":[1015,945,1016],"class_list":["post-30206","post","type-post","status-publish","format-standard","has-post-thumbnail","hentry","category-accion-politica","tag-claudio-lozano","tag-deuda-externa","tag-eduardo-barcesat"],"jetpack_featured_media_url":"https:\/\/atecordoba.org\/wp-content\/uploads\/2022\/02\/IMG_20220217_WA0206-e1645212242737.jpg","_links":{"self":[{"href":"https:\/\/atecordoba.org\/index.php?rest_route=\/wp\/v2\/posts\/30206","targetHints":{"allow":["GET"]}}],"collection":[{"href":"https:\/\/atecordoba.org\/index.php?rest_route=\/wp\/v2\/posts"}],"about":[{"href":"https:\/\/atecordoba.org\/index.php?rest_route=\/wp\/v2\/types\/post"}],"author":[{"embeddable":true,"href":"https:\/\/atecordoba.org\/index.php?rest_route=\/wp\/v2\/users\/7"}],"replies":[{"embeddable":true,"href":"https:\/\/atecordoba.org\/index.php?rest_route=%2Fwp%2Fv2%2Fcomments&post=30206"}],"version-history":[{"count":3,"href":"https:\/\/atecordoba.org\/index.php?rest_route=\/wp\/v2\/posts\/30206\/revisions"}],"predecessor-version":[{"id":30229,"href":"https:\/\/atecordoba.org\/index.php?rest_route=\/wp\/v2\/posts\/30206\/revisions\/30229"}],"wp:featuredmedia":[{"embeddable":true,"href":"https:\/\/atecordoba.org\/index.php?rest_route=\/wp\/v2\/media\/30225"}],"wp:attachment":[{"href":"https:\/\/atecordoba.org\/index.php?rest_route=%2Fwp%2Fv2%2Fmedia&parent=30206"}],"wp:term":[{"taxonomy":"category","embeddable":true,"href":"https:\/\/atecordoba.org\/index.php?rest_route=%2Fwp%2Fv2%2Fcategories&post=30206"},{"taxonomy":"post_tag","embeddable":true,"href":"https:\/\/atecordoba.org\/index.php?rest_route=%2Fwp%2Fv2%2Ftags&post=30206"}],"curies":[{"name":"wp","href":"https:\/\/api.w.org\/{rel}","templated":true}]}}