{"id":30197,"date":"2022-02-18T11:29:57","date_gmt":"2022-02-18T14:29:57","guid":{"rendered":"https:\/\/atecordoba.org\/?p=30197"},"modified":"2022-03-07T14:47:44","modified_gmt":"2022-03-07T17:47:44","slug":"villa-valeria-ate-acuerda-un-recomposicion-salarial-del-61-4-para-el-2022","status":"publish","type":"post","link":"https:\/\/atecordoba.org\/?p=30197","title":{"rendered":"Villa Valeria: ATE acuerda una recomposici\u00f3n salarial del 60% para el 2022"},"content":{"rendered":"\n<div class=\"wp-block-image\"><figure class=\"aligncenter size-large is-resized\"><img loading=\"lazy\" decoding=\"async\" src=\"https:\/\/atecordoba.org\/wp-content\/uploads\/2022\/02\/IMG-20220218-WA0004-1-1024x576.jpg\" alt=\"\" class=\"wp-image-30200\" width=\"768\" height=\"432\" srcset=\"https:\/\/atecordoba.org\/wp-content\/uploads\/2022\/02\/IMG-20220218-WA0004-1-1024x576.jpg 1024w, https:\/\/atecordoba.org\/wp-content\/uploads\/2022\/02\/IMG-20220218-WA0004-1-300x169.jpg 300w, https:\/\/atecordoba.org\/wp-content\/uploads\/2022\/02\/IMG-20220218-WA0004-1-768x432.jpg 768w, https:\/\/atecordoba.org\/wp-content\/uploads\/2022\/02\/IMG-20220218-WA0004-1-750x422.jpg 750w, https:\/\/atecordoba.org\/wp-content\/uploads\/2022\/02\/IMG-20220218-WA0004-1-1140x641.jpg 1140w, https:\/\/atecordoba.org\/wp-content\/uploads\/2022\/02\/IMG-20220218-WA0004-1.jpg 1280w\" sizes=\"auto, (max-width: 768px) 100vw, 768px\" \/><\/figure><\/div>\n\n\n\n<p>En un acuerdo suscripto entre la Seccional ATE Adelia Mar\u00eda y la Municipalidad de Villa Valeria, se estableci\u00f3 hoy ayer una recomposici\u00f3n salarial para los municipales de la localidad que alcanza el 61.44%.<\/p>\n\n\n\n<p>Se trata de un gran logro de ATE y los municipales, que est\u00e1n logrando paritarias por encima de la inflaci\u00f3n prevista para en 2022 hasta el momento. <\/p>\n\n\n\n<p>&#8220;Es un buen acuerdo, dirigido a paliar el alza de los precios de consumo masivo&#8221;, celebr\u00f3 el secretario Adjunto de la seccional, Roberto S\u00e1nchez, presente en la ocasi\u00f3n, junto a la delegada municipal Antonella Ortudio. La comuna estuvo representada por el asesor letrado de Villa Valeria.<\/p>\n\n\n\n<p>Adem\u00e1s, el acuerdo incluy\u00f3 el pase a planta permanente de entre 5 y 7 compa\u00f1eros y compa\u00f1eras y otros 4 jornalizados que pasan a firmar contratos a partir de ahora.<\/p>\n\n\n\n<p>Seg\u00fan explic\u00f3 S\u00e1nchez, acuerdo parte de la recomposici\u00f3n del 7% para los sueldo de febrero este mes, a lo que se suman aumentos del 10% mensuales y sucesivos hasta llegar a un 55%, que al computarlos de manera acumulativa completar\u00e1n un 60%. En caso que la inflaci\u00f3n supere el monto habr\u00e1 una nueva reuni\u00f3n para abordar los salarios de la \u00faltima parte del a\u00f1o.<\/p>\n\n\n\n<p>&#8220;Estamos contentos, pero sabemos que el problema no solo es el porcentaje sino tambi\u00e9n los b\u00e1sicos muy bajos que cobramos los municipales y que debemos recomponer de a poco, despu\u00e9s de muchos a\u00f1os de estar por el piso. Es una materia que vamos a trabajar&#8221;, concluy\u00f3 S\u00e1nchez. <\/p>\n\n\n\n<div class=\"wp-block-image\"><figure class=\"aligncenter size-large is-resized\"><img loading=\"lazy\" decoding=\"async\" src=\"https:\/\/atecordoba.org\/wp-content\/uploads\/2022\/02\/IMG-20220218-WA0005-1-576x1024.jpg\" alt=\"\" class=\"wp-image-30201\" width=\"432\" height=\"768\" srcset=\"https:\/\/atecordoba.org\/wp-content\/uploads\/2022\/02\/IMG-20220218-WA0005-1-576x1024.jpg 576w, https:\/\/atecordoba.org\/wp-content\/uploads\/2022\/02\/IMG-20220218-WA0005-1-169x300.jpg 169w, https:\/\/atecordoba.org\/wp-content\/uploads\/2022\/02\/IMG-20220218-WA0005-1.jpg 720w\" sizes=\"auto, (max-width: 432px) 100vw, 432px\" \/><\/figure><\/div>\n","protected":false},"excerpt":{"rendered":"<p>En un acuerdo suscripto entre la Seccional ATE Adelia Mar\u00eda y la Municipalidad de Villa Valeria, se estableci\u00f3 hoy ayer una recomposici\u00f3n salarial para los municipales de la localidad que alcanza el 61.44%. Se trata de un gran logro de ATE y los municipales, que est\u00e1n logrando paritarias por encima de la inflaci\u00f3n prevista para [&hellip;]<\/p>\n","protected":false},"author":7,"featured_media":30198,"comment_status":"open","ping_status":"open","sticky":false,"template":"","format":"standard","meta":{"_exactmetrics_skip_tracking":false,"_exactmetrics_sitenote_active":false,"_exactmetrics_sitenote_note":"","_exactmetrics_sitenote_category":0,"jnews-multi-image_gallery":[],"jnews_single_post":{"subtitle":"Tambi\u00e9n se acordaron pases a planta permanente y contratos para jornalizados. ","format":"standard","video":"","gallery":"","source_name":"","source_url":"","via_name":"","via_url":"","override":[{"template":"1","single_blog_custom":"","parallax":"1","fullscreen":"1","layout":"right-sidebar","sidebar":"default-sidebar","second_sidebar":"default-sidebar","sticky_sidebar":"1","share_position":"top","share_float_style":"share-monocrhome","show_share_counter":"1","show_view_counter":"1","show_featured":"1","show_post_meta":"1","show_post_author":"1","show_post_author_image":"1","show_post_date":"1","post_date_format":"default","post_date_format_custom":"Y\/m\/d","show_post_category":"1","post_reading_time_wpm":"300","zoom_button_out_step":"2","zoom_button_in_step":"3","show_post_tag":"1","show_prev_next_post":"1","show_popup_post":"1","number_popup_post":"1"}],"image_override":[{"single_post_thumbnail_size":"crop-500","single_post_gallery_size":"crop-500"}],"trending_post_position":"meta","trending_post_label":"Trending","sponsored_post_label":"Sponsored by","sponsored_post_name":"","sponsored_post_url":"","sponsored_post_logo":"","sponsored_post_desc":""},"jnews_primary_category":{"id":""},"jnews_social_meta":[],"jnews_review":[],"enable_review":"","type":"","name":"","summary":"","brand":"","sku":"","good":[],"bad":[],"score_override":"","override_value":"","rating":[],"price":[],"jnews_override_counter":[],"jnews_post_split":[],"footnotes":""},"categories":[149,20],"tags":[1018],"class_list":["post-30197","post","type-post","status-publish","format-standard","has-post-thumbnail","hentry","category-adelia-maria","category-municipales","tag-villa-valeria"],"jetpack_featured_media_url":"https:\/\/atecordoba.org\/wp-content\/uploads\/2022\/02\/IMG-20220218-WA0005-e1645194551632.jpg","_links":{"self":[{"href":"https:\/\/atecordoba.org\/index.php?rest_route=\/wp\/v2\/posts\/30197","targetHints":{"allow":["GET"]}}],"collection":[{"href":"https:\/\/atecordoba.org\/index.php?rest_route=\/wp\/v2\/posts"}],"about":[{"href":"https:\/\/atecordoba.org\/index.php?rest_route=\/wp\/v2\/types\/post"}],"author":[{"embeddable":true,"href":"https:\/\/atecordoba.org\/index.php?rest_route=\/wp\/v2\/users\/7"}],"replies":[{"embeddable":true,"href":"https:\/\/atecordoba.org\/index.php?rest_route=%2Fwp%2Fv2%2Fcomments&post=30197"}],"version-history":[{"count":3,"href":"https:\/\/atecordoba.org\/index.php?rest_route=\/wp\/v2\/posts\/30197\/revisions"}],"predecessor-version":[{"id":30491,"href":"https:\/\/atecordoba.org\/index.php?rest_route=\/wp\/v2\/posts\/30197\/revisions\/30491"}],"wp:featuredmedia":[{"embeddable":true,"href":"https:\/\/atecordoba.org\/index.php?rest_route=\/wp\/v2\/media\/30198"}],"wp:attachment":[{"href":"https:\/\/atecordoba.org\/index.php?rest_route=%2Fwp%2Fv2%2Fmedia&parent=30197"}],"wp:term":[{"taxonomy":"category","embeddable":true,"href":"https:\/\/atecordoba.org\/index.php?rest_route=%2Fwp%2Fv2%2Fcategories&post=30197"},{"taxonomy":"post_tag","embeddable":true,"href":"https:\/\/atecordoba.org\/index.php?rest_route=%2Fwp%2Fv2%2Ftags&post=30197"}],"curies":[{"name":"wp","href":"https:\/\/api.w.org\/{rel}","templated":true}]}}