{"id":30186,"date":"2022-02-17T12:55:39","date_gmt":"2022-02-17T15:55:39","guid":{"rendered":"https:\/\/atecordoba.org\/?p=30186"},"modified":"2022-02-17T12:56:47","modified_gmt":"2022-02-17T15:56:47","slug":"vuelta-a-clases-el-lunes-comienza-la-entrega-de-kits-escolares-para-hijos-e-hijas-de-las-y-los-afiliados","status":"publish","type":"post","link":"https:\/\/atecordoba.org\/?p=30186","title":{"rendered":"Vuelta a clases: el lunes comienza la entrega de kits escolares para hijos e hijas de las y los afiliados"},"content":{"rendered":"\n<div class=\"wp-block-image\"><figure class=\"aligncenter size-large is-resized\"><img loading=\"lazy\" decoding=\"async\" src=\"https:\/\/atecordoba.org\/wp-content\/uploads\/2022\/02\/flyer-kids-escolares.jpg\" alt=\"\" class=\"wp-image-30187\" width=\"749\" height=\"500\" \/><\/figure><\/div>\n\n\n\n<p>Desde el pr\u00f3ximo lunes 21 de febrero y hasta el 4 de marzo las y los afiliados dentro del \u00e1mbito del Consejo Directivo Provincial (CDP) pueden retirar los kits escolares para sus hijos o hijas a cargo. <\/p>\n\n\n\n<p>Se trata de una pol\u00edtica de acci\u00f3n social que ATE C\u00f3rdoba viene desplegando hace tiempo para sumar beneficios  a nuestros afiliados y afiliadas.<\/p>\n\n\n\n<p>La entrega se realizar\u00e1 en la sede del CDP, Entre R\u00edos 450, C\u00f3rdoba Capital, en el horario de 10 a 16 horas.<\/p>\n","protected":false},"excerpt":{"rendered":"<p>Desde el pr\u00f3ximo lunes 21 de febrero y hasta el 4 de marzo las y los afiliados dentro del \u00e1mbito del Consejo Directivo Provincial (CDP) pueden retirar los kits escolares para sus hijos o hijas a cargo. Se trata de una pol\u00edtica de acci\u00f3n social que ATE C\u00f3rdoba viene desplegando hace tiempo para sumar beneficios [&hellip;]<\/p>\n","protected":false},"author":7,"featured_media":30187,"comment_status":"open","ping_status":"open","sticky":false,"template":"","format":"standard","meta":{"_exactmetrics_skip_tracking":false,"_exactmetrics_sitenote_active":false,"_exactmetrics_sitenote_note":"","_exactmetrics_sitenote_category":0,"jnews-multi-image_gallery":[],"jnews_single_post":{"subtitle":"Los elementos escolares se retiran en la sede de ATE C\u00f3rdoba, Entre R\u00edos 450.","format":"standard","video":"","gallery":"","source_name":"","source_url":"","via_name":"","via_url":"","override":[{"template":"1","single_blog_custom":"","parallax":"1","fullscreen":"1","layout":"right-sidebar","sidebar":"default-sidebar","second_sidebar":"default-sidebar","sticky_sidebar":"1","share_position":"top","share_float_style":"share-monocrhome","show_share_counter":"1","show_view_counter":"1","show_featured":"1","show_post_meta":"1","show_post_author":"1","show_post_author_image":"1","show_post_date":"1","post_date_format":"default","post_date_format_custom":"Y\/m\/d","show_post_category":"1","post_reading_time_wpm":"300","zoom_button_out_step":"2","zoom_button_in_step":"3","show_post_tag":"1","show_prev_next_post":"1","show_popup_post":"1","number_popup_post":"1"}],"image_override":[{"single_post_thumbnail_size":"crop-500","single_post_gallery_size":"crop-500"}],"trending_post_position":"meta","trending_post_label":"Trending","sponsored_post_label":"Sponsored by","sponsored_post_name":"","sponsored_post_url":"","sponsored_post_logo":"","sponsored_post_desc":""},"jnews_primary_category":{"id":""},"jnews_social_meta":[],"jnews_review":[],"enable_review":"","type":"","name":"","summary":"","brand":"","sku":"","good":[],"bad":[],"score_override":"","override_value":"","rating":[],"price":[],"jnews_override_counter":[],"jnews_post_split":[],"footnotes":""},"categories":[75],"tags":[1017],"class_list":["post-30186","post","type-post","status-publish","format-standard","has-post-thumbnail","hentry","category-accion-social","tag-kids-escolares"],"jetpack_featured_media_url":"https:\/\/atecordoba.org\/wp-content\/uploads\/2022\/02\/flyer-kids-escolares-e1645113327313.jpg","_links":{"self":[{"href":"https:\/\/atecordoba.org\/index.php?rest_route=\/wp\/v2\/posts\/30186","targetHints":{"allow":["GET"]}}],"collection":[{"href":"https:\/\/atecordoba.org\/index.php?rest_route=\/wp\/v2\/posts"}],"about":[{"href":"https:\/\/atecordoba.org\/index.php?rest_route=\/wp\/v2\/types\/post"}],"author":[{"embeddable":true,"href":"https:\/\/atecordoba.org\/index.php?rest_route=\/wp\/v2\/users\/7"}],"replies":[{"embeddable":true,"href":"https:\/\/atecordoba.org\/index.php?rest_route=%2Fwp%2Fv2%2Fcomments&post=30186"}],"version-history":[{"count":2,"href":"https:\/\/atecordoba.org\/index.php?rest_route=\/wp\/v2\/posts\/30186\/revisions"}],"predecessor-version":[{"id":30189,"href":"https:\/\/atecordoba.org\/index.php?rest_route=\/wp\/v2\/posts\/30186\/revisions\/30189"}],"wp:featuredmedia":[{"embeddable":true,"href":"https:\/\/atecordoba.org\/index.php?rest_route=\/wp\/v2\/media\/30187"}],"wp:attachment":[{"href":"https:\/\/atecordoba.org\/index.php?rest_route=%2Fwp%2Fv2%2Fmedia&parent=30186"}],"wp:term":[{"taxonomy":"category","embeddable":true,"href":"https:\/\/atecordoba.org\/index.php?rest_route=%2Fwp%2Fv2%2Fcategories&post=30186"},{"taxonomy":"post_tag","embeddable":true,"href":"https:\/\/atecordoba.org\/index.php?rest_route=%2Fwp%2Fv2%2Ftags&post=30186"}],"curies":[{"name":"wp","href":"https:\/\/api.w.org\/{rel}","templated":true}]}}