{"id":30183,"date":"2022-02-17T12:32:28","date_gmt":"2022-02-17T15:32:28","guid":{"rendered":"https:\/\/atecordoba.org\/?p=30183"},"modified":"2022-02-17T12:33:21","modified_gmt":"2022-02-17T15:33:21","slug":"las-deudas-se-pagan-las-estafas-no-charla-abierta-con-claudio-lozano-y-el-jurista-eduardo-barcesat","status":"publish","type":"post","link":"https:\/\/atecordoba.org\/?p=30183","title":{"rendered":"Las deudas se pagan, las estafas no: Charla abierta con Claudio Lozano y el jurista Eduardo Barcesat"},"content":{"rendered":"\n<div class=\"wp-block-image\"><figure class=\"aligncenter size-large is-resized\"><img loading=\"lazy\" decoding=\"async\" src=\"https:\/\/atecordoba.org\/wp-content\/uploads\/2022\/02\/flyer-no-al-fondo-819x1024.jpg\" alt=\"\" class=\"wp-image-30184\" width=\"614\" height=\"768\" \/><\/figure><\/div>\n\n\n\n<p>Hoy a las 18 se realizar\u00e1 por Zoom una charla-debate sobre la deuda externa y la negociaci\u00f3n, a todas luces trunca, que el gobierno nacional viene llevando a cabo durante los dos \u00faltimos a\u00f1os y que podr\u00eda concretarse con la aprobaci\u00f3n de lo actuado en el Congreso Nacional. La actividad estar\u00e1 coordinada por el secretario General de ATE C\u00f3rdoba, Federico Giuliani, y ser\u00e1 de acceso libre por medio de las redes sociales del CDP. En Facebook ingresando a <a href=\"https:\/\/www.facebook.com\/atecba\">@atecba<\/a><\/p>\n\n\n\n<p>Para brindar elementos de an\u00e1lisis a los estatales y facilitar insumos para la discusi\u00f3n en los espacios de trabajo, el Consejo Directivo Provincial (CDP) de ATE C\u00f3rdoba convoc\u00f3 al compa\u00f1ero Claudio Lozano, economista de larga y prestigiosa trayectoria en el campo popular, presidente de Unidad Popular que integra el Frente de Todos y director del Banco Naci\u00f3n, junto al jurista Eduardo Barcesat, abogado constitucionalista y defensor de los Derechos Humanos, que dar\u00e1n su perspectiva sobre un tema fundamental para el devenir de la econom\u00eda nacional y el futuro del Estado argentino.<\/p>\n\n\n\n<p>ATE ya se <a href=\"https:\/\/atecordoba.org\/?p=29998\">viene expresando<\/a> en contra del tratamiento que el gobierno nacional, se\u00f1alando &#8220;se trata de una nueva estafa del FMI en complicidad con los gobiernos locales y los poderes f\u00e1cticos y medi\u00e1ticos que llevaron a Mauricio Macri al poder, que lamentablemente el gobierno actual pretende comprometerse a pagar hipotecando el futuro argentino, estableciendo un plan de financiaci\u00f3n del pago de la deuda externa que ya produjo la enorme crisis financiera y el estado de dependencia actual. Mientras, Macri y su banda se pasean dando consejos, sin asumir las responsabilidades que le corresponden&#8221;.<\/p>\n\n\n\n<p><strong>Contexto<\/strong><\/p>\n\n\n\n<p>Lozano viene alertando hace tiempo que &#8220;el gobierno se embarc\u00f3 en una negociaci\u00f3n donde pensaba que el fondo era un aliado y est\u00e1 claro que no lo es&#8221;.<\/p>\n\n\n\n<p>El economista tambi\u00e9n afirm\u00f3 sobre la coyuntura que atraviesa Argentina que &#8220;la famosa cuenta regresiva al 22 de marzo&#8221;, cuando se debe cumplir con el pago de un vencimiento seg\u00fan la financiaci\u00f3n estipulada por Macri y que, precisamente, est\u00e1 en renegociaci\u00f3n, no es tal. &#8220;Hay divisas para aguantar hasta el ingreso de la cosecha si se hace un manejo muy estricto de las divisas y si se aplica una estricta fiscalizaci\u00f3n sobre los exportadores&#8221;.<\/p>\n\n\n\n<p>Y agreg\u00f3: &#8220;esta situaci\u00f3n le da margen para discutir con otra holgura y para cambiar los t\u00e9rminos de la negociaci\u00f3n, no ahorcados por la falta de divisas&#8221;, como dice la derecha cipaya y su bloque medi\u00e1tico, .<\/p>\n\n\n\n<p>En ese sentido Lozano explica que puntos a discutir del acuerdo, en funci\u00f3n de lo que deja trascender el gobierno son:<\/p>\n\n\n\n<ul class=\"wp-block-list\"><li>&#8220;nos ofrecen un cr\u00e9dito para reemplazar otro cr\u00e9dito, cuando el primer cr\u00e9dito es fuertemente impugnable desde la legalidad argentina y la normativa del propio FMI&#8221;.<\/li><li>&#8220;el nuevo cr\u00e9dito aparece legitimado con el voto del congreso para reemplazar el anterior&#8221;.<\/li><li>&#8220;Argentina debe tomar una posici\u00f3n de fortaleza porque la legislaci\u00f3n la asiste&#8221;.<\/li><li>&#8220;los compromisos y metas fiscales y monetarias comprometen la estabilidad inflacionaria argentina y la recuperaci\u00f3n econ\u00f3mica argentina. no se puede pensar la Argentina con 50% de inflaci\u00f3n y tasas de inter\u00e9s positivas, con aumento de tarifas y aceleraci\u00f3n del tipo de cambio&#8221;.<\/li><li>&#8220;\u00bfPor qu\u00e9 al fondo no le interesa la inflaci\u00f3n? Porque la inflaci\u00f3n es el ajuste&#8221;.<\/li><\/ul>\n\n\n\n<p><\/p>\n","protected":false},"excerpt":{"rendered":"<p>Hoy a las 18 se realizar\u00e1 por Zoom una charla-debate sobre la deuda externa y la negociaci\u00f3n, a todas luces trunca, que el gobierno nacional viene llevando a cabo durante los dos \u00faltimos a\u00f1os y que podr\u00eda concretarse con la aprobaci\u00f3n de lo actuado en el Congreso Nacional. La actividad estar\u00e1 coordinada por el secretario [&hellip;]<\/p>\n","protected":false},"author":7,"featured_media":30184,"comment_status":"open","ping_status":"open","sticky":false,"template":"","format":"standard","meta":{"_exactmetrics_skip_tracking":false,"_exactmetrics_sitenote_active":false,"_exactmetrics_sitenote_note":"","_exactmetrics_sitenote_category":0,"jnews-multi-image_gallery":[],"jnews_single_post":{"subtitle":"La deuda es con el pueblo, no al blanqueo del cr\u00e9dito macrista con el Fondo. ","format":"standard","video":"","gallery":"","source_name":"","source_url":"","via_name":"","via_url":"","override":[{"template":"1","single_blog_custom":"","parallax":"1","fullscreen":"1","layout":"right-sidebar","sidebar":"default-sidebar","second_sidebar":"default-sidebar","sticky_sidebar":"1","share_position":"top","share_float_style":"share-monocrhome","show_share_counter":"1","show_view_counter":"1","show_featured":"1","show_post_meta":"1","show_post_author":"1","show_post_author_image":"1","show_post_date":"1","post_date_format":"default","post_date_format_custom":"Y\/m\/d","show_post_category":"1","post_reading_time_wpm":"300","zoom_button_out_step":"2","zoom_button_in_step":"3","show_post_tag":"1","show_prev_next_post":"1","show_popup_post":"1","number_popup_post":"1"}],"image_override":[{"single_post_thumbnail_size":"crop-500","single_post_gallery_size":"crop-500"}],"trending_post_position":"meta","trending_post_label":"Trending","sponsored_post_label":"Sponsored by","sponsored_post_name":"","sponsored_post_url":"","sponsored_post_logo":"","sponsored_post_desc":""},"jnews_primary_category":{"id":""},"jnews_social_meta":[],"jnews_review":[],"enable_review":"","type":"","name":"","summary":"","brand":"","sku":"","good":[],"bad":[],"score_override":"","override_value":"","rating":[],"price":[],"jnews_override_counter":[],"jnews_post_split":[],"footnotes":""},"categories":[10],"tags":[1015,945,1016],"class_list":["post-30183","post","type-post","status-publish","format-standard","has-post-thumbnail","hentry","category-accion-politica","tag-claudio-lozano","tag-deuda-externa","tag-eduardo-barcesat"],"jetpack_featured_media_url":"https:\/\/atecordoba.org\/wp-content\/uploads\/2022\/02\/flyer-no-al-fondo-e1645111840387.jpg","_links":{"self":[{"href":"https:\/\/atecordoba.org\/index.php?rest_route=\/wp\/v2\/posts\/30183","targetHints":{"allow":["GET"]}}],"collection":[{"href":"https:\/\/atecordoba.org\/index.php?rest_route=\/wp\/v2\/posts"}],"about":[{"href":"https:\/\/atecordoba.org\/index.php?rest_route=\/wp\/v2\/types\/post"}],"author":[{"embeddable":true,"href":"https:\/\/atecordoba.org\/index.php?rest_route=\/wp\/v2\/users\/7"}],"replies":[{"embeddable":true,"href":"https:\/\/atecordoba.org\/index.php?rest_route=%2Fwp%2Fv2%2Fcomments&post=30183"}],"version-history":[{"count":1,"href":"https:\/\/atecordoba.org\/index.php?rest_route=\/wp\/v2\/posts\/30183\/revisions"}],"predecessor-version":[{"id":30185,"href":"https:\/\/atecordoba.org\/index.php?rest_route=\/wp\/v2\/posts\/30183\/revisions\/30185"}],"wp:featuredmedia":[{"embeddable":true,"href":"https:\/\/atecordoba.org\/index.php?rest_route=\/wp\/v2\/media\/30184"}],"wp:attachment":[{"href":"https:\/\/atecordoba.org\/index.php?rest_route=%2Fwp%2Fv2%2Fmedia&parent=30183"}],"wp:term":[{"taxonomy":"category","embeddable":true,"href":"https:\/\/atecordoba.org\/index.php?rest_route=%2Fwp%2Fv2%2Fcategories&post=30183"},{"taxonomy":"post_tag","embeddable":true,"href":"https:\/\/atecordoba.org\/index.php?rest_route=%2Fwp%2Fv2%2Ftags&post=30183"}],"curies":[{"name":"wp","href":"https:\/\/api.w.org\/{rel}","templated":true}]}}