{"id":30140,"date":"2022-02-16T12:29:05","date_gmt":"2022-02-16T15:29:05","guid":{"rendered":"https:\/\/atecordoba.org\/?p=30140"},"modified":"2022-02-16T13:24:34","modified_gmt":"2022-02-16T16:24:34","slug":"corte-de-la-ruta-20-frente-a-fadea-para-reclamar-la-reincorporacion-de-las-y-los-despedidos-del-macrismo","status":"publish","type":"post","link":"https:\/\/atecordoba.org\/?p=30140","title":{"rendered":"ATE C\u00f3rdoba exigi\u00f3 en la calle la nacionalizaci\u00f3n del conflicto por las reincorporaciones en FADEA"},"content":{"rendered":"\n<div class=\"wp-block-image\"><figure class=\"aligncenter size-large is-resized\"><img loading=\"lazy\" decoding=\"async\" src=\"https:\/\/atecordoba.org\/wp-content\/uploads\/2022\/02\/IMG-20220216-WA0062-1024x576.jpg\" alt=\"\" class=\"wp-image-30141\" width=\"1024\" height=\"576\" srcset=\"https:\/\/atecordoba.org\/wp-content\/uploads\/2022\/02\/IMG-20220216-WA0062-1024x576.jpg 1024w, https:\/\/atecordoba.org\/wp-content\/uploads\/2022\/02\/IMG-20220216-WA0062-300x169.jpg 300w, https:\/\/atecordoba.org\/wp-content\/uploads\/2022\/02\/IMG-20220216-WA0062-768x432.jpg 768w, https:\/\/atecordoba.org\/wp-content\/uploads\/2022\/02\/IMG-20220216-WA0062-1536x864.jpg 1536w, https:\/\/atecordoba.org\/wp-content\/uploads\/2022\/02\/IMG-20220216-WA0062-750x422.jpg 750w, https:\/\/atecordoba.org\/wp-content\/uploads\/2022\/02\/IMG-20220216-WA0062-1140x641.jpg 1140w, https:\/\/atecordoba.org\/wp-content\/uploads\/2022\/02\/IMG-20220216-WA0062.jpg 1600w\" sizes=\"auto, (max-width: 1024px) 100vw, 1024px\" \/><\/figure><\/div>\n\n\n\n<p>En el marco de una jornada de protesta provincial, <a href=\"https:\/\/atecordoba.org\/?p=29887\">resuelta en un plenario general <\/a>a comienzos de mes, ATE C\u00f3rdoba llev\u00f3 adelante esta ma\u00f1ana un corte de la Ruta 20 frente a la F\u00e1brica Argentina de Aviones (FADEA), llevando ante los funcionarios de la firma estatal el pedido de reincorporaci\u00f3n de las y los cientos de despedidos del macrismo. <\/p>\n\n\n\n<p>La conducci\u00f3n provincial en pleno estuvo presente en el lugar, encabezada por el secretario General Federico Giuliani, para gritarle en la cara a la presidenta del organismo, Mirta Iriondo, que cumpla con los compromiso asumidos, cuando dijo hace dos a\u00f1os que abrir\u00eda una mesa de trabajo para abordar y gestionar las reincorporaciones. Actualmente FADEA es de los pocos organismos nacionales que <a href=\"https:\/\/atecordoba.org\/?p=30088\">no ha devuelto sus puestos de trabajo a ni uno solo de los despedidos. <\/a><\/p>\n\n\n\n<p>En la asamblea realizada frente al lugar, se resolvi\u00f3 instalar una carpa con olla popular en el ingreso de FADEA en se\u00f1al de protesta, adem\u00e1s de llevar los reclamos a la Facultad de Matem\u00e1tica, Astronom\u00eda, F\u00edsica y Computaci\u00f3n (FaMAF-UNC) donde Iriondo fue decana por dos periodos. &#8220;La comunidad universitaria parece no estar enterada de lo que pasa en FADEA&#8221;, dijo uno de los trabajadores despedidos. Tambi\u00e9n acompa\u00f1aron la protesta un grupo de compa\u00f1eras y compa\u00f1eros de la organizaci\u00f3n social integrante de la CTA Movimiento de Argentina Rebelde (MAR-CTAA).<\/p>\n\n\n\n<p>En la oportunidad, Giuliani asegur\u00f3 que las protestas se llevar\u00e1n a las instancias m\u00e1ximas del orden nacional. &#8220;ATE Nacional tiene que tomar este reclamo y llevarlo al Ministerio de Defensa si desde ac\u00e1 no nos escuchan&#8221;, anunci\u00f3 el dirigente.<\/p>\n\n\n\n<figure class=\"wp-block-gallery columns-3 is-cropped wp-block-gallery-1 is-layout-flex wp-block-gallery-is-layout-flex\"><ul class=\"blocks-gallery-grid\"><li class=\"blocks-gallery-item\"><figure><img loading=\"lazy\" decoding=\"async\" width=\"1024\" height=\"576\" src=\"https:\/\/atecordoba.org\/wp-content\/uploads\/2022\/02\/IMG-20220216-WA0055-1024x576.jpg\" alt=\"\" data-id=\"30142\" data-full-url=\"https:\/\/atecordoba.org\/wp-content\/uploads\/2022\/02\/IMG-20220216-WA0055.jpg\" data-link=\"https:\/\/atecordoba.org\/?attachment_id=30142\" class=\"wp-image-30142\" srcset=\"https:\/\/atecordoba.org\/wp-content\/uploads\/2022\/02\/IMG-20220216-WA0055-1024x576.jpg 1024w, https:\/\/atecordoba.org\/wp-content\/uploads\/2022\/02\/IMG-20220216-WA0055-300x169.jpg 300w, https:\/\/atecordoba.org\/wp-content\/uploads\/2022\/02\/IMG-20220216-WA0055-768x432.jpg 768w, https:\/\/atecordoba.org\/wp-content\/uploads\/2022\/02\/IMG-20220216-WA0055-1536x864.jpg 1536w, https:\/\/atecordoba.org\/wp-content\/uploads\/2022\/02\/IMG-20220216-WA0055-750x422.jpg 750w, https:\/\/atecordoba.org\/wp-content\/uploads\/2022\/02\/IMG-20220216-WA0055-1140x641.jpg 1140w, https:\/\/atecordoba.org\/wp-content\/uploads\/2022\/02\/IMG-20220216-WA0055.jpg 1600w\" sizes=\"auto, (max-width: 1024px) 100vw, 1024px\" \/><\/figure><\/li><li class=\"blocks-gallery-item\"><figure><img loading=\"lazy\" decoding=\"async\" width=\"1024\" height=\"768\" src=\"https:\/\/atecordoba.org\/wp-content\/uploads\/2022\/02\/IMG-20220216-WA0040-1024x768.jpg\" alt=\"\" data-id=\"30143\" data-full-url=\"https:\/\/atecordoba.org\/wp-content\/uploads\/2022\/02\/IMG-20220216-WA0040.jpg\" data-link=\"https:\/\/atecordoba.org\/?attachment_id=30143\" class=\"wp-image-30143\" \/><\/figure><\/li><li class=\"blocks-gallery-item\"><figure><img loading=\"lazy\" decoding=\"async\" width=\"1024\" height=\"768\" src=\"https:\/\/atecordoba.org\/wp-content\/uploads\/2022\/02\/IMG-20220216-WA0046-1024x768.jpg\" alt=\"\" data-id=\"30144\" data-full-url=\"https:\/\/atecordoba.org\/wp-content\/uploads\/2022\/02\/IMG-20220216-WA0046.jpg\" data-link=\"https:\/\/atecordoba.org\/?attachment_id=30144\" class=\"wp-image-30144\" srcset=\"https:\/\/atecordoba.org\/wp-content\/uploads\/2022\/02\/IMG-20220216-WA0046-1024x768.jpg 1024w, https:\/\/atecordoba.org\/wp-content\/uploads\/2022\/02\/IMG-20220216-WA0046-300x225.jpg 300w, https:\/\/atecordoba.org\/wp-content\/uploads\/2022\/02\/IMG-20220216-WA0046-768x576.jpg 768w, https:\/\/atecordoba.org\/wp-content\/uploads\/2022\/02\/IMG-20220216-WA0046-1536x1152.jpg 1536w, https:\/\/atecordoba.org\/wp-content\/uploads\/2022\/02\/IMG-20220216-WA0046-750x563.jpg 750w, https:\/\/atecordoba.org\/wp-content\/uploads\/2022\/02\/IMG-20220216-WA0046-1140x855.jpg 1140w, https:\/\/atecordoba.org\/wp-content\/uploads\/2022\/02\/IMG-20220216-WA0046.jpg 1600w\" sizes=\"auto, (max-width: 1024px) 100vw, 1024px\" \/><\/figure><\/li><\/ul><\/figure>\n\n\n\n<p>&#8220;Despu\u00e9s de la pol\u00edtica devastadora de Mauricio Macri, el 13 de febrero se cumplieron dos a\u00f1os del primer corte frente a la f\u00e1brica y aun no tenemos respuestas, m\u00e1s all\u00e1 que una vez nos recibi\u00f3 Iriondo, fijando el compromiso de armar una mesa de trabajo, pero nunca lo cumpli\u00f3&#8221;, explic\u00f3 Giuliani a la prensa que se acerc\u00f3 al lugar.<\/p>\n\n\n\n<p>&#8220;Sabemos que FADEA maneja presupuesto, es la f\u00e1brica estatal de aviones m\u00e1s grande de Latinoam\u00e9rica y sabemos tambi\u00e9n que viene entrando gente a trabajar que est\u00e1 relacionada con los favores pol\u00edticos que debe la presidenta de la empresa o que debe Horacio Viqueira, no con la realidad de los puestos de trabajo a ocupar en la f\u00e1brica&#8221;, denunci\u00f3 el dirigente.<\/p>\n\n\n\n<p>Mientras, en la calle elevaron su grito de protesta compa\u00f1eros con 10 o 15 a\u00f1os de antig\u00fcedad, capacitados y formados en FADEA que bien podr\u00edan estar trabajando. &#8220;Pero Mirta Iriondo, con una visi\u00f3n de CEO de empresa, se dedica incorporar gerentes o personal en los puestos administrativos. Si realmente queremos defender la soberan\u00eda nacional hace falta activar las pol\u00edticas p\u00fablicas de producci\u00f3n para la defensa nacional&#8221;, dijo Giuliani.<\/p>\n\n\n\n<p>&#8220;FADEA no solo est\u00e1 para hacer peque\u00f1as reparaciones a empresas extranjeras, tambi\u00e9n est\u00e1 para producir aviones. El gobierno de Alberto Fern\u00e1ndez, con su pago a la deuda externa ileg\u00edtima e ilegal, con su acuerdo con el FMI, no va a permitir la reactivaci\u00f3n de esta f\u00e1brica&#8221;, afirm\u00f3.<\/p>\n\n\n\n<p><strong>Pedido de audiencia la ministro Taiana<\/strong><\/p>\n\n\n\n<p>&#8220;Mientras tanto, prosigui\u00f3 Giuliani, sabemos que<a href=\"https:\/\/atecordoba.org\/?p=26026\"> Mirta Iriondo no tiene voluntad de reparar a los trabajadores<\/a> ni que ATE est\u00e9 ac\u00e1. Pero estamos porque hacemos lo que hay que hacer, porque hubo gremios que fueron c\u00f3mplices con su silencio y su inacci\u00f3n, durante los despidos de 2016, 2017 y 2018.<br>Ac\u00e1 est\u00e1 ATE con los compa\u00f1eros de distintos sectores, bancando este corte de ruta&#8221;. <\/p>\n\n\n\n<figure class=\"wp-block-gallery columns-3 is-cropped wp-block-gallery-2 is-layout-flex wp-block-gallery-is-layout-flex\"><ul class=\"blocks-gallery-grid\"><li class=\"blocks-gallery-item\"><figure><img loading=\"lazy\" decoding=\"async\" width=\"1024\" height=\"768\" src=\"https:\/\/atecordoba.org\/wp-content\/uploads\/2022\/02\/IMG-20220216-WA0066-1024x768.jpg\" alt=\"\" data-id=\"30145\" data-full-url=\"https:\/\/atecordoba.org\/wp-content\/uploads\/2022\/02\/IMG-20220216-WA0066.jpg\" data-link=\"https:\/\/atecordoba.org\/?attachment_id=30145\" class=\"wp-image-30145\" \/><\/figure><\/li><li class=\"blocks-gallery-item\"><figure><img loading=\"lazy\" decoding=\"async\" width=\"768\" height=\"1024\" src=\"https:\/\/atecordoba.org\/wp-content\/uploads\/2022\/02\/IMG-20220216-WA0070-768x1024.jpg\" alt=\"\" data-id=\"30146\" data-full-url=\"https:\/\/atecordoba.org\/wp-content\/uploads\/2022\/02\/IMG-20220216-WA0070.jpg\" data-link=\"https:\/\/atecordoba.org\/?attachment_id=30146\" class=\"wp-image-30146\" srcset=\"https:\/\/atecordoba.org\/wp-content\/uploads\/2022\/02\/IMG-20220216-WA0070-768x1024.jpg 768w, https:\/\/atecordoba.org\/wp-content\/uploads\/2022\/02\/IMG-20220216-WA0070-225x300.jpg 225w, https:\/\/atecordoba.org\/wp-content\/uploads\/2022\/02\/IMG-20220216-WA0070-750x1000.jpg 750w, https:\/\/atecordoba.org\/wp-content\/uploads\/2022\/02\/IMG-20220216-WA0070.jpg 960w\" sizes=\"auto, (max-width: 768px) 100vw, 768px\" \/><\/figure><\/li><li class=\"blocks-gallery-item\"><figure><img loading=\"lazy\" decoding=\"async\" width=\"1024\" height=\"576\" src=\"https:\/\/atecordoba.org\/wp-content\/uploads\/2022\/02\/IMG-20220216-WA0031-1024x576.jpg\" alt=\"\" data-id=\"30147\" data-full-url=\"https:\/\/atecordoba.org\/wp-content\/uploads\/2022\/02\/IMG-20220216-WA0031.jpg\" data-link=\"https:\/\/atecordoba.org\/?attachment_id=30147\" class=\"wp-image-30147\" srcset=\"https:\/\/atecordoba.org\/wp-content\/uploads\/2022\/02\/IMG-20220216-WA0031-1024x576.jpg 1024w, https:\/\/atecordoba.org\/wp-content\/uploads\/2022\/02\/IMG-20220216-WA0031-300x169.jpg 300w, https:\/\/atecordoba.org\/wp-content\/uploads\/2022\/02\/IMG-20220216-WA0031-768x432.jpg 768w, https:\/\/atecordoba.org\/wp-content\/uploads\/2022\/02\/IMG-20220216-WA0031-1536x864.jpg 1536w, https:\/\/atecordoba.org\/wp-content\/uploads\/2022\/02\/IMG-20220216-WA0031-750x422.jpg 750w, https:\/\/atecordoba.org\/wp-content\/uploads\/2022\/02\/IMG-20220216-WA0031-1140x641.jpg 1140w, https:\/\/atecordoba.org\/wp-content\/uploads\/2022\/02\/IMG-20220216-WA0031.jpg 1600w\" sizes=\"auto, (max-width: 1024px) 100vw, 1024px\" \/><\/figure><\/li><\/ul><\/figure>\n\n\n\n<p>&#8220;Mandamos un pedido de audiencia formal a nuevo ministro de Defensa, Jorge Taiana, para tratar este tema y otros relacionados con los organismos de defensa de la naci\u00f3n que est\u00e1n en C\u00f3rdoba: Fabricaciones Militares R\u00edo Tercero y Villa Mar\u00eda y el conjunto de las y los trabajadores civiles de las FFAA de nuestra provincia. El ex ministro Agust\u00edn Rossi se hab\u00eda comprometido a reincorporar a los despedidos, pero ahora se dedica a la pol\u00edtica partidaria y se olvido de los trabajadores. La idea es tener un di\u00e1logo con Taiana o que Mirta Iriondo salga y d\u00e9 la cara, ya que le gusta venderse en los medios como nacional y popular&#8221;, concluy\u00f3 el secretario General.<\/p>\n\n\n\n<p>Por su parte, el trabajador despedido e integrante de la CORREDMA (Comisi\u00f3n de Relevamiento y Reincorporaci\u00f3n de los Trabajadores y Trabajadoras Estatales Despedidos en la Era Macri), Eber Bagu\u00eda, habl\u00f3 representando a los compa\u00f1eros y compa\u00f1eras despedidos. &#8220;Estamos reclamando porque en dos a\u00f1os no tuvimos respuesta alguna. A la se\u00f1ora Iriondo le recuerdo que somos cientos de familias esperando que se concrete ese mensaje de esperanza que nos dio en alg\u00fan momento y no concret\u00f3&#8221;, denunci\u00f3.<\/p>\n\n\n\n<p>El acto de cierre de la protesta puede verse completo <a href=\"https:\/\/www.facebook.com\/watch\/?v=1075391869974176\">ingresando aqu\u00ed<\/a>.<\/p>\n","protected":false},"excerpt":{"rendered":"<p>En el marco de una jornada de protesta provincial, resuelta en un plenario general a comienzos de mes, ATE C\u00f3rdoba llev\u00f3 adelante esta ma\u00f1ana un corte de la Ruta 20 frente a la F\u00e1brica Argentina de Aviones (FADEA), llevando ante los funcionarios de la firma estatal el pedido de reincorporaci\u00f3n de las y los cientos [&hellip;]<\/p>\n","protected":false},"author":7,"featured_media":30145,"comment_status":"open","ping_status":"open","sticky":false,"template":"","format":"standard","meta":{"_exactmetrics_skip_tracking":false,"_exactmetrics_sitenote_active":false,"_exactmetrics_sitenote_note":"","_exactmetrics_sitenote_category":0,"jnews-multi-image_gallery":[],"jnews_single_post":{"subtitle":"Con un corte total sobre Ruta 20 -frente al arco de ingreso de la F\u00e1brica-, la Asamblea decidi\u00f3 tambi\u00e9n la instalaci\u00f3n de una carpa con olla popular y la realizaci\u00f3n de actividades en FAMAF-UNC, lugar donde la presidenta de la firma Mirta Iriondo fue decana dos mandatos consecutivos.","format":"standard","video":"","gallery":"","source_name":"","source_url":"","via_name":"","via_url":"","override":[{"template":"1","single_blog_custom":"","parallax":"1","fullscreen":"1","layout":"right-sidebar","sidebar":"default-sidebar","second_sidebar":"default-sidebar","sticky_sidebar":"1","share_position":"top","share_float_style":"share-monocrhome","show_share_counter":"1","show_view_counter":"1","show_featured":"1","show_post_meta":"1","show_post_author":"1","show_post_author_image":"1","show_post_date":"1","post_date_format":"default","post_date_format_custom":"Y\/m\/d","show_post_category":"1","post_reading_time_wpm":"300","zoom_button_out_step":"2","zoom_button_in_step":"3","show_post_tag":"1","show_prev_next_post":"1","show_popup_post":"1","number_popup_post":"1"}],"image_override":[{"single_post_thumbnail_size":"crop-500","single_post_gallery_size":"crop-500"}],"trending_post_position":"meta","trending_post_label":"Trending","sponsored_post_label":"Sponsored by","sponsored_post_name":"","sponsored_post_url":"","sponsored_post_logo":"","sponsored_post_desc":""},"jnews_primary_category":{"id":""},"jnews_social_meta":[],"jnews_review":[],"enable_review":"","type":"","name":"","summary":"","brand":"","sku":"","good":[],"bad":[],"score_override":"","override_value":"","rating":[],"price":[],"jnews_override_counter":[],"jnews_post_split":[],"footnotes":""},"categories":[18],"tags":[165],"class_list":["post-30140","post","type-post","status-publish","format-standard","has-post-thumbnail","hentry","category-nacionales","tag-fadea"],"jetpack_featured_media_url":"https:\/\/atecordoba.org\/wp-content\/uploads\/2022\/02\/IMG-20220216-WA0066-e1645025333780.jpg","_links":{"self":[{"href":"https:\/\/atecordoba.org\/index.php?rest_route=\/wp\/v2\/posts\/30140","targetHints":{"allow":["GET"]}}],"collection":[{"href":"https:\/\/atecordoba.org\/index.php?rest_route=\/wp\/v2\/posts"}],"about":[{"href":"https:\/\/atecordoba.org\/index.php?rest_route=\/wp\/v2\/types\/post"}],"author":[{"embeddable":true,"href":"https:\/\/atecordoba.org\/index.php?rest_route=\/wp\/v2\/users\/7"}],"replies":[{"embeddable":true,"href":"https:\/\/atecordoba.org\/index.php?rest_route=%2Fwp%2Fv2%2Fcomments&post=30140"}],"version-history":[{"count":9,"href":"https:\/\/atecordoba.org\/index.php?rest_route=\/wp\/v2\/posts\/30140\/revisions"}],"predecessor-version":[{"id":30162,"href":"https:\/\/atecordoba.org\/index.php?rest_route=\/wp\/v2\/posts\/30140\/revisions\/30162"}],"wp:featuredmedia":[{"embeddable":true,"href":"https:\/\/atecordoba.org\/index.php?rest_route=\/wp\/v2\/media\/30145"}],"wp:attachment":[{"href":"https:\/\/atecordoba.org\/index.php?rest_route=%2Fwp%2Fv2%2Fmedia&parent=30140"}],"wp:term":[{"taxonomy":"category","embeddable":true,"href":"https:\/\/atecordoba.org\/index.php?rest_route=%2Fwp%2Fv2%2Fcategories&post=30140"},{"taxonomy":"post_tag","embeddable":true,"href":"https:\/\/atecordoba.org\/index.php?rest_route=%2Fwp%2Fv2%2Ftags&post=30140"}],"curies":[{"name":"wp","href":"https:\/\/api.w.org\/{rel}","templated":true}]}}