{"id":30099,"date":"2022-02-15T11:37:11","date_gmt":"2022-02-15T14:37:11","guid":{"rendered":"https:\/\/atecordoba.org\/?p=30099"},"modified":"2022-02-15T12:39:44","modified_gmt":"2022-02-15T15:39:44","slug":"la-municipalidad-de-villa-carlos-paz-vuelve-a-faltar-a-la-audiencia-en-ministerio-de-trabajo-y-se-mantiene-al-margen-de-la-ley","status":"publish","type":"post","link":"https:\/\/atecordoba.org\/?p=30099","title":{"rendered":"La Municipalidad de Villa Carlos Paz vuelve a faltar a la audiencia en Ministerio de Trabajo y se mantiene al margen de la ley"},"content":{"rendered":"\n<div class=\"wp-block-image\"><figure class=\"aligncenter size-large is-resized\"><img loading=\"lazy\" decoding=\"async\" src=\"https:\/\/atecordoba.org\/wp-content\/uploads\/2022\/02\/municipio-villa-carlos-paz.jpg\" alt=\"\" class=\"wp-image-30100\" width=\"768\" height=\"576\" \/><\/figure><\/div>\n\n\n\n<p>La Municipalidad de Villa Carlos Paz insiste en mantenerse al margen de la legislaci\u00f3n laboral vigente y falt\u00f3 la semana pasada a la audiencia fijada por el Ministerio de Trabajo de la Naci\u00f3n para iniciar las negociaciones que descompriman el largo conflicto gremial en el sector salud, que lleva ya m\u00e1s de dos a\u00f1os. <\/p>\n\n\n\n<p>Es la segunda oportunidad que la comuna ignora la convocatoria de la cartera laboral, ente que es la autoridad de aplicaci\u00f3n para regular las relaciones de trabajo, tambi\u00e9n dentro del Estado, y tiene facultades de fiscalizaci\u00f3n. <\/p>\n\n\n\n<div class=\"wp-block-image\"><figure class=\"alignright size-large is-resized\"><img loading=\"lazy\" decoding=\"async\" src=\"https:\/\/atecordoba.org\/wp-content\/uploads\/2022\/02\/gomez-gesteira.jpg\" alt=\"\" class=\"wp-image-30101\" width=\"456\" height=\"257\" srcset=\"https:\/\/atecordoba.org\/wp-content\/uploads\/2022\/02\/gomez-gesteira.jpg 608w, https:\/\/atecordoba.org\/wp-content\/uploads\/2022\/02\/gomez-gesteira-300x169.jpg 300w\" sizes=\"auto, (max-width: 456px) 100vw, 456px\" \/><figcaption>El intendente G\u00f3mez Gesteira volvi\u00f3 a faltar.<\/figcaption><\/figure><\/div>\n\n\n\n<p>En ese marco, ATE solicit\u00f3 la audiencia, explic\u00f3 la asesora letrada de nuestro gremio, Mar\u00eda Terragno. &#8220;Solicitamos la audiencia a los fines de encontrar respuesta a las modalidades precarias de contrataci\u00f3n que existen en la Municipalidad de Villa Carlos Paz, contrataciones a plazo menor de tiempo y peores condiciones de trabajo que la preexistentes, situaci\u00f3n que nos alerta y nos preocupa porque va de la mano de salarios tambi\u00e9n precarios&#8221;, se\u00f1al\u00f3 la abogada.<\/p>\n\n\n\n<p>Terragno explic\u00f3 que esto se suma &#8220;a distintas irregularidades hist\u00f3ricas en el Municipio, como la falta de pago de adicionales, ausencia del reconocimiento de la licencia sanitaria, planteos que se realizan ya hace mucho tiempo sin respuesta de alg\u00fan tipo&#8221;.<\/p>\n\n\n\n<p>&#8220;El municipio desconoce cualquier autoridad y se ausenta de la audiencia sin plantear siquiera una excepci\u00f3n o fundamento para esa actitud. Tambi\u00e9n desconoce la legalidad de ATE para representar a las y los municipales de Villa Carlos Paz, profundizando la precarizaci\u00f3n para disciplinar las condiciones colectivas de trabajo y con ello las condiciones de contrataci\u00f3n. Sobre todo, en el sector salud p\u00fablica municipal, que tanto esfuerzo ha puesto en la pandemia&#8221;, concluy\u00f3 la letrada.<\/p>\n\n\n\n<p>Que estim\u00f3 que todo el c\u00famulo de actitudes de la comuna &#8220;muestran el desprecio hacia el personal de salud&#8221; de la administraci\u00f3n de Daniel G\u00f3mez Gesteira.<\/p>\n\n\n\n<p><\/p>\n","protected":false},"excerpt":{"rendered":"<p>La Municipalidad de Villa Carlos Paz insiste en mantenerse al margen de la legislaci\u00f3n laboral vigente y falt\u00f3 la semana pasada a la audiencia fijada por el Ministerio de Trabajo de la Naci\u00f3n para iniciar las negociaciones que descompriman el largo conflicto gremial en el sector salud, que lleva ya m\u00e1s de dos a\u00f1os. Es [&hellip;]<\/p>\n","protected":false},"author":7,"featured_media":30100,"comment_status":"open","ping_status":"open","sticky":false,"template":"","format":"standard","meta":{"_exactmetrics_skip_tracking":false,"_exactmetrics_sitenote_active":false,"_exactmetrics_sitenote_note":"","_exactmetrics_sitenote_category":0,"jnews-multi-image_gallery":[],"jnews_single_post":{"subtitle":"La gesti\u00f3n de G\u00f3mez Gesteira tampoco concurri\u00f3 a otra audiencia convocada el diciembre pasado. ","format":"standard","video":"","gallery":"","source_name":"","source_url":"","via_name":"","via_url":"","override":[{"template":"1","single_blog_custom":"","parallax":"1","fullscreen":"1","layout":"right-sidebar","sidebar":"default-sidebar","second_sidebar":"default-sidebar","sticky_sidebar":"1","share_position":"top","share_float_style":"share-monocrhome","show_share_counter":"1","show_view_counter":"1","show_featured":"1","show_post_meta":"1","show_post_author":"1","show_post_author_image":"1","show_post_date":"1","post_date_format":"default","post_date_format_custom":"Y\/m\/d","show_post_category":"1","post_reading_time_wpm":"300","zoom_button_out_step":"2","zoom_button_in_step":"3","show_post_tag":"1","show_prev_next_post":"1","show_popup_post":"1","number_popup_post":"1"}],"image_override":[{"single_post_thumbnail_size":"crop-500","single_post_gallery_size":"crop-500"}],"trending_post_position":"meta","trending_post_label":"Trending","sponsored_post_label":"Sponsored by","sponsored_post_name":"","sponsored_post_url":"","sponsored_post_logo":"","sponsored_post_desc":""},"jnews_primary_category":{"id":""},"jnews_social_meta":[],"jnews_review":[],"enable_review":"","type":"","name":"","summary":"","brand":"","sku":"","good":[],"bad":[],"score_override":"","override_value":"","rating":[],"price":[],"jnews_override_counter":[],"jnews_post_split":[],"footnotes":""},"categories":[20],"tags":[737],"class_list":["post-30099","post","type-post","status-publish","format-standard","has-post-thumbnail","hentry","category-municipales","tag-villa-carlos-paz"],"jetpack_featured_media_url":"https:\/\/atecordoba.org\/wp-content\/uploads\/2022\/02\/municipio-villa-carlos-paz-e1644935823462.jpg","_links":{"self":[{"href":"https:\/\/atecordoba.org\/index.php?rest_route=\/wp\/v2\/posts\/30099","targetHints":{"allow":["GET"]}}],"collection":[{"href":"https:\/\/atecordoba.org\/index.php?rest_route=\/wp\/v2\/posts"}],"about":[{"href":"https:\/\/atecordoba.org\/index.php?rest_route=\/wp\/v2\/types\/post"}],"author":[{"embeddable":true,"href":"https:\/\/atecordoba.org\/index.php?rest_route=\/wp\/v2\/users\/7"}],"replies":[{"embeddable":true,"href":"https:\/\/atecordoba.org\/index.php?rest_route=%2Fwp%2Fv2%2Fcomments&post=30099"}],"version-history":[{"count":2,"href":"https:\/\/atecordoba.org\/index.php?rest_route=\/wp\/v2\/posts\/30099\/revisions"}],"predecessor-version":[{"id":30103,"href":"https:\/\/atecordoba.org\/index.php?rest_route=\/wp\/v2\/posts\/30099\/revisions\/30103"}],"wp:featuredmedia":[{"embeddable":true,"href":"https:\/\/atecordoba.org\/index.php?rest_route=\/wp\/v2\/media\/30100"}],"wp:attachment":[{"href":"https:\/\/atecordoba.org\/index.php?rest_route=%2Fwp%2Fv2%2Fmedia&parent=30099"}],"wp:term":[{"taxonomy":"category","embeddable":true,"href":"https:\/\/atecordoba.org\/index.php?rest_route=%2Fwp%2Fv2%2Fcategories&post=30099"},{"taxonomy":"post_tag","embeddable":true,"href":"https:\/\/atecordoba.org\/index.php?rest_route=%2Fwp%2Fv2%2Ftags&post=30099"}],"curies":[{"name":"wp","href":"https:\/\/api.w.org\/{rel}","templated":true}]}}