{"id":30083,"date":"2022-02-14T14:41:15","date_gmt":"2022-02-14T17:41:15","guid":{"rendered":"https:\/\/atecordoba.org\/?p=30083"},"modified":"2022-02-14T14:42:42","modified_gmt":"2022-02-14T17:42:42","slug":"gestiones-en-el-municipio-de-freyre","status":"publish","type":"post","link":"https:\/\/atecordoba.org\/?p=30083","title":{"rendered":"Gestiones en el Municipio de Freyre"},"content":{"rendered":"\n<div class=\"wp-block-image\"><figure class=\"aligncenter size-large is-resized\"><img loading=\"lazy\" decoding=\"async\" src=\"https:\/\/atecordoba.org\/wp-content\/uploads\/2022\/02\/freyre_reunion.jpg\" alt=\"\" class=\"wp-image-30084\" width=\"720\" height=\"514\" \/><\/figure><\/div>\n\n\n\n<p>La semana pasada en la localidad de Freyre, el Secretario General de la Seccional ATE San Francisco, Dar\u00edo Paredes, y el Delegado Germ\u00e1n Quevedo se reunieron con el Departamento Ejecutivo de esa localidad, distante 32 kil\u00f3metros de la ciudad cabecera del Departamento San Justo.<\/p>\n\n\n\n<p>En la oportunidad, adem\u00e1s de ver el cierre del a\u00f1o 2021 se le solicit\u00f3 al Ejecutivo la igualdad de suplemento y el pedido de adecuado calzado para el personal de salud. Tambi\u00e9n se formularon otras gestiones de cara al 2022.<\/p>\n","protected":false},"excerpt":{"rendered":"<p>La semana pasada en la localidad de Freyre, el Secretario General de la Seccional ATE San Francisco, Dar\u00edo Paredes, y el Delegado Germ\u00e1n Quevedo se reunieron con el Departamento Ejecutivo de esa localidad, distante 32 kil\u00f3metros de la ciudad cabecera del Departamento San Justo. En la oportunidad, adem\u00e1s de ver el cierre del a\u00f1o 2021 [&hellip;]<\/p>\n","protected":false},"author":7,"featured_media":30084,"comment_status":"open","ping_status":"open","sticky":false,"template":"","format":"standard","meta":{"_exactmetrics_skip_tracking":false,"_exactmetrics_sitenote_active":false,"_exactmetrics_sitenote_note":"","_exactmetrics_sitenote_category":0,"jnews-multi-image_gallery":[],"jnews_single_post":{"subtitle":"Se solicit\u00f3 igualdad de suplemento y adecuado calzado para el personal de salud, entre otros puntos.","format":"standard","video":"","gallery":"","source_name":"","source_url":"","via_name":"","via_url":"","override":[{"template":"1","single_blog_custom":"","parallax":"1","fullscreen":"1","layout":"right-sidebar","sidebar":"default-sidebar","second_sidebar":"default-sidebar","sticky_sidebar":"1","share_position":"top","share_float_style":"share-monocrhome","show_share_counter":"1","show_view_counter":"1","show_featured":"1","show_post_meta":"1","show_post_author":"1","show_post_author_image":"1","show_post_date":"1","post_date_format":"default","post_date_format_custom":"Y\/m\/d","show_post_category":"1","post_reading_time_wpm":"300","zoom_button_out_step":"2","zoom_button_in_step":"3","show_post_tag":"1","show_prev_next_post":"1","show_popup_post":"1","number_popup_post":"1"}],"image_override":[{"single_post_thumbnail_size":"crop-500","single_post_gallery_size":"crop-500"}],"trending_post_position":"meta","trending_post_label":"Trending","sponsored_post_label":"Sponsored by","sponsored_post_name":"","sponsored_post_url":"","sponsored_post_logo":"","sponsored_post_desc":""},"jnews_primary_category":{"id":""},"jnews_social_meta":[],"jnews_review":[],"enable_review":"","type":"","name":"","summary":"","brand":"","sku":"","good":[],"bad":[],"score_override":"","override_value":"","rating":[],"price":[],"jnews_override_counter":[],"jnews_post_split":[],"footnotes":""},"categories":[20,148],"tags":[770],"class_list":["post-30083","post","type-post","status-publish","format-standard","has-post-thumbnail","hentry","category-municipales","category-san-justo","tag-freyre"],"jetpack_featured_media_url":"https:\/\/atecordoba.org\/wp-content\/uploads\/2022\/02\/freyre_reunion-e1644860412917.jpg","_links":{"self":[{"href":"https:\/\/atecordoba.org\/index.php?rest_route=\/wp\/v2\/posts\/30083","targetHints":{"allow":["GET"]}}],"collection":[{"href":"https:\/\/atecordoba.org\/index.php?rest_route=\/wp\/v2\/posts"}],"about":[{"href":"https:\/\/atecordoba.org\/index.php?rest_route=\/wp\/v2\/types\/post"}],"author":[{"embeddable":true,"href":"https:\/\/atecordoba.org\/index.php?rest_route=\/wp\/v2\/users\/7"}],"replies":[{"embeddable":true,"href":"https:\/\/atecordoba.org\/index.php?rest_route=%2Fwp%2Fv2%2Fcomments&post=30083"}],"version-history":[{"count":2,"href":"https:\/\/atecordoba.org\/index.php?rest_route=\/wp\/v2\/posts\/30083\/revisions"}],"predecessor-version":[{"id":30087,"href":"https:\/\/atecordoba.org\/index.php?rest_route=\/wp\/v2\/posts\/30083\/revisions\/30087"}],"wp:featuredmedia":[{"embeddable":true,"href":"https:\/\/atecordoba.org\/index.php?rest_route=\/wp\/v2\/media\/30084"}],"wp:attachment":[{"href":"https:\/\/atecordoba.org\/index.php?rest_route=%2Fwp%2Fv2%2Fmedia&parent=30083"}],"wp:term":[{"taxonomy":"category","embeddable":true,"href":"https:\/\/atecordoba.org\/index.php?rest_route=%2Fwp%2Fv2%2Fcategories&post=30083"},{"taxonomy":"post_tag","embeddable":true,"href":"https:\/\/atecordoba.org\/index.php?rest_route=%2Fwp%2Fv2%2Ftags&post=30083"}],"curies":[{"name":"wp","href":"https:\/\/api.w.org\/{rel}","templated":true}]}}