{"id":30071,"date":"2022-02-14T11:58:48","date_gmt":"2022-02-14T14:58:48","guid":{"rendered":"https:\/\/atecordoba.org\/?p=30071"},"modified":"2022-02-14T14:36:34","modified_gmt":"2022-02-14T17:36:34","slug":"ate-educacion-junto-a-la-protesta-contra-a-la-construccion-de-la-autovia-punilla","status":"publish","type":"post","link":"https:\/\/atecordoba.org\/?p=30071","title":{"rendered":"ATE Educaci\u00f3n, junto a la protesta contra la construcci\u00f3n de la Autov\u00eda Punilla"},"content":{"rendered":"\n<div class=\"wp-block-image\"><figure class=\"alignright size-large\"><img loading=\"lazy\" decoding=\"async\" width=\"399\" height=\"232\" src=\"https:\/\/atecordoba.org\/wp-content\/uploads\/2022\/02\/educacion-contra-la-autovia.jpg\" alt=\"\" class=\"wp-image-30074\" srcset=\"https:\/\/atecordoba.org\/wp-content\/uploads\/2022\/02\/educacion-contra-la-autovia.jpg 399w, https:\/\/atecordoba.org\/wp-content\/uploads\/2022\/02\/educacion-contra-la-autovia-300x174.jpg 300w\" sizes=\"auto, (max-width: 399px) 100vw, 399px\" \/><\/figure><\/div>\n\n\n\n<p>En una protesta realizada el pasado viernes 11 de febrero, ATE Educaci\u00f3n acompa\u00f1\u00f3 a las organizaciones que se movilizaron a la localidad de Malag\u00fce\u00f1o, frente al ingreso de la firma Caminos de Las Sierras, para repudiar el inicio de la obra vial que construir\u00e1 una autov\u00eda a trav\u00e9s del Valle de Punilla. <\/p>\n\n\n\n<p>&#8220;Nos hicimos presentes en apoyo a la manifestaci\u00f3n que desarrollaron los habitantes de los valles de C\u00f3rdoba, pobladores que sufren el atropello del Gobierno Provincial. Esta es una obra sin licencia social y de manera ilegal Schiaretti pretende seguir construyendo proyectos fara\u00f3nicos con la plata del pueblo trabajador en beneficio de sus empresarios amigos&#8221;, denunciaron desde el espacio.<\/p>\n\n\n\n<p>Ingresar <a href=\"https:\/\/fb.watch\/ba8EL34Rc4\/\">aqu\u00ed para ver <\/a>los testimonios de la protesta.<\/p>\n","protected":false},"excerpt":{"rendered":"<p>En una protesta realizada el pasado viernes 11 de febrero, ATE Educaci\u00f3n acompa\u00f1\u00f3 a las organizaciones que se movilizaron a la localidad de Malag\u00fce\u00f1o, frente al ingreso de la firma Caminos de Las Sierras, para repudiar el inicio de la obra vial que construir\u00e1 una autov\u00eda a trav\u00e9s del Valle de Punilla. &#8220;Nos hicimos presentes [&hellip;]<\/p>\n","protected":false},"author":7,"featured_media":30074,"comment_status":"open","ping_status":"open","sticky":false,"template":"","format":"standard","meta":{"_exactmetrics_skip_tracking":false,"_exactmetrics_sitenote_active":false,"_exactmetrics_sitenote_note":"","_exactmetrics_sitenote_category":0,"jnews-multi-image_gallery":[],"jnews_single_post":{"subtitle":"Las comunidades del valle serrano se encuentran en pie de lucha rechazando la obra vial.","format":"standard","video":"","gallery":"","source_name":"","source_url":"","via_name":"","via_url":"","override":[{"template":"1","single_blog_custom":"","parallax":"1","fullscreen":"1","layout":"right-sidebar","sidebar":"default-sidebar","second_sidebar":"default-sidebar","sticky_sidebar":"1","share_position":"top","share_float_style":"share-monocrhome","show_share_counter":"1","show_view_counter":"1","show_featured":"1","show_post_meta":"1","show_post_author":"1","show_post_author_image":"1","show_post_date":"1","post_date_format":"default","post_date_format_custom":"Y\/m\/d","show_post_category":"1","post_reading_time_wpm":"300","zoom_button_out_step":"2","zoom_button_in_step":"3","show_post_tag":"1","show_prev_next_post":"1","show_popup_post":"1","number_popup_post":"1"}],"image_override":[{"single_post_thumbnail_size":"crop-500","single_post_gallery_size":"crop-500"}],"trending_post_position":"meta","trending_post_label":"Trending","sponsored_post_label":"Sponsored by","sponsored_post_name":"","sponsored_post_url":"","sponsored_post_logo":"","sponsored_post_desc":""},"jnews_primary_category":{"id":""},"jnews_social_meta":[],"jnews_review":[],"enable_review":"","type":"","name":"","summary":"","brand":"","sku":"","good":[],"bad":[],"score_override":"","override_value":"","rating":[],"price":[],"jnews_override_counter":[],"jnews_post_split":[],"footnotes":""},"categories":[564,1],"tags":[1014],"class_list":["post-30071","post","type-post","status-publish","format-standard","has-post-thumbnail","hentry","category-educacion","category-sin-categoria","tag-protesta-contra-la-autovia-punilla"],"jetpack_featured_media_url":"https:\/\/atecordoba.org\/wp-content\/uploads\/2022\/02\/educacion-contra-la-autovia.jpg","_links":{"self":[{"href":"https:\/\/atecordoba.org\/index.php?rest_route=\/wp\/v2\/posts\/30071","targetHints":{"allow":["GET"]}}],"collection":[{"href":"https:\/\/atecordoba.org\/index.php?rest_route=\/wp\/v2\/posts"}],"about":[{"href":"https:\/\/atecordoba.org\/index.php?rest_route=\/wp\/v2\/types\/post"}],"author":[{"embeddable":true,"href":"https:\/\/atecordoba.org\/index.php?rest_route=\/wp\/v2\/users\/7"}],"replies":[{"embeddable":true,"href":"https:\/\/atecordoba.org\/index.php?rest_route=%2Fwp%2Fv2%2Fcomments&post=30071"}],"version-history":[{"count":6,"href":"https:\/\/atecordoba.org\/index.php?rest_route=\/wp\/v2\/posts\/30071\/revisions"}],"predecessor-version":[{"id":30082,"href":"https:\/\/atecordoba.org\/index.php?rest_route=\/wp\/v2\/posts\/30071\/revisions\/30082"}],"wp:featuredmedia":[{"embeddable":true,"href":"https:\/\/atecordoba.org\/index.php?rest_route=\/wp\/v2\/media\/30074"}],"wp:attachment":[{"href":"https:\/\/atecordoba.org\/index.php?rest_route=%2Fwp%2Fv2%2Fmedia&parent=30071"}],"wp:term":[{"taxonomy":"category","embeddable":true,"href":"https:\/\/atecordoba.org\/index.php?rest_route=%2Fwp%2Fv2%2Fcategories&post=30071"},{"taxonomy":"post_tag","embeddable":true,"href":"https:\/\/atecordoba.org\/index.php?rest_route=%2Fwp%2Fv2%2Ftags&post=30071"}],"curies":[{"name":"wp","href":"https:\/\/api.w.org\/{rel}","templated":true}]}}